{"id":1318,"date":"2024-04-06T16:38:06","date_gmt":"2024-04-06T13:38:06","guid":{"rendered":"https:\/\/haberv8.thewpdemo.com\/sam-konsoloslugu-saldirisinin-sorumlusu-abddir\/-1318.html"},"modified":"2024-04-06T16:38:06","modified_gmt":"2024-04-06T13:38:06","slug":"sam-konsoloslugu-saldirisinin-sorumlusu-abddir","status":"publish","type":"post","link":"https:\/\/avukatimtv.com\/index.php\/2024\/04\/06\/sam-konsoloslugu-saldirisinin-sorumlusu-abddir\/","title":{"rendered":"\u015eam Konsoloslu\u011fu sald\u0131r\u0131s\u0131n\u0131n sorumlusu ABD&#8217;dir"},"content":{"rendered":"<\/p>\n<p>\n                <span>AA <\/span>\n            <\/p>\n<p class=\"text\">Tahran y\u00f6netimi, \u015eam Konsoloslu\u011fu&#8217;na \u0130srail sald\u0131r\u0131s\u0131ndan ABD&#8217;yi sorumlu tuttu.<\/p>\n<p class=\"text\">\u0130ran Genelkurmay Ba\u015fkan\u0131 Muhammed Bak\u0131ri, sald\u0131r\u0131n\u0131n as\u0131l sorumlusunun Washington oldu\u011funu s\u00f6yledi.<\/p>\n<p class=\"text\">Tesnim Haber Ajans\u0131&#8217;na g\u00f6re Bak\u0131ri, \u0130srail&#8217;in Suriye&#8217;ye sald\u0131r\u0131s\u0131nda \u00f6len Devrim Muhaf\u0131zlar\u0131 Ordusuna ba\u011fl\u0131 Kud\u00fcs G\u00fcc\u00fc Komutan\u0131 Tu\u011fgeneral Muhammed R\u0131za Zahidi&#8217;nin \u0130sfahan&#8217;da d\u00fczenlenen cenaze t\u00f6reninde konu\u015ftu.<\/p>\n<p><strong>&#8220;\u0130srail&#8217;in sonunu h\u0131zland\u0131r\u0131yor&#8221;<\/strong><\/p>\n<p class=\"text\">\u015eam&#8217;a y\u00f6nelik sald\u0131r\u0131da Zahidi ve beraberindeki \u0130ranl\u0131 askerlerin \u00f6ld\u00fcr\u00fclmesinin \u0130srail&#8217;in sonunu h\u0131zland\u0131rd\u0131\u011f\u0131n\u0131 savunan Bak\u0131ri, \u0130srail sald\u0131r\u0131s\u0131n\u0131n cevaps\u0131z kalmayaca\u011f\u0131n\u0131 s\u00f6yledi.<\/p>\n<p><strong>&#8220;As\u0131l sorumlusu ABD&#8217;dir&#8221;<\/strong><\/p>\n<p class=\"text\">\u0130ran Genelkurmay Ba\u015fkan\u0131, &#8220;\u015eam sald\u0131r\u0131s\u0131n\u0131n as\u0131l sorumlusu ABD&#8217;dir ve hesap vermelidir.&#8221; ifadelerini kulland\u0131.<\/p>\n<p class=\"text\">\u0130srail, \u0130ran&#8217;\u0131n \u015eam&#8217;daki b\u00fcy\u00fckel\u00e7ilik yerle\u015fkesinde yer alan konsolosluk binas\u0131na 1 Nisan&#8217;da hava sald\u0131r\u0131s\u0131 d\u00fczenlemi\u015fti.<\/p>\n<p><strong>Sald\u0131r\u0131n\u0131n bilan\u00e7osu<\/strong><\/p>\n<p class=\"text\">Sald\u0131r\u0131da, \u0130ran Devrim Muhaf\u0131zlar\u0131 Ordusu&#8217;ndan 2&#8217;si general r\u00fctbesinde 7 ki\u015fi \u00f6lm\u00fc\u015ft\u00fc. Ayr\u0131ca sald\u0131r\u0131da, 6 Suriye vatanda\u015f\u0131n\u0131n da hayat\u0131n\u0131 kaybetti\u011fi bildirilmi\u015fti.<\/p>\n<p>                            Haber Kayna\u011f\u0131: Anadolu Ajans\u0131 (AA)<\/p>\n","protected":false},"excerpt":{"rendered":"<p>AA Tahran y\u00f6netimi, \u015eam Konsoloslu\u011fu&#8217;na \u0130srail sald\u0131r\u0131s\u0131ndan ABD&#8217;yi sorumlu tuttu. \u0130ran Genelkurmay Ba\u015fkan\u0131 Muhammed Bak\u0131ri, sald\u0131r\u0131n\u0131n as\u0131l sorumlusunun Washington oldu\u011funu s\u00f6yledi. Tesnim Haber Ajans\u0131&#8217;na g\u00f6re Bak\u0131ri, \u0130srail&#8217;in Suriye&#8217;ye sald\u0131r\u0131s\u0131nda \u00f6len Devrim Muhaf\u0131zlar\u0131 Ordusuna ba\u011fl\u0131 Kud\u00fcs G\u00fcc\u00fc Komutan\u0131 Tu\u011fgeneral Muhammed R\u0131za Zahidi&#8217;nin \u0130sfahan&#8217;da d\u00fczenlenen cenaze t\u00f6reninde konu\u015ftu. &#8220;\u0130srail&#8217;in sonunu h\u0131zland\u0131r\u0131yor&#8221; \u015eam&#8217;a y\u00f6nelik sald\u0131r\u0131da Zahidi ve beraberindeki [&hellip;]<\/p>\n","protected":false},"author":1,"featured_media":1320,"comment_status":"open","ping_status":"closed","sticky":false,"template":"","format":"standard","meta":{"footnotes":""},"categories":[3],"tags":[22],"class_list":["post-1318","post","type-post","status-publish","format-standard","has-post-thumbnail","hentry","category-dunya","tag-dunya"],"_links":{"self":[{"href":"https:\/\/avukatimtv.com\/index.php\/wp-json\/wp\/v2\/posts\/1318","targetHints":{"allow":["GET"]}}],"collection":[{"href":"https:\/\/avukatimtv.com\/index.php\/wp-json\/wp\/v2\/posts"}],"about":[{"href":"https:\/\/avukatimtv.com\/index.php\/wp-json\/wp\/v2\/types\/post"}],"author":[{"embeddable":true,"href":"https:\/\/avukatimtv.com\/index.php\/wp-json\/wp\/v2\/users\/1"}],"replies":[{"embeddable":true,"href":"https:\/\/avukatimtv.com\/index.php\/wp-json\/wp\/v2\/comments?post=1318"}],"version-history":[{"count":0,"href":"https:\/\/avukatimtv.com\/index.php\/wp-json\/wp\/v2\/posts\/1318\/revisions"}],"wp:featuredmedia":[{"embeddable":true,"href":"https:\/\/avukatimtv.com\/index.php\/wp-json\/wp\/v2\/media\/1320"}],"wp:attachment":[{"href":"https:\/\/avukatimtv.com\/index.php\/wp-json\/wp\/v2\/media?parent=1318"}],"wp:term":[{"taxonomy":"category","embeddable":true,"href":"https:\/\/avukatimtv.com\/index.php\/wp-json\/wp\/v2\/categories?post=1318"},{"taxonomy":"post_tag","embeddable":true,"href":"https:\/\/avukatimtv.com\/index.php\/wp-json\/wp\/v2\/tags?post=1318"}],"curies":[{"name":"wp","href":"https:\/\/api.w.org\/{rel}","templated":true}]}}