{"id":1321,"date":"2024-04-06T16:38:09","date_gmt":"2024-04-06T13:38:09","guid":{"rendered":"https:\/\/haberv8.thewpdemo.com\/abden-ermenistana-270-milyon-avroluk-hibe-hazirligi\/-1321.html"},"modified":"2024-04-06T16:38:09","modified_gmt":"2024-04-06T13:38:09","slug":"abden-ermenistana-270-milyon-avroluk-hibe-hazirligi","status":"publish","type":"post","link":"https:\/\/avukatimtv.com\/index.php\/2024\/04\/06\/abden-ermenistana-270-milyon-avroluk-hibe-hazirligi\/","title":{"rendered":"AB&#8217;den Ermenistan&#8217;a 270 milyon avroluk hibe haz\u0131rl\u0131\u011f\u0131"},"content":{"rendered":"<\/p>\n<p>\n                <span>AA <\/span>\n            <\/p>\n<p class=\"text\">AB Komisyonu Ba\u015fkan\u0131 Ursula von der Leyen, AB-ABD-Ermenistan \u00fc\u00e7l\u00fc \u00fcst d\u00fczey toplant\u0131s\u0131 \u00f6ncesinde bas\u0131na a\u00e7\u0131klamalarda bulundu.<\/p>\n<p class=\"text\">Toplant\u0131ya ev sahipli\u011fi yapmaktan memnuniyet duydu\u011funu belirten von der Leyen, &#8220;Ekim ay\u0131nda verdi\u011fimiz Ermenistan&#8217;la omuz omuza olma ve ortakl\u0131\u011f\u0131m\u0131z\u0131n gelece\u011fine dair vizyon belirleme s\u00f6z\u00fcm\u00fcz\u00fc yerine getiriyoruz.&#8221; diye konu\u015ftu.<\/p>\n<p><strong>4 y\u0131lda 270 milyon avro hibe<\/strong><\/p>\n<p class=\"text\">Von der Leyen, Ermenistan&#8217;\u0131n gelecek 4 y\u0131l boyunca 270 milyon avro hibe i\u00e7eren Dayan\u0131kl\u0131l\u0131k ve B\u00fcy\u00fcme Plan\u0131 ile desteklenece\u011fini s\u00f6yledi.<\/p>\n<p class=\"text\">Ermenistan ekonomisini ve toplumunu daha diren\u00e7li ve \u015foklara dayan\u0131kl\u0131 hale getirmek i\u00e7in AB&#8217;nin \u00fclkeye \u00f6nemli yat\u0131r\u0131m yapaca\u011f\u0131na i\u015faret eden von der Leyen, \u00f6zellikle Ermenistan&#8217;daki i\u015fletmelere b\u00fcy\u00fcmeleri, yenilik yapmalar\u0131 ve yeni pazarlara eri\u015fimleri i\u00e7in destek vereceklerini vurgulad\u0131.<\/p>\n<p class=\"text\">Von der Leyen, Karadeniz elektrik hatt\u0131 gibi Ermenistan&#8217;da \u00f6nemli altyap\u0131 projelerine yat\u0131r\u0131m yapacaklar\u0131n\u0131, yenilenebilir enerji \u00fcretimine ve G\u00fcrcistan ile daha iyi ara ba\u011flant\u0131lara yat\u0131r\u0131m yapmaya da devam edeceklerini kaydetti.<\/p>\n<p><strong>&#8220;Yeni tedbirlerle geliyoruz&#8221;<\/strong><\/p>\n<p class=\"text\">&#8220;Ko\u015fullar izin verdi\u011fi takdirde s\u0131n\u0131r \u00f6tesi ta\u015f\u0131mac\u0131l\u0131\u011f\u0131 da ara\u015ft\u0131raca\u011f\u0131z.&#8221; diyen von der Leyen, &#8220;Bug\u00fcn havac\u0131l\u0131k, n\u00fckleer g\u00fcvenlik ve ticaretin \u00e7e\u015fitlendirilmesine y\u00f6nelik yeni tedbirlerle geliyoruz.&#8221; yorumunu yapt\u0131.<\/p>\n<p class=\"text\">Von der Leyen, yak\u0131n zamanda bir Yat\u0131r\u0131m Koordinasyon Platformu ba\u015flatt\u0131klar\u0131n\u0131 an\u0131msatarak, birlikte yeni projeler belirleyeceklerini, s\u00fcre\u00e7leri h\u0131zland\u0131racaklar\u0131n\u0131 ve yat\u0131r\u0131mlar\u0131n potansiyelini en \u00fcst d\u00fczeye \u00e7\u0131karacaklar\u0131n\u0131 ifade etti.<\/p>\n<p class=\"text\">AB&#8217;nin teknik destek ve finansman yoluyla Ermenistan&#8217;daki reformlar\u0131 desteklemeye devam edece\u011fine i\u015faret eden von der Leyen, Ermenistan&#8217;\u0131n Rusya&#8217;ya y\u00f6nelik yapt\u0131r\u0131mlar\u0131n delinmesine kar\u015f\u0131 ald\u0131\u011f\u0131 tedbirleri de memnuniyetle kar\u015f\u0131lad\u0131\u011f\u0131n\u0131 belirtti.<\/p>\n<p>        Haber Kayna\u011f\u0131: Anadolu Ajans\u0131 (AA)<\/p>\n","protected":false},"excerpt":{"rendered":"<p>AA AB Komisyonu Ba\u015fkan\u0131 Ursula von der Leyen, AB-ABD-Ermenistan \u00fc\u00e7l\u00fc \u00fcst d\u00fczey toplant\u0131s\u0131 \u00f6ncesinde bas\u0131na a\u00e7\u0131klamalarda bulundu. Toplant\u0131ya ev sahipli\u011fi yapmaktan memnuniyet duydu\u011funu belirten von der Leyen, &#8220;Ekim ay\u0131nda verdi\u011fimiz Ermenistan&#8217;la omuz omuza olma ve ortakl\u0131\u011f\u0131m\u0131z\u0131n gelece\u011fine dair vizyon belirleme s\u00f6z\u00fcm\u00fcz\u00fc yerine getiriyoruz.&#8221; diye konu\u015ftu. 4 y\u0131lda 270 milyon avro hibe Von der Leyen, Ermenistan&#8217;\u0131n [&hellip;]<\/p>\n","protected":false},"author":1,"featured_media":1323,"comment_status":"open","ping_status":"closed","sticky":false,"template":"","format":"standard","meta":{"footnotes":""},"categories":[3],"tags":[22],"class_list":["post-1321","post","type-post","status-publish","format-standard","has-post-thumbnail","hentry","category-dunya","tag-dunya"],"_links":{"self":[{"href":"https:\/\/avukatimtv.com\/index.php\/wp-json\/wp\/v2\/posts\/1321","targetHints":{"allow":["GET"]}}],"collection":[{"href":"https:\/\/avukatimtv.com\/index.php\/wp-json\/wp\/v2\/posts"}],"about":[{"href":"https:\/\/avukatimtv.com\/index.php\/wp-json\/wp\/v2\/types\/post"}],"author":[{"embeddable":true,"href":"https:\/\/avukatimtv.com\/index.php\/wp-json\/wp\/v2\/users\/1"}],"replies":[{"embeddable":true,"href":"https:\/\/avukatimtv.com\/index.php\/wp-json\/wp\/v2\/comments?post=1321"}],"version-history":[{"count":0,"href":"https:\/\/avukatimtv.com\/index.php\/wp-json\/wp\/v2\/posts\/1321\/revisions"}],"wp:featuredmedia":[{"embeddable":true,"href":"https:\/\/avukatimtv.com\/index.php\/wp-json\/wp\/v2\/media\/1323"}],"wp:attachment":[{"href":"https:\/\/avukatimtv.com\/index.php\/wp-json\/wp\/v2\/media?parent=1321"}],"wp:term":[{"taxonomy":"category","embeddable":true,"href":"https:\/\/avukatimtv.com\/index.php\/wp-json\/wp\/v2\/categories?post=1321"},{"taxonomy":"post_tag","embeddable":true,"href":"https:\/\/avukatimtv.com\/index.php\/wp-json\/wp\/v2\/tags?post=1321"}],"curies":[{"name":"wp","href":"https:\/\/api.w.org\/{rel}","templated":true}]}}