{"id":1324,"date":"2024-04-06T16:38:13","date_gmt":"2024-04-06T13:38:13","guid":{"rendered":"https:\/\/haberv8.thewpdemo.com\/italyanin-venedik-kentine-ucretli-giris-uygulamasi-25-nisanda-basliyor\/-1324.html"},"modified":"2024-04-06T16:38:13","modified_gmt":"2024-04-06T13:38:13","slug":"italyanin-venedik-kentine-ucretli-giris-uygulamasi-25-nisanda-basliyor","status":"publish","type":"post","link":"https:\/\/avukatimtv.com\/index.php\/2024\/04\/06\/italyanin-venedik-kentine-ucretli-giris-uygulamasi-25-nisanda-basliyor\/","title":{"rendered":"\u0130talya&#8217;n\u0131n Venedik kentine \u00fccretli giri\u015f uygulamas\u0131 25 Nisan&#8217;da ba\u015fl\u0131yor"},"content":{"rendered":"<\/p>\n<p>\n                <span>AA &#038; Ensonhaber <\/span>\n            <\/p>\n<p class=\"text\">\u0130talya&#8217;n\u0131n kanallar\u0131yla \u00fcnl\u00fc kenti Venedik&#8217;in Belediye Ba\u015fkan\u0131 Luigi Brugnaro, Venedik Belediye Meclisi&#8217;nin Eyl\u00fcl 2023&#8217;te ald\u0131\u011f\u0131 karar do\u011frultusunda bu ay i\u00e7inde \u015fehre g\u00fcn\u00fcbirlik ziyarete gelen turistlerden giri\u015f \u00fccreti al\u0131nmas\u0131na y\u00f6nelik uygulaman\u0131n denemesine ba\u015flayacaklar\u0131n\u0131 a\u00e7\u0131klad\u0131.<\/p>\n<p class=\"text\">Brugnaro, Roma&#8217;daki Yabanc\u0131 Bas\u0131n Derne\u011fi&#8217;nde yapt\u0131\u011f\u0131 tan\u0131t\u0131mda uygulaman\u0131n a\u015f\u0131r\u0131 turist yo\u011funlu\u011funa kar\u015f\u0131 deneysel ve cayd\u0131r\u0131c\u0131 bir fikir oldu\u011funu ancak \u015fehrin kapat\u0131lmas\u0131 anlam\u0131na gelmedi\u011fini belirtti.<\/p>\n<p class=\"text\">&#8220;D\u00fcnyan\u0131n \u00f6nemli tarihi merkezlerini koruma g\u00f6revimiz var&#8221; diyen Brugnaro, uygulaman\u0131n 25 Nisan&#8217;da 08.30-16.00 saatlerinde ilk kez devreye al\u0131naca\u011f\u0131n\u0131 ifade etti.<\/p>\n<p class=\"text\">Uygulaman\u0131n amac\u0131n\u0131n para kazanmak olmad\u0131\u011f\u0131n\u0131 savunan Brugnaro, &#8220;Bunun amac\u0131, \u015fehri korumak&#8221; derken uygulaman\u0131n kontrol\u00fcne y\u00f6nelik kentte turnike olmayaca\u011f\u0131n\u0131 ancak baz\u0131 noktalarda kontrollerin yap\u0131laca\u011f\u0131n\u0131 anlatt\u0131.<\/p>\n<p><strong>Ki\u015fi ba\u015f\u0131 5 euro<\/strong><\/p>\n<p class=\"text\">Toplant\u0131n\u0131n ard\u0131ndan a\u00e7\u0131klamalarda bulunan Brugnaro, uygulamalar\u0131n\u0131n Venedik&#8217;te serbest dola\u015f\u0131m\u0131 ve seyahat \u00f6zg\u00fcrl\u00fc\u011f\u00fcn\u00fc s\u0131n\u0131rlamayaca\u011f\u0131n\u0131 dile getirerek, &#8220;Venedik&#8217;e giri\u015flerde herhangi bir k\u0131s\u0131tlama yoktur. Belediyenin internet sitesinde yer alan ve m\u00fcmk\u00fcnse daha az g\u00fcnl\u00fck misafir a\u011f\u0131rlamaya \u00e7al\u0131\u015ft\u0131\u011f\u0131m\u0131z g\u00fcnler olarak belirtilen g\u00fcnler haricinde herhangi bir s\u0131n\u0131rlama yoktur&#8221; ifadelerini kulland\u0131.<\/p>\n<p><img decoding=\"async\" src=\"https:\/\/haberv8.thewpdemo.com\/wp-content\/uploads\/2024\/04\/italyanin-venedik-kentine-ucretli-giris-uygulamasi-25-nisanda-basliyor-0.jpg\" \/><\/p>\n<p class=\"text\">G\u00fcn\u00fcbirlik gelenlerin bir \u00fccret \u00f6deyece\u011finin alt\u0131n\u0131 \u00e7izen Brugnaro, &#8220;Venedik&#8217;e g\u00fcnl\u00fck gelenler, konaklamayanlar, yani sabah gelip ak\u015fam gidenler bir katk\u0131 pay\u0131 \u00f6demek durumundalar. Ki\u015fi ba\u015f\u0131 katk\u0131 pay\u0131 \u00fccreti bu y\u0131l 5 eurodur. 14 ya\u015f\u0131na kadar olan \u00e7ocuklar bundan muaft\u0131r. Ayr\u0131ca Venedik veya Mestre&#8217;de, yani Venedik Belediyesi s\u0131n\u0131rlar\u0131 dahilinde otellerde konaklayanlar da hi\u00e7bir \u00fccret \u00f6demeyecek&#8221; diye konu\u015ftu.<\/p>\n<p class=\"text\">Brugnaro, uygulaman\u0131n ilk a\u015famada bahar aylar\u0131nda ba\u015flay\u0131p temmuzun ikinci haftas\u0131na kadar denenece\u011fini belirterek, &#8220;Bu d\u00f6nemi deneme olarak belirledik. Bunlar hen\u00fcz plajlar\u0131n dolmaya ba\u015flamad\u0131\u011f\u0131 bahar g\u00fcnleridir. Pek \u00e7ok insan hafta sonu plaj yerine Venedik yak\u0131n\u0131ndaysa \u015fehre u\u011framak isteyebilir. O g\u00fcnlerde gelmeye karar verirlerse rezervasyon yapt\u0131r\u0131p, 5 euroluk katk\u0131 pay\u0131 \u00f6deyerek eri\u015fim sa\u011flamalar\u0131 m\u00fcmk\u00fcnd\u00fcr&#8221; dedi.<\/p>\n<p><strong>&#8220;T\u00fcrk misafirler ho\u015f kar\u015f\u0131lad\u0131\u011f\u0131m\u0131z misafirlerimizdir&#8221;<\/strong><\/p>\n<p class=\"text\">Brugnaro, T\u00fcrkiye ve d\u00fcnyadan pek \u00e7ok kentle ileti\u015fim halinde olduklar\u0131n\u0131, kendilerine hem giri\u015f \u00fccreti uygulamalar\u0131n\u0131n hem de tarihi eserlerin, an\u0131tlar\u0131n nas\u0131l korunaca\u011f\u0131na dair sorular soruldu\u011funu aktard\u0131.<\/p>\n<p class=\"text\">Venedik&#8217;te T\u00fcrkiye&#8217;den eserler oldu\u011funu bildiren Brugnaro, &#8220;Bunu hepimiz biliyoruz. Dolay\u0131s\u0131yla T\u00fcrk misafirler ho\u015f kar\u015f\u0131lad\u0131\u011f\u0131m\u0131z misafirlerimizdir. Bizim herkesten istedi\u011fimiz tek \u015fey, insanlar\u0131n sayg\u0131s\u0131d\u0131r&#8221; yorumunu yapt\u0131.<\/p>\n<p class=\"text\">Venedik Belediyesi Turizmden Sorumlu Belediye Meclis \u00dcyesi Simone Venturini de giri\u015f \u00fccreti uygulanacak belirli 29 g\u00fcn i\u00e7in 16 Ocak&#8217;ta devreye al\u0131nan \u00e7evrim i\u00e7i portal \u00fczerinden \u015fu ana dek 151 bin 157 rezervasyon ald\u0131klar\u0131n\u0131, giri\u015f \u00fccreti \u00f6deyenlerin say\u0131s\u0131n\u0131n da 15 bine yakla\u015ft\u0131\u011f\u0131 bilgisini payla\u015ft\u0131.<\/p>\n<p><img decoding=\"async\" src=\"https:\/\/haberv8.thewpdemo.com\/wp-content\/uploads\/2024\/04\/italyanin-venedik-kentine-ucretli-giris-uygulamasi-25-nisanda-basliyor-1.jpg\" \/><\/p>\n<p><strong>Venedik&#8217;e giri\u015f \u00fccreti uygulamas\u0131<\/strong><\/p>\n<p class=\"text\">Venedik Belediye Meclisi&#8217;nin kentteki turist yo\u011funlu\u011funu kontrol alt\u0131na almak maksad\u0131yla Eyl\u00fcl 2023&#8217;te kabul etti\u011fi Venedik&#8217;e giri\u015f \u00fccreti uygulamas\u0131 bu y\u0131l ilk a\u015famada yo\u011funluk olu\u015fmas\u0131 beklenen baz\u0131 tatil g\u00fcnlerini de kapsayan 29 g\u00fcnde denenecek.<\/p>\n<p class=\"text\">Venedik&#8217;e g\u00fcn\u00fcbirlik ziyaretleri belirlenen 29 g\u00fcne denk gelen turistler olu\u015fturulan siteden rezervasyon yaparak giri\u015f \u00fccretlerini \u00f6deyebilecek.<\/p>\n<p class=\"text\">5 euroluk giri\u015f \u00fccretini \u00f6deyen ziyaret\u00e7ilerin ak\u0131ll\u0131 telefonuna ge\u00e7i\u015f belgesi \u00f6zelli\u011finde bir karekod g\u00f6nderilecek ve \u015fehirde rastgele yap\u0131lacak kontrollerde bu karekodun g\u00f6sterilmesi gerekecek.<\/p>\n<p class=\"text\">Giri\u015f \u00fccretini \u00f6demeyenler yerel yetkililerin kontrollerinde tespit edilmeleri halinde giri\u015f \u00fccretine ek olarak 50 euroluk idari para cezas\u0131na \u00e7arpt\u0131r\u0131lacak.<\/p>\n<p class=\"text\">Venedik Belediyesi s\u0131n\u0131rlar\u0131 i\u00e7erisindeki tesislerde konaklayanlar, Venedik&#8217;in i\u00e7inde bulundu\u011fu Veneto b\u00f6lgesinde ikamet edenler, 14 ya\u015f alt\u0131 \u00e7ocuklar, bak\u0131ma muhta\u00e7 olanlar, spor m\u00fcsabakalar\u0131na kat\u0131lanlar, seyahate \u00e7\u0131kan lise \u00f6\u011frencileri, g\u00fcvenlik g\u00fc\u00e7leri ve itfaiye ekipleri giri\u015f \u00fccreti \u00f6demekten muaf tutulacak.<\/p>\n<p class=\"text\">Kanallar\u0131n \u00fcst\u00fcne kurulu yap\u0131s\u0131 ve tarihi dokusuyla Venedik, her y\u0131l milyonlarca turisti a\u011f\u0131rl\u0131yor.<\/p>\n","protected":false},"excerpt":{"rendered":"<p>AA &#038; Ensonhaber \u0130talya&#8217;n\u0131n kanallar\u0131yla \u00fcnl\u00fc kenti Venedik&#8217;in Belediye Ba\u015fkan\u0131 Luigi Brugnaro, Venedik Belediye Meclisi&#8217;nin Eyl\u00fcl 2023&#8217;te ald\u0131\u011f\u0131 karar do\u011frultusunda bu ay i\u00e7inde \u015fehre g\u00fcn\u00fcbirlik ziyarete gelen turistlerden giri\u015f \u00fccreti al\u0131nmas\u0131na y\u00f6nelik uygulaman\u0131n denemesine ba\u015flayacaklar\u0131n\u0131 a\u00e7\u0131klad\u0131. Brugnaro, Roma&#8217;daki Yabanc\u0131 Bas\u0131n Derne\u011fi&#8217;nde yapt\u0131\u011f\u0131 tan\u0131t\u0131mda uygulaman\u0131n a\u015f\u0131r\u0131 turist yo\u011funlu\u011funa kar\u015f\u0131 deneysel ve cayd\u0131r\u0131c\u0131 bir fikir oldu\u011funu ancak [&hellip;]<\/p>\n","protected":false},"author":1,"featured_media":1326,"comment_status":"open","ping_status":"closed","sticky":false,"template":"","format":"standard","meta":{"footnotes":""},"categories":[3],"tags":[22],"class_list":["post-1324","post","type-post","status-publish","format-standard","has-post-thumbnail","hentry","category-dunya","tag-dunya"],"_links":{"self":[{"href":"https:\/\/avukatimtv.com\/index.php\/wp-json\/wp\/v2\/posts\/1324","targetHints":{"allow":["GET"]}}],"collection":[{"href":"https:\/\/avukatimtv.com\/index.php\/wp-json\/wp\/v2\/posts"}],"about":[{"href":"https:\/\/avukatimtv.com\/index.php\/wp-json\/wp\/v2\/types\/post"}],"author":[{"embeddable":true,"href":"https:\/\/avukatimtv.com\/index.php\/wp-json\/wp\/v2\/users\/1"}],"replies":[{"embeddable":true,"href":"https:\/\/avukatimtv.com\/index.php\/wp-json\/wp\/v2\/comments?post=1324"}],"version-history":[{"count":0,"href":"https:\/\/avukatimtv.com\/index.php\/wp-json\/wp\/v2\/posts\/1324\/revisions"}],"wp:featuredmedia":[{"embeddable":true,"href":"https:\/\/avukatimtv.com\/index.php\/wp-json\/wp\/v2\/media\/1326"}],"wp:attachment":[{"href":"https:\/\/avukatimtv.com\/index.php\/wp-json\/wp\/v2\/media?parent=1324"}],"wp:term":[{"taxonomy":"category","embeddable":true,"href":"https:\/\/avukatimtv.com\/index.php\/wp-json\/wp\/v2\/categories?post=1324"},{"taxonomy":"post_tag","embeddable":true,"href":"https:\/\/avukatimtv.com\/index.php\/wp-json\/wp\/v2\/tags?post=1324"}],"curies":[{"name":"wp","href":"https:\/\/api.w.org\/{rel}","templated":true}]}}