{"id":1327,"date":"2024-04-06T16:38:17","date_gmt":"2024-04-06T13:38:17","guid":{"rendered":"https:\/\/haberv8.thewpdemo.com\/iranda-teror-saldirisi-11-olu\/-1327.html"},"modified":"2024-04-06T16:38:17","modified_gmt":"2024-04-06T13:38:17","slug":"iranda-teror-saldirisi-11-olu","status":"publish","type":"post","link":"https:\/\/avukatimtv.com\/index.php\/2024\/04\/06\/iranda-teror-saldirisi-11-olu\/","title":{"rendered":"\u0130ran&#8217;da ter\u00f6r sald\u0131r\u0131s\u0131: 11 \u00f6l\u00fc"},"content":{"rendered":"<\/p>\n<p>\n                <span>\u0130HA <\/span>\n            <\/p>\n<p class=\"text\">\u0130ran\u2019da g\u00fcvenlik g\u00fc\u00e7lerine y\u00f6nelik sald\u0131r\u0131lar s\u00fcr\u00fcyor&#8230;<\/p>\n<p class=\"text\">\u00dclkenin g\u00fcneydo\u011fusundaki Sistan ve Belucistan eyaletine ba\u011fl\u0131 Rask kentindeki Devrim Muhaf\u0131zlar\u0131 Ordusu\u2019na ait askeri tesise ve \u00c7abahar kentindeki 2 polis karakoluna Cey\u015f&#8217;ul Adl ter\u00f6r \u00f6rg\u00fct\u00fc taraf\u0131ndan e\u015f zamanl\u0131 sald\u0131r\u0131 d\u00fczenledi.<\/p>\n<p><strong>11 ki\u015fi hayat\u0131n\u0131 kaybetti<\/strong><\/p>\n<p class=\"text\">Sistan ve Belucistan Vali Yard\u0131mc\u0131s\u0131 Ali R\u0131za Merhameti yapt\u0131\u011f\u0131 a\u00e7\u0131klamada, gece saatlerinde ger\u00e7ekle\u015ftirilen sald\u0131r\u0131larda 11 g\u00fcvenlik g\u00fcc\u00fcn\u00fcn hayat\u0131n\u0131 kaybetti\u011fini bildirirken, 15 ter\u00f6ristin de \u00f6l\u00fc olarak ele ge\u00e7irildi\u011fini s\u00f6yledi.<\/p>\n<p class=\"text\">Sald\u0131r\u0131lar\u0131 ter\u00f6r sald\u0131r\u0131s\u0131 olarak aktaran Merhameti, \u201cB\u00f6lgede durum kontrol alt\u0131na al\u0131nd\u0131. Ter\u00f6ristlere y\u00f6nelik operasyonlar devam ediyor\u201d dedi.<\/p>\n<p class=\"text\">Emniyet Genel M\u00fcd\u00fcrl\u00fc\u011f\u00fc S\u00f6zc\u00fcs\u00fc Said Muntezir el Mehdi ise ter\u00f6ristler ile ya\u015fanan \u00e7at\u0131\u015fmada esir olarak al\u0131nan 4 g\u00fcvenlik g\u00f6revlisinin d\u00fczenlenen operasyonla yaral\u0131 olarak kurtar\u0131ld\u0131\u011f\u0131n\u0131 s\u00f6yledi.<\/p>\n<p><img decoding=\"async\" src=\"https:\/\/haberv8.thewpdemo.com\/wp-content\/uploads\/2024\/04\/iranda-teror-saldirisi-11-olu-0.jpg\" \/><\/p>\n<p><strong>\u0130srail hava sald\u0131r\u0131s\u0131 d\u00fczenlemi\u015fti<\/strong><\/p>\n<p class=\"text\">\u0130srail, Suriye&#8217;nin ba\u015fkenti \u015eam&#8217;daki \u0130ran Konsoloslu\u011funa y\u00f6nelik pazartesi g\u00fcn\u00fc hava sald\u0131r\u0131s\u0131 d\u00fczenlemi\u015fti.<\/p>\n<p class=\"text\">Sald\u0131r\u0131s\u0131nda \u0130ran Devrim Muhaf\u0131zlar\u0131 Ordusu Suriye ve L\u00fcbnan&#8217;dan sorumlu Kud\u00fcs G\u00fcc\u00fc Komutan\u0131 Zahedi ile Zahedi&#8217;nin yard\u0131mc\u0131lar\u0131ndan Muhammed Hac\u0131 Rahimi ve H\u00fcseyin Aminullah&#8217;in de aralar\u0131nda bulundu\u011fu 13 ki\u015fi hayat\u0131n\u0131 kaybetmi\u015fti.<\/p>\n<p>        Haber Kayna\u011f\u0131: \u0130hlas Haber Ajans\u0131 (\u0130HA)<\/p>\n","protected":false},"excerpt":{"rendered":"<p>\u0130HA \u0130ran\u2019da g\u00fcvenlik g\u00fc\u00e7lerine y\u00f6nelik sald\u0131r\u0131lar s\u00fcr\u00fcyor&#8230; \u00dclkenin g\u00fcneydo\u011fusundaki Sistan ve Belucistan eyaletine ba\u011fl\u0131 Rask kentindeki Devrim Muhaf\u0131zlar\u0131 Ordusu\u2019na ait askeri tesise ve \u00c7abahar kentindeki 2 polis karakoluna Cey\u015f&#8217;ul Adl ter\u00f6r \u00f6rg\u00fct\u00fc taraf\u0131ndan e\u015f zamanl\u0131 sald\u0131r\u0131 d\u00fczenledi. 11 ki\u015fi hayat\u0131n\u0131 kaybetti Sistan ve Belucistan Vali Yard\u0131mc\u0131s\u0131 Ali R\u0131za Merhameti yapt\u0131\u011f\u0131 a\u00e7\u0131klamada, gece saatlerinde ger\u00e7ekle\u015ftirilen sald\u0131r\u0131larda [&hellip;]<\/p>\n","protected":false},"author":1,"featured_media":1329,"comment_status":"open","ping_status":"closed","sticky":false,"template":"","format":"standard","meta":{"footnotes":""},"categories":[3],"tags":[22],"class_list":["post-1327","post","type-post","status-publish","format-standard","has-post-thumbnail","hentry","category-dunya","tag-dunya"],"_links":{"self":[{"href":"https:\/\/avukatimtv.com\/index.php\/wp-json\/wp\/v2\/posts\/1327","targetHints":{"allow":["GET"]}}],"collection":[{"href":"https:\/\/avukatimtv.com\/index.php\/wp-json\/wp\/v2\/posts"}],"about":[{"href":"https:\/\/avukatimtv.com\/index.php\/wp-json\/wp\/v2\/types\/post"}],"author":[{"embeddable":true,"href":"https:\/\/avukatimtv.com\/index.php\/wp-json\/wp\/v2\/users\/1"}],"replies":[{"embeddable":true,"href":"https:\/\/avukatimtv.com\/index.php\/wp-json\/wp\/v2\/comments?post=1327"}],"version-history":[{"count":0,"href":"https:\/\/avukatimtv.com\/index.php\/wp-json\/wp\/v2\/posts\/1327\/revisions"}],"wp:featuredmedia":[{"embeddable":true,"href":"https:\/\/avukatimtv.com\/index.php\/wp-json\/wp\/v2\/media\/1329"}],"wp:attachment":[{"href":"https:\/\/avukatimtv.com\/index.php\/wp-json\/wp\/v2\/media?parent=1327"}],"wp:term":[{"taxonomy":"category","embeddable":true,"href":"https:\/\/avukatimtv.com\/index.php\/wp-json\/wp\/v2\/categories?post=1327"},{"taxonomy":"post_tag","embeddable":true,"href":"https:\/\/avukatimtv.com\/index.php\/wp-json\/wp\/v2\/tags?post=1327"}],"curies":[{"name":"wp","href":"https:\/\/api.w.org\/{rel}","templated":true}]}}