{"id":1330,"date":"2024-04-06T16:38:21","date_gmt":"2024-04-06T13:38:21","guid":{"rendered":"https:\/\/haberv8.thewpdemo.com\/ukrayna-duserse-rusya-nato-sinirlarina-ilerler\/-1330.html"},"modified":"2024-04-06T16:38:21","modified_gmt":"2024-04-06T13:38:21","slug":"ukrayna-duserse-rusya-nato-sinirlarina-ilerler","status":"publish","type":"post","link":"https:\/\/avukatimtv.com\/index.php\/2024\/04\/06\/ukrayna-duserse-rusya-nato-sinirlarina-ilerler\/","title":{"rendered":"Ukrayna d\u00fc\u015ferse, Rusya NATO s\u0131n\u0131rlar\u0131na ilerler"},"content":{"rendered":"<\/p>\n<p>\n                <span>AA &#038; Ensonhaber <\/span>\n            <\/p>\n<p class=\"text\">Bat\u0131l\u0131 \u00fclkeler, Ukrayna&#8217;n\u0131n sava\u015f\u0131 kaybetmesi halinde, Rusya&#8217;n\u0131n bu \u00fclke ile s\u0131n\u0131rl\u0131 kalmayaca\u011f\u0131n\u0131 d\u00fc\u015f\u00fcn\u00fcyor.<\/p>\n<p class=\"text\">Avrupa&#8217;da endi\u015feyle kar\u015f\u0131lanan bu ihtimal, Almanya D\u0131\u015fi\u015fleri Bakan\u0131 Annalena Baerbock taraf\u0131ndan dile getirildi.<\/p>\n<p class=\"text\">Baerbock, Ukrayna&#8217;n\u0131n Rusya&#8217;ya kar\u015f\u0131 kendisini savunamamas\u0131 durumunda sava\u015f\u0131n Avrupa ve NATO s\u0131n\u0131rlar\u0131na do\u011fru ilerleme riski bulundu\u011funu s\u00f6yledi.<\/p>\n<p><strong>&#8216;Rusya, NATO s\u0131n\u0131rlar\u0131na ilerler&#8217; uyar\u0131s\u0131<\/strong><\/p>\n<p class=\"text\">Baerbock, NATO D\u0131\u015fi\u015fleri Bakanlar\u0131 toplant\u0131s\u0131 i\u00e7in bulundu\u011fu Br\u00fcksel&#8217;de gazetecilere yapt\u0131\u011f\u0131 a\u00e7\u0131klamada, Ukrayna&#8217;ya verilen deste\u011fe devam edilmesinin \u00f6nemini vurgulayarak \u015f\u00f6yle dedi:<\/p>\n<p>Ukrayna&#8217;ya destek devam etmezse, kendini savunmaya devam edemez. O zaman Rusya bu sava\u015f\u0131 Avrupa s\u0131n\u0131rlar\u0131na, bizim NATO s\u0131n\u0131rlar\u0131m\u0131za do\u011fru ilerletme tehdidinde bulunur.<\/p>\n<p><img decoding=\"async\" src=\"https:\/\/haberv8.thewpdemo.com\/wp-content\/uploads\/2024\/04\/ukrayna-duserse-rusya-nato-sinirlarina-ilerler-0.jpg\" \/><\/p>\n<p><strong>&#8220;Ukrayna&#8217;ya deste\u011fimizi art\u0131rmam\u0131z \u00e7\u0131kar\u0131m\u0131za olacakt\u0131r&#8221;<\/strong><\/p>\n<p class=\"text\">Ukrayna&#8217;n\u0131n (Avrupa&#8217;n\u0131n) \u00f6zg\u00fcrl\u00fc\u011f\u00fcn\u00fc savunmaya devam edememesi durumunda sava\u015f\u0131n Berlin&#8217;den ve Avrupa Birli\u011fi&#8217;nin (AB) merkezi Br\u00fcksel&#8217;den 8 saat mesafeye gelme tehdidinin ortaya \u00e7\u0131kaca\u011f\u0131na i\u015faret eden Baerbock, \u015f\u00f6yle konu\u015ftu:<\/p>\n<p>Bu nedenle Ukrayna&#8217;ya deste\u011fimizi art\u0131rmam\u0131z, \u00f6zellikle de NATO&#8217;nun 75. y\u0131l d\u00f6n\u00fcm\u00fcnde, sadece bir savunma ittifak\u0131 de\u011fil, \u00f6zg\u00fcrl\u00fc\u011f\u00fcm\u00fcz\u00fc ve bar\u0131\u015f\u0131m\u0131z\u0131 g\u00fcvence alt\u0131na alan bir ittifak olarak mutlak \u00e7\u0131kar\u0131m\u0131za olacakt\u0131r.<\/p>\n<p><img decoding=\"async\" src=\"https:\/\/haberv8.thewpdemo.com\/wp-content\/uploads\/2024\/04\/ukrayna-duserse-rusya-nato-sinirlarina-ilerler-1.jpg\" \/><\/p>\n<p><strong>&#8220;Kendimizi hibrit sava\u015fa kar\u015f\u0131 korumal\u0131y\u0131z&#8221;<\/strong><\/p>\n<p class=\"text\">Baerbock, Rusya&#8217;n\u0131n Avrupa&#8217;ya kar\u015f\u0131 hibrit sava\u015f y\u00fcr\u00fctt\u00fc\u011f\u00fcn\u00fc de savunarak, \u015funlar\u0131 kaydetti:<\/p>\n<p>Bu durum \u00f6zellikle Moldova ve Balt\u0131k \u00fclkeleri gibi \u00fclkeleri etkiledi. Bu sald\u0131r\u0131lar\u0131n ge\u00e7mi\u015fte dezenformasyon ve siber sald\u0131r\u0131 amac\u0131yla Almanya&#8217;ya da yap\u0131ld\u0131\u011f\u0131n\u0131 g\u00f6rebiliyoruz ve bu nedenle \u015fimdi daha da dikkatli olmal\u0131 ve kendimizi \u00e7e\u015fitli d\u00fczeylerde bu hibrit sava\u015fa kar\u015f\u0131 korumal\u0131y\u0131z.<\/p>\n<p>Bu ayn\u0131 zamanda dezenformasyona ve siber sald\u0131r\u0131lara kar\u015f\u0131 korunma anlam\u0131na gelir.<\/p>\n<p class=\"text\">Baerbock, NATO&#8217;nun sadece g\u00fcvenlik ve bar\u0131\u015f i\u00e7in de\u011fil, ayn\u0131 zamanda demokrasi i\u00e7in de en iyi koruyucu kalkan oldu\u011funu s\u00f6zlerine ekledi.<\/p>\n","protected":false},"excerpt":{"rendered":"<p>AA &#038; Ensonhaber Bat\u0131l\u0131 \u00fclkeler, Ukrayna&#8217;n\u0131n sava\u015f\u0131 kaybetmesi halinde, Rusya&#8217;n\u0131n bu \u00fclke ile s\u0131n\u0131rl\u0131 kalmayaca\u011f\u0131n\u0131 d\u00fc\u015f\u00fcn\u00fcyor. Avrupa&#8217;da endi\u015feyle kar\u015f\u0131lanan bu ihtimal, Almanya D\u0131\u015fi\u015fleri Bakan\u0131 Annalena Baerbock taraf\u0131ndan dile getirildi. Baerbock, Ukrayna&#8217;n\u0131n Rusya&#8217;ya kar\u015f\u0131 kendisini savunamamas\u0131 durumunda sava\u015f\u0131n Avrupa ve NATO s\u0131n\u0131rlar\u0131na do\u011fru ilerleme riski bulundu\u011funu s\u00f6yledi. &#8216;Rusya, NATO s\u0131n\u0131rlar\u0131na ilerler&#8217; uyar\u0131s\u0131 Baerbock, NATO D\u0131\u015fi\u015fleri Bakanlar\u0131 [&hellip;]<\/p>\n","protected":false},"author":1,"featured_media":1332,"comment_status":"open","ping_status":"closed","sticky":false,"template":"","format":"standard","meta":{"footnotes":""},"categories":[3],"tags":[22],"class_list":["post-1330","post","type-post","status-publish","format-standard","has-post-thumbnail","hentry","category-dunya","tag-dunya"],"_links":{"self":[{"href":"https:\/\/avukatimtv.com\/index.php\/wp-json\/wp\/v2\/posts\/1330","targetHints":{"allow":["GET"]}}],"collection":[{"href":"https:\/\/avukatimtv.com\/index.php\/wp-json\/wp\/v2\/posts"}],"about":[{"href":"https:\/\/avukatimtv.com\/index.php\/wp-json\/wp\/v2\/types\/post"}],"author":[{"embeddable":true,"href":"https:\/\/avukatimtv.com\/index.php\/wp-json\/wp\/v2\/users\/1"}],"replies":[{"embeddable":true,"href":"https:\/\/avukatimtv.com\/index.php\/wp-json\/wp\/v2\/comments?post=1330"}],"version-history":[{"count":0,"href":"https:\/\/avukatimtv.com\/index.php\/wp-json\/wp\/v2\/posts\/1330\/revisions"}],"wp:featuredmedia":[{"embeddable":true,"href":"https:\/\/avukatimtv.com\/index.php\/wp-json\/wp\/v2\/media\/1332"}],"wp:attachment":[{"href":"https:\/\/avukatimtv.com\/index.php\/wp-json\/wp\/v2\/media?parent=1330"}],"wp:term":[{"taxonomy":"category","embeddable":true,"href":"https:\/\/avukatimtv.com\/index.php\/wp-json\/wp\/v2\/categories?post=1330"},{"taxonomy":"post_tag","embeddable":true,"href":"https:\/\/avukatimtv.com\/index.php\/wp-json\/wp\/v2\/tags?post=1330"}],"curies":[{"name":"wp","href":"https:\/\/api.w.org\/{rel}","templated":true}]}}