{"id":1336,"date":"2024-04-06T16:38:28","date_gmt":"2024-04-06T13:38:28","guid":{"rendered":"https:\/\/haberv8.thewpdemo.com\/dunyanin-en-yasli-erkegiydi-juan-vicente-perez-mora-hayatini-kaybetti\/-1336.html"},"modified":"2024-04-06T16:38:28","modified_gmt":"2024-04-06T13:38:28","slug":"dunyanin-en-yasli-erkegiydi-juan-vicente-perez-mora-hayatini-kaybetti","status":"publish","type":"post","link":"https:\/\/avukatimtv.com\/index.php\/2024\/04\/06\/dunyanin-en-yasli-erkegiydi-juan-vicente-perez-mora-hayatini-kaybetti\/","title":{"rendered":"D\u00fcnyan\u0131n en ya\u015fl\u0131 erke\u011fiydi! Juan Vicente Perez Mora hayat\u0131n\u0131 kaybetti"},"content":{"rendered":"<\/p>\n<p>\n                <span>AA <\/span>\n            <\/p>\n<p class=\"text\">2022&#8217;de Guinness D\u00fcnya Rekorlar\u0131 taraf\u0131ndan &#8216;d\u00fcnyan\u0131n en ya\u015fl\u0131 erke\u011fi&#8217; unvan\u0131n\u0131 alan Perez&#8217;den ac\u0131 haber geldi..<\/p>\n<p class=\"text\">Venezuela Devlet Ba\u015fkan\u0131 Nicolas Maduro, X sosyal medya platformundan yapt\u0131\u011f\u0131 payla\u015f\u0131mda, Perez&#8217;in 114 ya\u015f\u0131nda Tachira eyaletinde ya\u015fam\u0131n\u0131 yitirdi\u011fini a\u00e7\u0131klad\u0131.<\/p>\n<p><strong>11 \u00e7ocu\u011fu, 41 torunu vard\u0131<\/strong><\/p>\n<p class=\"text\">May\u0131s 1909&#8217;da d\u00fcnyaya gelen Perez&#8217;in 11 \u00e7ocu\u011fu, 41 torunu ile 18 torununun \u00e7ocu\u011fu ve 12 torununun torunu vard\u0131.<\/p>\n<p><img decoding=\"async\" src=\"https:\/\/haberv8.thewpdemo.com\/wp-content\/uploads\/2024\/04\/dunyanin-en-yasli-erkegiydi-juan-vicente-perez-mora-hayatini-kaybetti-0.jpg\" \/><\/p>\n<p><strong>&#8220;\u015eeker kam\u0131\u015f\u0131 ile kahve hasad\u0131 yap\u0131yordu&#8221;<\/strong><\/p>\n<p class=\"text\">Guiness D\u00fcnya Rekorlar\u0131, 2022&#8217;de yapt\u0131\u011f\u0131 a\u00e7\u0131klamada, Perez&#8217;i &#8220;Be\u015f ya\u015f\u0131ndayken babas\u0131 ve karde\u015fleriyle tarlada \u00e7al\u0131\u015fmaya ba\u015flad\u0131 ve \u015feker kam\u0131\u015f\u0131 ile kahve hasad\u0131na yard\u0131m etti.&#8221; ifadeleriyle tan\u0131mlam\u0131\u015ft\u0131.<\/p>\n<p class=\"text\">Hayat\u0131n\u0131 \u00e7ift\u00e7ilikle idame ettiren Perez \u015feriflik de yapm\u0131\u015ft\u0131.<\/p>\n<p><img decoding=\"async\" src=\"https:\/\/haberv8.thewpdemo.com\/wp-content\/uploads\/2024\/04\/dunyanin-en-yasli-erkegiydi-juan-vicente-perez-mora-hayatini-kaybetti-1.jpg\" \/>        Haber Kayna\u011f\u0131: Anadolu Ajans\u0131 (AA)<\/p>\n","protected":false},"excerpt":{"rendered":"<p>AA 2022&#8217;de Guinness D\u00fcnya Rekorlar\u0131 taraf\u0131ndan &#8216;d\u00fcnyan\u0131n en ya\u015fl\u0131 erke\u011fi&#8217; unvan\u0131n\u0131 alan Perez&#8217;den ac\u0131 haber geldi.. Venezuela Devlet Ba\u015fkan\u0131 Nicolas Maduro, X sosyal medya platformundan yapt\u0131\u011f\u0131 payla\u015f\u0131mda, Perez&#8217;in 114 ya\u015f\u0131nda Tachira eyaletinde ya\u015fam\u0131n\u0131 yitirdi\u011fini a\u00e7\u0131klad\u0131. 11 \u00e7ocu\u011fu, 41 torunu vard\u0131 May\u0131s 1909&#8217;da d\u00fcnyaya gelen Perez&#8217;in 11 \u00e7ocu\u011fu, 41 torunu ile 18 torununun \u00e7ocu\u011fu ve 12 [&hellip;]<\/p>\n","protected":false},"author":1,"featured_media":1338,"comment_status":"open","ping_status":"closed","sticky":false,"template":"","format":"standard","meta":{"footnotes":""},"categories":[3],"tags":[22],"class_list":["post-1336","post","type-post","status-publish","format-standard","has-post-thumbnail","hentry","category-dunya","tag-dunya"],"_links":{"self":[{"href":"https:\/\/avukatimtv.com\/index.php\/wp-json\/wp\/v2\/posts\/1336","targetHints":{"allow":["GET"]}}],"collection":[{"href":"https:\/\/avukatimtv.com\/index.php\/wp-json\/wp\/v2\/posts"}],"about":[{"href":"https:\/\/avukatimtv.com\/index.php\/wp-json\/wp\/v2\/types\/post"}],"author":[{"embeddable":true,"href":"https:\/\/avukatimtv.com\/index.php\/wp-json\/wp\/v2\/users\/1"}],"replies":[{"embeddable":true,"href":"https:\/\/avukatimtv.com\/index.php\/wp-json\/wp\/v2\/comments?post=1336"}],"version-history":[{"count":0,"href":"https:\/\/avukatimtv.com\/index.php\/wp-json\/wp\/v2\/posts\/1336\/revisions"}],"wp:featuredmedia":[{"embeddable":true,"href":"https:\/\/avukatimtv.com\/index.php\/wp-json\/wp\/v2\/media\/1338"}],"wp:attachment":[{"href":"https:\/\/avukatimtv.com\/index.php\/wp-json\/wp\/v2\/media?parent=1336"}],"wp:term":[{"taxonomy":"category","embeddable":true,"href":"https:\/\/avukatimtv.com\/index.php\/wp-json\/wp\/v2\/categories?post=1336"},{"taxonomy":"post_tag","embeddable":true,"href":"https:\/\/avukatimtv.com\/index.php\/wp-json\/wp\/v2\/tags?post=1336"}],"curies":[{"name":"wp","href":"https:\/\/api.w.org\/{rel}","templated":true}]}}