{"id":1339,"date":"2024-04-06T16:38:30","date_gmt":"2024-04-06T13:38:30","guid":{"rendered":"https:\/\/haberv8.thewpdemo.com\/orta-dogudan-uzucu-haberler-geliyor\/-1339.html"},"modified":"2024-04-06T16:38:30","modified_gmt":"2024-04-06T13:38:30","slug":"orta-dogudan-uzucu-haberler-geliyor","status":"publish","type":"post","link":"https:\/\/avukatimtv.com\/index.php\/2024\/04\/06\/orta-dogudan-uzucu-haberler-geliyor\/","title":{"rendered":"Orta Do\u011fu&#8217;dan \u00fcz\u00fcc\u00fc haberler geliyor"},"content":{"rendered":"<\/p>\n<p>\n                <span>AA <\/span>\n            <\/p>\n<p class=\"text\">Katoliklerin ruhani lideri Papa Francis, Gazze&#8217;de acilen ate\u015fkes ilan edilmesini istedi.<\/p>\n<p class=\"text\">Papa, \u0130srail&#8217;in sald\u0131r\u0131lar\u0131 alt\u0131ndaki b\u00f6lgeye ili\u015fkin d\u00fc\u015f\u00fcncelerini payla\u015ft\u0131.<\/p>\n<p class=\"text\">Vatikan Devlet Ba\u015fkan\u0131 da olan Papa, Aziz Petrus Meydan\u0131&#8217;nda \u00e7ar\u015famba g\u00fcnleri geleneksel genel kabul oturumlar\u0131 yapt\u0131.<\/p>\n<p><strong>Gazze \u015eeridi&#8217;nde acilen ate\u015fkes talebi<\/strong><\/p>\n<p class=\"text\">Adalet olmadan bar\u0131\u015f olmayaca\u011f\u0131n\u0131 belirten Papa, \u015f\u00f6yle konu\u015ftu:<\/p>\n<p>Orta Do\u011fu&#8217;dan \u00fcz\u00fcc\u00fc haberler gelmeye devam ediyor. Gazze \u015eeridi&#8217;nde acilen ate\u015fkes sa\u011flanmas\u0131na y\u00f6nelik kesin talebimi yineliyorum. Ayr\u0131ca Gazze&#8217;de insani yard\u0131m da\u011f\u0131tan g\u00f6n\u00fcll\u00fclerin \u00f6ld\u00fcr\u00fclmesinden derin \u00fcz\u00fcnt\u00fc duyuyorum.<\/p>\n<p>T\u00fckenmi\u015f ve ac\u0131 \u00e7eken halk\u0131n insani yard\u0131ma eri\u015fiminin sa\u011flanmas\u0131 ve rehinelerin bir an \u00f6nce serbest b\u0131rak\u0131lmas\u0131 \u00e7a\u011fr\u0131m\u0131 da yineliyorum.<\/p>\n<p><img decoding=\"async\" src=\"https:\/\/haberv8.thewpdemo.com\/wp-content\/uploads\/2024\/04\/orta-dogudan-uzucu-haberler-geliyor-0.jpg\" \/><\/p>\n<p><strong>&#8220;\u00c7at\u0131\u015fmay\u0131 derinle\u015ftirecek her t\u00fcrl\u00fc davran\u0131\u015ftan ka\u00e7\u0131nal\u0131m&#8221;<\/strong><\/p>\n<p class=\"text\">Papa Francis, \u00e7at\u0131\u015fmalar\u0131n b\u00f6lgeye yay\u0131lma riskine dikkati \u00e7ekerek \u015fu ifadeleri kulland\u0131:<\/p>\n<p>B\u00f6lgedeki \u00e7at\u0131\u015fmay\u0131 derinle\u015ftirecek her t\u00fcrl\u00fc davran\u0131\u015ftan ka\u00e7\u0131nal\u0131m. D\u00fcnyan\u0131n pek \u00e7ok yerine \u00f6l\u00fcm ve ac\u0131 getirmeye devam eden bu ve benzeri sava\u015flar\u0131n bir an \u00f6nce son bulmas\u0131 i\u00e7in \u00e7al\u0131\u015fal\u0131m. Dua edelim.<\/p>\n<p>                            Haber Kayna\u011f\u0131: Anadolu Ajans\u0131 (AA)<\/p>\n","protected":false},"excerpt":{"rendered":"<p>AA Katoliklerin ruhani lideri Papa Francis, Gazze&#8217;de acilen ate\u015fkes ilan edilmesini istedi. Papa, \u0130srail&#8217;in sald\u0131r\u0131lar\u0131 alt\u0131ndaki b\u00f6lgeye ili\u015fkin d\u00fc\u015f\u00fcncelerini payla\u015ft\u0131. Vatikan Devlet Ba\u015fkan\u0131 da olan Papa, Aziz Petrus Meydan\u0131&#8217;nda \u00e7ar\u015famba g\u00fcnleri geleneksel genel kabul oturumlar\u0131 yapt\u0131. Gazze \u015eeridi&#8217;nde acilen ate\u015fkes talebi Adalet olmadan bar\u0131\u015f olmayaca\u011f\u0131n\u0131 belirten Papa, \u015f\u00f6yle konu\u015ftu: Orta Do\u011fu&#8217;dan \u00fcz\u00fcc\u00fc haberler gelmeye devam [&hellip;]<\/p>\n","protected":false},"author":1,"featured_media":1341,"comment_status":"open","ping_status":"closed","sticky":false,"template":"","format":"standard","meta":{"footnotes":""},"categories":[3],"tags":[22],"class_list":["post-1339","post","type-post","status-publish","format-standard","has-post-thumbnail","hentry","category-dunya","tag-dunya"],"_links":{"self":[{"href":"https:\/\/avukatimtv.com\/index.php\/wp-json\/wp\/v2\/posts\/1339","targetHints":{"allow":["GET"]}}],"collection":[{"href":"https:\/\/avukatimtv.com\/index.php\/wp-json\/wp\/v2\/posts"}],"about":[{"href":"https:\/\/avukatimtv.com\/index.php\/wp-json\/wp\/v2\/types\/post"}],"author":[{"embeddable":true,"href":"https:\/\/avukatimtv.com\/index.php\/wp-json\/wp\/v2\/users\/1"}],"replies":[{"embeddable":true,"href":"https:\/\/avukatimtv.com\/index.php\/wp-json\/wp\/v2\/comments?post=1339"}],"version-history":[{"count":0,"href":"https:\/\/avukatimtv.com\/index.php\/wp-json\/wp\/v2\/posts\/1339\/revisions"}],"wp:featuredmedia":[{"embeddable":true,"href":"https:\/\/avukatimtv.com\/index.php\/wp-json\/wp\/v2\/media\/1341"}],"wp:attachment":[{"href":"https:\/\/avukatimtv.com\/index.php\/wp-json\/wp\/v2\/media?parent=1339"}],"wp:term":[{"taxonomy":"category","embeddable":true,"href":"https:\/\/avukatimtv.com\/index.php\/wp-json\/wp\/v2\/categories?post=1339"},{"taxonomy":"post_tag","embeddable":true,"href":"https:\/\/avukatimtv.com\/index.php\/wp-json\/wp\/v2\/tags?post=1339"}],"curies":[{"name":"wp","href":"https:\/\/api.w.org\/{rel}","templated":true}]}}