{"id":1342,"date":"2024-04-06T16:38:34","date_gmt":"2024-04-06T13:38:34","guid":{"rendered":"https:\/\/haberv8.thewpdemo.com\/abd-filistinlilerin-refahtan-tahliye-planini-reddetti\/-1342.html"},"modified":"2024-04-06T16:38:34","modified_gmt":"2024-04-06T13:38:34","slug":"abd-filistinlilerin-refahtan-tahliye-planini-reddetti","status":"publish","type":"post","link":"https:\/\/avukatimtv.com\/index.php\/2024\/04\/06\/abd-filistinlilerin-refahtan-tahliye-planini-reddetti\/","title":{"rendered":"ABD, Filistinlilerin Refah&#8217;tan tahliye plan\u0131n\u0131 reddetti"},"content":{"rendered":"<\/p>\n<p>\n                <span>AA <\/span>\n            <\/p>\n<p class=\"text\">\u0130srail bas\u0131n\u0131, ABD&#8217;ye dair yeni bir iddiay\u0131 g\u00fcndeme getirdi.<\/p>\n<p class=\"text\">Kanal 12&#8217;nin haberine g\u00f6re; aralar\u0131nda ABD D\u0131\u015fi\u015fleri Bakan\u0131 Anthony Blinken ve Ulusal G\u00fcvenlik Dan\u0131\u015fman\u0131 Jake Sullivan ile \u0130srail Stratejik \u0130\u015fler Bakan\u0131 Ron Dermer ve Ulusal G\u00fcvenlik Konseyi Ba\u015fkan\u0131 Tzachi Hanegbi&#8217;nin de bulundu\u011fu iki \u00fclke yetkilileri, Washington y\u00f6netiminin \u0130srail&#8217;in Refah&#8217;a kara sald\u0131r\u0131s\u0131 yerine alternatif \u00f6nerilerinin ele al\u0131nd\u0131\u011f\u0131 \u00e7evrim i\u00e7i bir toplant\u0131 d\u00fczenledi.<\/p>\n<p class=\"text\">Toplant\u0131da s\u00f6z alan ve k\u0131sa bir konu\u015fma yapan Sullivan, \u0130sraillilere hitaben, &#8220;21. y\u00fczy\u0131lda ya\u015fanacak bir a\u00e7l\u0131k krizinin sorumlulu\u011funu \u00fcstlenmek \u00fczeresiniz ve bu kabul edilemez. \u015eu ana kadar sundu\u011funuz tahliye plan\u0131 ne etkileyici ne de uygulanabilir.&#8221; ifadelerini kulland\u0131.<\/p>\n<p><strong>&#8220;Refah&#8217;\u0131 bo\u015faltmak 4 ay s\u00fcrecek&#8221;<\/strong><\/p>\n<p class=\"text\">Blinken ise \u0130srailli yetkililerle alayc\u0131 \u015fekilde, &#8220;\u0130nsani yard\u0131m ula\u015ft\u0131rma konusundaki \u00e7al\u0131\u015fmalar\u0131n\u0131z\u0131n h\u0131z\u0131na g\u00f6re Refah&#8217;\u0131 bo\u015faltmak 4 ay s\u00fcrecek.&#8221; g\u00f6r\u00fc\u015f\u00fcn\u00fc payla\u015ft\u0131.<\/p>\n<p class=\"text\">\u0130srailli Bakan Dreamer da Refah&#8217;a girmeden Hamas&#8217;\u0131n da\u011f\u0131t\u0131lamayaca\u011f\u0131n\u0131 ve bunun, sava\u015f\u0131n hedeflerine ula\u015fmas\u0131 i\u00e7in a\u015f\u0131lamayacak bir ko\u015ful oldu\u011funu \u00f6ne s\u00fcrd\u00fc.<\/p>\n<p class=\"text\">ABD Ulusal G\u00fcvenlik Dan\u0131\u015fman\u0131 Sullivan, Dreamer&#8217;a \u015f\u00f6yle yan\u0131t verdi:<\/p>\n<p class=\"text\">&#8220;E\u011fer (sava\u015f\u0131n) ertesi g\u00fcn\u00fc i\u00e7in organize bir plan yoksa ne Refah ne de ba\u015fka hi\u00e7bir \u015fey Hamas&#8217;\u0131 par\u00e7alama y\u00f6n\u00fcnde ilerlemenize yard\u0131mc\u0131 olamaz.&#8221; <\/p>\n<p><strong>ABD&#8217;ye ra\u011fmen kara sald\u0131r\u0131s\u0131 ba\u015fl\u0131yor<\/strong><\/p>\n<p class=\"text\">Yakla\u015f\u0131k iki saat s\u00fcren toplant\u0131n\u0131n sonunda Beyaz Saray ad\u0131na yay\u0131nlanan ortak a\u00e7\u0131klamada, \u0130srail&#8217;in, Refah&#8217;a kara sald\u0131r\u0131s\u0131na ili\u015fkin ABD&#8217;nin kayg\u0131lar\u0131n\u0131 dikkate alaca\u011f\u0131 belirtildi.<\/p>\n<p class=\"text\">ABD y\u00f6netimi, yakla\u015f\u0131k 1,5 milyon Filistinlinin s\u0131\u011f\u0131nd\u0131\u011f\u0131 Refah&#8217;a kara sald\u0131r\u0131s\u0131na kar\u015f\u0131 oldu\u011funu s\u0131k s\u0131k dile getiriyor. \u0130srail ise ABD&#8217;nin itirazlar\u0131na ra\u011fmen Refah&#8217;a kara sald\u0131r\u0131s\u0131 ba\u015flataca\u011f\u0131n\u0131 ifade ediyor.<\/p>\n<p class=\"text\">\u0130srail Ba\u015fbakan\u0131 Binyamin Netanyahu, 1 Nisan&#8217;da d\u00fczenledi\u011fi bas\u0131n toplant\u0131s\u0131nda, ordunun Refah&#8217;a kara sald\u0131r\u0131s\u0131n\u0131 onaylad\u0131\u011f\u0131n\u0131 bildirmi\u015fti.<\/p>\n<p>                            Haber Kayna\u011f\u0131: Anadolu Ajans\u0131 (AA)<\/p>\n","protected":false},"excerpt":{"rendered":"<p>AA \u0130srail bas\u0131n\u0131, ABD&#8217;ye dair yeni bir iddiay\u0131 g\u00fcndeme getirdi. Kanal 12&#8217;nin haberine g\u00f6re; aralar\u0131nda ABD D\u0131\u015fi\u015fleri Bakan\u0131 Anthony Blinken ve Ulusal G\u00fcvenlik Dan\u0131\u015fman\u0131 Jake Sullivan ile \u0130srail Stratejik \u0130\u015fler Bakan\u0131 Ron Dermer ve Ulusal G\u00fcvenlik Konseyi Ba\u015fkan\u0131 Tzachi Hanegbi&#8217;nin de bulundu\u011fu iki \u00fclke yetkilileri, Washington y\u00f6netiminin \u0130srail&#8217;in Refah&#8217;a kara sald\u0131r\u0131s\u0131 yerine alternatif \u00f6nerilerinin ele [&hellip;]<\/p>\n","protected":false},"author":1,"featured_media":1344,"comment_status":"open","ping_status":"closed","sticky":false,"template":"","format":"standard","meta":{"footnotes":""},"categories":[3],"tags":[22],"class_list":["post-1342","post","type-post","status-publish","format-standard","has-post-thumbnail","hentry","category-dunya","tag-dunya"],"_links":{"self":[{"href":"https:\/\/avukatimtv.com\/index.php\/wp-json\/wp\/v2\/posts\/1342","targetHints":{"allow":["GET"]}}],"collection":[{"href":"https:\/\/avukatimtv.com\/index.php\/wp-json\/wp\/v2\/posts"}],"about":[{"href":"https:\/\/avukatimtv.com\/index.php\/wp-json\/wp\/v2\/types\/post"}],"author":[{"embeddable":true,"href":"https:\/\/avukatimtv.com\/index.php\/wp-json\/wp\/v2\/users\/1"}],"replies":[{"embeddable":true,"href":"https:\/\/avukatimtv.com\/index.php\/wp-json\/wp\/v2\/comments?post=1342"}],"version-history":[{"count":0,"href":"https:\/\/avukatimtv.com\/index.php\/wp-json\/wp\/v2\/posts\/1342\/revisions"}],"wp:featuredmedia":[{"embeddable":true,"href":"https:\/\/avukatimtv.com\/index.php\/wp-json\/wp\/v2\/media\/1344"}],"wp:attachment":[{"href":"https:\/\/avukatimtv.com\/index.php\/wp-json\/wp\/v2\/media?parent=1342"}],"wp:term":[{"taxonomy":"category","embeddable":true,"href":"https:\/\/avukatimtv.com\/index.php\/wp-json\/wp\/v2\/categories?post=1342"},{"taxonomy":"post_tag","embeddable":true,"href":"https:\/\/avukatimtv.com\/index.php\/wp-json\/wp\/v2\/tags?post=1342"}],"curies":[{"name":"wp","href":"https:\/\/api.w.org\/{rel}","templated":true}]}}