{"id":1347,"date":"2024-04-06T16:38:44","date_gmt":"2024-04-06T13:38:44","guid":{"rendered":"https:\/\/haberv8.thewpdemo.com\/irakta-kamyon-ogrencilerin-arasina-daldi-6-olu-16-yarali\/-1347.html"},"modified":"2024-04-06T16:38:44","modified_gmt":"2024-04-06T13:38:44","slug":"irakta-kamyon-ogrencilerin-arasina-daldi-6-olu-16-yarali","status":"publish","type":"post","link":"https:\/\/avukatimtv.com\/index.php\/2024\/04\/06\/irakta-kamyon-ogrencilerin-arasina-daldi-6-olu-16-yarali\/","title":{"rendered":"Irak&#8217;ta kamyon, \u00f6\u011frencilerin aras\u0131na dald\u0131: 6 \u00f6l\u00fc, 16 yaral\u0131"},"content":{"rendered":"<\/p>\n<p class=\"vjs-no-js\">\n                Bu videoyu izlemek i\u00e7in l\u00fctfen JavaScript&#8217;i etkinle\u015ftirin\n            <\/p>\n<p>\n                <span>\u0130HA <\/span>\n            <\/p>\n<p class=\"text\">Irak\u2019\u0131n g\u00fcneyindeki Basra\u2019da kentinde a\u015f\u0131r\u0131 h\u0131z nedeniyle direksiyon<br \/>\nhakimiyetini kaybeden kamyon \u015fof\u00f6r\u00fc, okuldan \u00e7\u0131kan \u00f6\u011frencilerin aras\u0131nda<br \/>\n dald\u0131.<\/p>\n<p><strong>Feci kazada 6 \u00f6\u011frenci ya\u015fam\u0131n\u0131 yitirdi<\/strong><\/p>\n<p class=\"text\">Irak Sa\u011fl\u0131k Bakanl\u0131\u011f\u0131 taraf\u0131ndan yap\u0131lan a\u00e7\u0131klamada, kazada 6<br \/>\n\u00f6\u011frencinin hayat\u0131n\u0131 kaybetti\u011fi, 16 \u00f6\u011frencinin de yaraland\u0131\u011f\u0131 aktar\u0131ld\u0131.<\/p>\n<p><strong>\u015eof\u00f6r g\u00f6zalt\u0131nda<\/strong><\/p>\n<p class=\"text\">Olayla ilgili \u0130\u00e7i\u015fleri Bakanl\u0131\u011f\u0131 taraf\u0131ndan yap\u0131lan a\u00e7\u0131klamada,<br \/>\nkazaya neden olan kamyon \u015fof\u00f6r\u00fcn\u00fcn g\u00f6zalt\u0131na al\u0131nd\u0131\u011f\u0131 bildirildi.<\/p>\n<p class=\"text\">A\u00e7\u0131klamada, s\u00fcr\u00fcc\u00fcn\u00fcn fren ar\u0131zas\u0131 nedeniyle arac\u0131n kontrol\u00fcn\u00fc<br \/>\nkaybetti\u011fini iddia etti\u011fi kaydedildi.<\/p>\n<p>        Haber Kayna\u011f\u0131: \u0130hlas Haber Ajans\u0131 (\u0130HA)<\/p>\n","protected":false},"excerpt":{"rendered":"<p>Bu videoyu izlemek i\u00e7in l\u00fctfen JavaScript&#8217;i etkinle\u015ftirin \u0130HA Irak\u2019\u0131n g\u00fcneyindeki Basra\u2019da kentinde a\u015f\u0131r\u0131 h\u0131z nedeniyle direksiyon hakimiyetini kaybeden kamyon \u015fof\u00f6r\u00fc, okuldan \u00e7\u0131kan \u00f6\u011frencilerin aras\u0131nda dald\u0131. Feci kazada 6 \u00f6\u011frenci ya\u015fam\u0131n\u0131 yitirdi Irak Sa\u011fl\u0131k Bakanl\u0131\u011f\u0131 taraf\u0131ndan yap\u0131lan a\u00e7\u0131klamada, kazada 6 \u00f6\u011frencinin hayat\u0131n\u0131 kaybetti\u011fi, 16 \u00f6\u011frencinin de yaraland\u0131\u011f\u0131 aktar\u0131ld\u0131. \u015eof\u00f6r g\u00f6zalt\u0131nda Olayla ilgili \u0130\u00e7i\u015fleri Bakanl\u0131\u011f\u0131 taraf\u0131ndan yap\u0131lan [&hellip;]<\/p>\n","protected":false},"author":1,"featured_media":1350,"comment_status":"open","ping_status":"closed","sticky":false,"template":"","format":"standard","meta":{"footnotes":""},"categories":[3],"tags":[22],"class_list":["post-1347","post","type-post","status-publish","format-standard","has-post-thumbnail","hentry","category-dunya","tag-dunya"],"_links":{"self":[{"href":"https:\/\/avukatimtv.com\/index.php\/wp-json\/wp\/v2\/posts\/1347","targetHints":{"allow":["GET"]}}],"collection":[{"href":"https:\/\/avukatimtv.com\/index.php\/wp-json\/wp\/v2\/posts"}],"about":[{"href":"https:\/\/avukatimtv.com\/index.php\/wp-json\/wp\/v2\/types\/post"}],"author":[{"embeddable":true,"href":"https:\/\/avukatimtv.com\/index.php\/wp-json\/wp\/v2\/users\/1"}],"replies":[{"embeddable":true,"href":"https:\/\/avukatimtv.com\/index.php\/wp-json\/wp\/v2\/comments?post=1347"}],"version-history":[{"count":0,"href":"https:\/\/avukatimtv.com\/index.php\/wp-json\/wp\/v2\/posts\/1347\/revisions"}],"wp:featuredmedia":[{"embeddable":true,"href":"https:\/\/avukatimtv.com\/index.php\/wp-json\/wp\/v2\/media\/1350"}],"wp:attachment":[{"href":"https:\/\/avukatimtv.com\/index.php\/wp-json\/wp\/v2\/media?parent=1347"}],"wp:term":[{"taxonomy":"category","embeddable":true,"href":"https:\/\/avukatimtv.com\/index.php\/wp-json\/wp\/v2\/categories?post=1347"},{"taxonomy":"post_tag","embeddable":true,"href":"https:\/\/avukatimtv.com\/index.php\/wp-json\/wp\/v2\/tags?post=1347"}],"curies":[{"name":"wp","href":"https:\/\/api.w.org\/{rel}","templated":true}]}}