{"id":1351,"date":"2024-04-06T16:38:45","date_gmt":"2024-04-06T13:38:45","guid":{"rendered":"https:\/\/haberv8.thewpdemo.com\/putin-moskova-saldirisinda-emri-verenleri-ariyor\/-1351.html"},"modified":"2024-04-06T16:38:45","modified_gmt":"2024-04-06T13:38:45","slug":"putin-moskova-saldirisinda-emri-verenleri-ariyor","status":"publish","type":"post","link":"https:\/\/avukatimtv.com\/index.php\/2024\/04\/06\/putin-moskova-saldirisinda-emri-verenleri-ariyor\/","title":{"rendered":"Putin, Moskova sald\u0131r\u0131s\u0131nda emri verenleri ar\u0131yor"},"content":{"rendered":"<\/p>\n<p>\n                <span>AA <\/span>\n            <\/p>\n<p class=\"text\">Rusya Devlet Ba\u015fkan\u0131 Vladimir Putin, Moskova&#8217;daki sald\u0131r\u0131n\u0131n pe\u015fini b\u0131rakm\u0131yor.<\/p>\n<p class=\"text\">Putin, Moskova\u2019da d\u00fczenlenen Rusya \u0130\u00e7i\u015fleri Bakanl\u0131\u011f\u0131 toplant\u0131s\u0131nda yapt\u0131\u011f\u0131 konu\u015fmada, 22 Mart\u2019ta Moskova&#8217;daki konser salonuna d\u00fczenlenen ter\u00f6r sald\u0131r\u0131s\u0131na ili\u015fkin a\u00e7\u0131klamalarda bulundu.<\/p>\n<p><strong>&#8220;Etnik anla\u015fmazl\u0131k, yabanc\u0131 d\u00fc\u015fmanl\u0131\u011f\u0131&#8221;<\/strong><\/p>\n<p class=\"text\">Rusya\u2019da yasa d\u0131\u015f\u0131 g\u00f6\u00e7menlik konusunun \u00f6nem ta\u015f\u0131d\u0131\u011f\u0131na i\u015faret eden Putin, &#8220;Bu t\u00fcr su\u00e7lar\u0131 i\u015fleyen gruplar\u0131n, bazen ger\u00e7ek su\u00e7 \u00f6rg\u00fctleriyle de kar\u015f\u0131 kar\u015f\u0131ya kal\u0131yoruz, \u00e7o\u011fu zaman s\u0131n\u0131r \u00f6tesi bir yap\u0131s\u0131 var ve yabanc\u0131 gizli servislerle el ele \u00e7al\u0131\u015f\u0131yorlar.&#8221; diye konu\u015ftu.<\/p>\n<p class=\"text\">Yap\u0131lan ter\u00f6r sald\u0131r\u0131s\u0131n\u0131n, Rusya\u2019daki farkl\u0131 etnik gruplara y\u00f6neltilmemesi gerekti\u011finin alt\u0131n\u0131 \u00e7izen Putin, &#8220;Etnik anla\u015fmazl\u0131\u011f\u0131, yabanc\u0131 d\u00fc\u015fmanl\u0131\u011f\u0131n\u0131, M\u00fcsl\u00fcman kar\u015f\u0131tl\u0131\u011f\u0131n\u0131 (\u0130slamofobi) ve buna benzer \u015feyleri k\u0131\u015fk\u0131rtmak i\u00e7in (Moskova\u2019daki ter\u00f6r sald\u0131r\u0131s\u0131) ya\u015fanan trajik olaydan faydalanmak kabul edilemez.&#8221; dedi.<\/p>\n<p><strong>&#8220;Hepsini bulaca\u011f\u0131z&#8221;<\/strong><\/p>\n<p class=\"text\">Putin, sald\u0131r\u0131n\u0131n arkas\u0131nda bulunanlar dahil t\u00fcm faillerin yakalanmas\u0131 gerekti\u011fini belirterek, &#8220;Hem failleri hem de bu su\u00e7tan fayda sa\u011flayanlar da dahil zincirin t\u00fcm halkalar\u0131n\u0131 ortaya \u00e7\u0131karmak bizim i\u00e7in \u00f6nemli. Kesinlikle hepsini bulaca\u011f\u0131z.&#8221; ifadesini kulland\u0131.<\/p>\n<p><strong>Moskova&#8217;daki ter\u00f6r sald\u0131r\u0131s\u0131<\/strong><\/p>\n<p class=\"text\">Moskova&#8217;da &#8220;Crocus City Hall&#8221; konser salonunda, 22 Mart ak\u015fam\u0131 silahl\u0131 ki\u015filerce ter\u00f6r sald\u0131r\u0131s\u0131 d\u00fczenlenmi\u015fti.<\/p>\n<p class=\"text\">Sosyal medyadaki payla\u015f\u0131mlarda, sald\u0131rganlar\u0131n otomatik silahlarla salonda rastgele ate\u015f a\u00e7t\u0131klar\u0131 g\u00f6r\u00fclm\u00fc\u015ft\u00fc.<\/p>\n<p class=\"text\">Ter\u00f6r sald\u0131r\u0131s\u0131nda ya\u015fam\u0131n\u0131 yitirenlerin say\u0131s\u0131n\u0131n 144&#8217;e y\u00fckseldi\u011fi a\u00e7\u0131klanm\u0131\u015ft\u0131.<\/p>\n<p>                            Haber Kayna\u011f\u0131: Anadolu Ajans\u0131 (AA)<\/p>\n","protected":false},"excerpt":{"rendered":"<p>AA Rusya Devlet Ba\u015fkan\u0131 Vladimir Putin, Moskova&#8217;daki sald\u0131r\u0131n\u0131n pe\u015fini b\u0131rakm\u0131yor. Putin, Moskova\u2019da d\u00fczenlenen Rusya \u0130\u00e7i\u015fleri Bakanl\u0131\u011f\u0131 toplant\u0131s\u0131nda yapt\u0131\u011f\u0131 konu\u015fmada, 22 Mart\u2019ta Moskova&#8217;daki konser salonuna d\u00fczenlenen ter\u00f6r sald\u0131r\u0131s\u0131na ili\u015fkin a\u00e7\u0131klamalarda bulundu. &#8220;Etnik anla\u015fmazl\u0131k, yabanc\u0131 d\u00fc\u015fmanl\u0131\u011f\u0131&#8221; Rusya\u2019da yasa d\u0131\u015f\u0131 g\u00f6\u00e7menlik konusunun \u00f6nem ta\u015f\u0131d\u0131\u011f\u0131na i\u015faret eden Putin, &#8220;Bu t\u00fcr su\u00e7lar\u0131 i\u015fleyen gruplar\u0131n, bazen ger\u00e7ek su\u00e7 \u00f6rg\u00fctleriyle de kar\u015f\u0131 [&hellip;]<\/p>\n","protected":false},"author":1,"featured_media":1353,"comment_status":"open","ping_status":"closed","sticky":false,"template":"","format":"standard","meta":{"footnotes":""},"categories":[3],"tags":[22],"class_list":["post-1351","post","type-post","status-publish","format-standard","has-post-thumbnail","hentry","category-dunya","tag-dunya"],"_links":{"self":[{"href":"https:\/\/avukatimtv.com\/index.php\/wp-json\/wp\/v2\/posts\/1351","targetHints":{"allow":["GET"]}}],"collection":[{"href":"https:\/\/avukatimtv.com\/index.php\/wp-json\/wp\/v2\/posts"}],"about":[{"href":"https:\/\/avukatimtv.com\/index.php\/wp-json\/wp\/v2\/types\/post"}],"author":[{"embeddable":true,"href":"https:\/\/avukatimtv.com\/index.php\/wp-json\/wp\/v2\/users\/1"}],"replies":[{"embeddable":true,"href":"https:\/\/avukatimtv.com\/index.php\/wp-json\/wp\/v2\/comments?post=1351"}],"version-history":[{"count":0,"href":"https:\/\/avukatimtv.com\/index.php\/wp-json\/wp\/v2\/posts\/1351\/revisions"}],"wp:featuredmedia":[{"embeddable":true,"href":"https:\/\/avukatimtv.com\/index.php\/wp-json\/wp\/v2\/media\/1353"}],"wp:attachment":[{"href":"https:\/\/avukatimtv.com\/index.php\/wp-json\/wp\/v2\/media?parent=1351"}],"wp:term":[{"taxonomy":"category","embeddable":true,"href":"https:\/\/avukatimtv.com\/index.php\/wp-json\/wp\/v2\/categories?post=1351"},{"taxonomy":"post_tag","embeddable":true,"href":"https:\/\/avukatimtv.com\/index.php\/wp-json\/wp\/v2\/tags?post=1351"}],"curies":[{"name":"wp","href":"https:\/\/api.w.org\/{rel}","templated":true}]}}