{"id":1358,"date":"2024-04-06T16:38:47","date_gmt":"2024-04-06T13:38:47","guid":{"rendered":"https:\/\/haberv8.thewpdemo.com\/yunanistanda-orman-yangini-katerinden-alevler-yukseldi\/-1358.html"},"modified":"2024-04-06T16:38:47","modified_gmt":"2024-04-06T13:38:47","slug":"yunanistanda-orman-yangini-katerinden-alevler-yukseldi","status":"publish","type":"post","link":"https:\/\/avukatimtv.com\/index.php\/2024\/04\/06\/yunanistanda-orman-yangini-katerinden-alevler-yukseldi\/","title":{"rendered":"Yunanistan&#8217;da orman yang\u0131n\u0131: Katerin&#8217;den alevler y\u00fckseldi"},"content":{"rendered":"<\/p>\n<p>\n                <span>AA <\/span>\n            <\/p>\n<p class=\"text\">Yunanistan, yaz mevsimi \u00f6ncesi tekrar orman yang\u0131nlar\u0131yla m\u00fccadele etmeye ba\u015flad\u0131.<\/p>\n<p class=\"text\">Katerin kentinde ormanl\u0131k alanda yang\u0131n \u00e7\u0131kt\u0131. Yunan bas\u0131n\u0131na g\u00f6re, d\u00fcn \u00f6\u011fle saatlerinde ba\u015flayan yang\u0131n devam ediyor.<\/p>\n<p class=\"text\">\u0130tfaiye ekiplerinin havadan ve karadan m\u00fcdahale etti\u011fi yang\u0131n\u0131n, t\u00fcm \u00e7abalara ra\u011fmen kontrol alt\u0131na al\u0131namad\u0131\u011f\u0131 belirtildi.<\/p>\n<p><strong>15 ara\u00e7 kat\u0131ld\u0131<\/strong><\/p>\n<p class=\"text\">Ula\u015f\u0131lmas\u0131 zor bir alanda etkili oldu\u011fu kaydedilen yang\u0131n\u0131 s\u00f6nd\u00fcrme \u00e7al\u0131\u015fmalar\u0131na 59 itfaiye ekibi ve 15 yang\u0131n s\u00f6nd\u00fcrme arac\u0131n\u0131n kat\u0131ld\u0131\u011f\u0131 bilgisi payla\u015f\u0131ld\u0131.<\/p>\n<p><img decoding=\"async\" src=\"https:\/\/haberv8.thewpdemo.com\/wp-content\/uploads\/2024\/04\/yunanistanda-orman-yangini-katerinden-alevler-yukseldi-0.jpg\" \/><\/p>\n<p><strong>AB&#8217;de kay\u0131t alt\u0131na al\u0131nanlar\u0131n en b\u00fcy\u00fc\u011f\u00fc<\/strong><\/p>\n<p class=\"text\">Yunanistan&#8217;\u0131n Dedea\u011fa\u00e7 ve Meri\u00e7 B\u00f6lgesi&#8217;nde ge\u00e7en y\u0131l 19 A\u011fustos&#8217;tan itibaren bir s\u00fcredir devam eden yang\u0131nlar\u0131n, Avrupa Birli\u011fi (AB) i\u00e7inde 2000 y\u0131l\u0131ndan bu yana tutulan kay\u0131tlardaki en b\u00fcy\u00fck yang\u0131nlar oldu\u011fu bildirilmi\u015fti.<\/p>\n<p class=\"text\">Sadece Dedea\u011fa\u00e7 b\u00f6lgesindeki yang\u0131nlarda, yakla\u015f\u0131k 10 g\u00fcnde 81 bin hektar alan k\u00fcle d\u00f6nm\u00fc\u015ft\u00fc.<\/p>\n<p>                            Haber Kayna\u011f\u0131: Anadolu Ajans\u0131 (AA)<\/p>\n","protected":false},"excerpt":{"rendered":"<p>AA Yunanistan, yaz mevsimi \u00f6ncesi tekrar orman yang\u0131nlar\u0131yla m\u00fccadele etmeye ba\u015flad\u0131. Katerin kentinde ormanl\u0131k alanda yang\u0131n \u00e7\u0131kt\u0131. Yunan bas\u0131n\u0131na g\u00f6re, d\u00fcn \u00f6\u011fle saatlerinde ba\u015flayan yang\u0131n devam ediyor. \u0130tfaiye ekiplerinin havadan ve karadan m\u00fcdahale etti\u011fi yang\u0131n\u0131n, t\u00fcm \u00e7abalara ra\u011fmen kontrol alt\u0131na al\u0131namad\u0131\u011f\u0131 belirtildi. 15 ara\u00e7 kat\u0131ld\u0131 Ula\u015f\u0131lmas\u0131 zor bir alanda etkili oldu\u011fu kaydedilen yang\u0131n\u0131 s\u00f6nd\u00fcrme \u00e7al\u0131\u015fmalar\u0131na [&hellip;]<\/p>\n","protected":false},"author":1,"featured_media":1362,"comment_status":"open","ping_status":"closed","sticky":false,"template":"","format":"standard","meta":{"footnotes":""},"categories":[3],"tags":[22],"class_list":["post-1358","post","type-post","status-publish","format-standard","has-post-thumbnail","hentry","category-dunya","tag-dunya"],"_links":{"self":[{"href":"https:\/\/avukatimtv.com\/index.php\/wp-json\/wp\/v2\/posts\/1358","targetHints":{"allow":["GET"]}}],"collection":[{"href":"https:\/\/avukatimtv.com\/index.php\/wp-json\/wp\/v2\/posts"}],"about":[{"href":"https:\/\/avukatimtv.com\/index.php\/wp-json\/wp\/v2\/types\/post"}],"author":[{"embeddable":true,"href":"https:\/\/avukatimtv.com\/index.php\/wp-json\/wp\/v2\/users\/1"}],"replies":[{"embeddable":true,"href":"https:\/\/avukatimtv.com\/index.php\/wp-json\/wp\/v2\/comments?post=1358"}],"version-history":[{"count":0,"href":"https:\/\/avukatimtv.com\/index.php\/wp-json\/wp\/v2\/posts\/1358\/revisions"}],"wp:featuredmedia":[{"embeddable":true,"href":"https:\/\/avukatimtv.com\/index.php\/wp-json\/wp\/v2\/media\/1362"}],"wp:attachment":[{"href":"https:\/\/avukatimtv.com\/index.php\/wp-json\/wp\/v2\/media?parent=1358"}],"wp:term":[{"taxonomy":"category","embeddable":true,"href":"https:\/\/avukatimtv.com\/index.php\/wp-json\/wp\/v2\/categories?post=1358"},{"taxonomy":"post_tag","embeddable":true,"href":"https:\/\/avukatimtv.com\/index.php\/wp-json\/wp\/v2\/tags?post=1358"}],"curies":[{"name":"wp","href":"https:\/\/api.w.org\/{rel}","templated":true}]}}