{"id":1363,"date":"2024-04-06T16:38:49","date_gmt":"2024-04-06T13:38:49","guid":{"rendered":"https:\/\/haberv8.thewpdemo.com\/nato-uyeligi-su-anda-gundemimizde-degil\/-1363.html"},"modified":"2024-04-06T16:38:49","modified_gmt":"2024-04-06T13:38:49","slug":"nato-uyeligi-su-anda-gundemimizde-degil","status":"publish","type":"post","link":"https:\/\/avukatimtv.com\/index.php\/2024\/04\/06\/nato-uyeligi-su-anda-gundemimizde-degil\/","title":{"rendered":"NATO \u00fcyeli\u011fi, \u015fu anda g\u00fcndemimizde de\u011fil"},"content":{"rendered":"<\/p>\n<p class=\"text\">Ermenistan D\u0131\u015fi\u015fleri Bakan\u0131 Ararat Mirzoyan, NATO \u00fcyeli\u011finin \u015fu anda g\u00fcndemlerinde olmad\u0131\u011f\u0131n\u0131 s\u00f6yledi.<\/p>\n<p class=\"text\">Mirzoyan, Erivan y\u00f6netiminin mevcut tutumunu Arjantin bas\u0131n\u0131na verdi\u011fi deme\u00e7te dile getirdi.<\/p>\n<p class=\"text\">Ermeni Bakan&#8217;a, \u00fclkesinin NATO ile yak\u0131nla\u015fmay\u0131 isteyip istemedi\u011fi soruldu.<\/p>\n<p><strong>&#8220;\u015eu anda Ermenistan&#8217;\u0131n g\u00fcndeminde b\u00f6yle bir konu yok&#8221;<\/strong><\/p>\n<p class=\"text\">Mirzoyan, askeri ittifak ile halihaz\u0131rda i\u015f birli\u011fi yapt\u0131klar\u0131n\u0131 belirterek \u015funlar\u0131 ifade etti:<\/p>\n<p>Bar\u0131\u015f\u0131 koruma operasyonlar\u0131na kat\u0131l\u0131yoruz. Afganistan&#8217;dayd\u0131k, son zamanlarda Kosova&#8217;daki bar\u0131\u015f\u0131 koruma g\u00fc\u00e7lerimizin say\u0131s\u0131n\u0131 art\u0131rd\u0131k.<\/p>\n<p>Bizim bir i\u015f birli\u011fi format\u0131m\u0131z var. NATO&#8217;ya kat\u0131l\u0131m ba\u015fvurusunu veya isteklerini kastediyorsan\u0131z hay\u0131r. \u015eu anda Ermenistan&#8217;\u0131n g\u00fcndeminde b\u00f6yle bir konu yok.<\/p>\n<p><img decoding=\"async\" src=\"https:\/\/haberv8.thewpdemo.com\/wp-content\/uploads\/2024\/04\/nato-uyeligi-su-anda-gundemimizde-degil-0.jpg\" \/><\/p>\n<p><strong>&#8220;AB&#8217;ye \u00f6zlem duyuyoruz&#8221;<\/strong><\/p>\n<p class=\"text\">S\u00f6z\u00fc Avrupa Birli\u011fi (AB) ile ili\u015fkilere getiren Ararat Mirzoyan, Ermenistan halk\u0131n\u0131n Avrupa&#8217;ya \u00f6zlem duydu\u011funu kaydetti.<\/p>\n<p class=\"text\">Mirzoyan, Ermenistan Ba\u015fbakan\u0131 Nikol Pa\u015finyan&#8217;\u0131n &#8220;AB m\u00fcmk\u00fcn g\u00f6rd\u00fc\u011f\u00fc \u00f6l\u00e7\u00fcde yak\u0131n olmaya haz\u0131r\u0131z.&#8221; \u015feklindeki a\u00e7\u0131klamas\u0131n\u0131 hat\u0131rlatt\u0131.<\/p>\n","protected":false},"excerpt":{"rendered":"<p>Ermenistan D\u0131\u015fi\u015fleri Bakan\u0131 Ararat Mirzoyan, NATO \u00fcyeli\u011finin \u015fu anda g\u00fcndemlerinde olmad\u0131\u011f\u0131n\u0131 s\u00f6yledi. Mirzoyan, Erivan y\u00f6netiminin mevcut tutumunu Arjantin bas\u0131n\u0131na verdi\u011fi deme\u00e7te dile getirdi. Ermeni Bakan&#8217;a, \u00fclkesinin NATO ile yak\u0131nla\u015fmay\u0131 isteyip istemedi\u011fi soruldu. &#8220;\u015eu anda Ermenistan&#8217;\u0131n g\u00fcndeminde b\u00f6yle bir konu yok&#8221; Mirzoyan, askeri ittifak ile halihaz\u0131rda i\u015f birli\u011fi yapt\u0131klar\u0131n\u0131 belirterek \u015funlar\u0131 ifade etti: Bar\u0131\u015f\u0131 koruma operasyonlar\u0131na [&hellip;]<\/p>\n","protected":false},"author":1,"featured_media":1366,"comment_status":"open","ping_status":"closed","sticky":false,"template":"","format":"standard","meta":{"footnotes":""},"categories":[3],"tags":[22],"class_list":["post-1363","post","type-post","status-publish","format-standard","has-post-thumbnail","hentry","category-dunya","tag-dunya"],"_links":{"self":[{"href":"https:\/\/avukatimtv.com\/index.php\/wp-json\/wp\/v2\/posts\/1363","targetHints":{"allow":["GET"]}}],"collection":[{"href":"https:\/\/avukatimtv.com\/index.php\/wp-json\/wp\/v2\/posts"}],"about":[{"href":"https:\/\/avukatimtv.com\/index.php\/wp-json\/wp\/v2\/types\/post"}],"author":[{"embeddable":true,"href":"https:\/\/avukatimtv.com\/index.php\/wp-json\/wp\/v2\/users\/1"}],"replies":[{"embeddable":true,"href":"https:\/\/avukatimtv.com\/index.php\/wp-json\/wp\/v2\/comments?post=1363"}],"version-history":[{"count":0,"href":"https:\/\/avukatimtv.com\/index.php\/wp-json\/wp\/v2\/posts\/1363\/revisions"}],"wp:featuredmedia":[{"embeddable":true,"href":"https:\/\/avukatimtv.com\/index.php\/wp-json\/wp\/v2\/media\/1366"}],"wp:attachment":[{"href":"https:\/\/avukatimtv.com\/index.php\/wp-json\/wp\/v2\/media?parent=1363"}],"wp:term":[{"taxonomy":"category","embeddable":true,"href":"https:\/\/avukatimtv.com\/index.php\/wp-json\/wp\/v2\/categories?post=1363"},{"taxonomy":"post_tag","embeddable":true,"href":"https:\/\/avukatimtv.com\/index.php\/wp-json\/wp\/v2\/tags?post=1363"}],"curies":[{"name":"wp","href":"https:\/\/api.w.org\/{rel}","templated":true}]}}