{"id":1365,"date":"2024-04-06T16:38:49","date_gmt":"2024-04-06T13:38:49","guid":{"rendered":"https:\/\/haberv8.thewpdemo.com\/almanya-keyif-amacli-uyusturucuyu-yasallastiran-en-buyuk-ab-ulkesi-oldu\/-1365.html"},"modified":"2024-04-06T16:38:49","modified_gmt":"2024-04-06T13:38:49","slug":"almanya-keyif-amacli-uyusturucuyu-yasallastiran-en-buyuk-ab-ulkesi-oldu","status":"publish","type":"post","link":"https:\/\/avukatimtv.com\/index.php\/2024\/04\/06\/almanya-keyif-amacli-uyusturucuyu-yasallastiran-en-buyuk-ab-ulkesi-oldu\/","title":{"rendered":"Almanya, keyif ama\u00e7l\u0131 uyu\u015fturucuyu yasalla\u015ft\u0131ran en b\u00fcy\u00fck AB \u00fclkesi oldu"},"content":{"rendered":"<\/p>\n<p class=\"text\">Almanya, pazartesi g\u00fcn\u00fc keyif ama\u00e7l\u0131 esrar\u0131 yasalla\u015ft\u0131ran en b\u00fcy\u00fck Avrupa Birli\u011fi (AB) \u00fclkesi oldu.<\/p>\n<p class=\"text\">Bu geli\u015fme, \u00fclkedeki muhalif politikac\u0131lar\u0131n ve tabip birliklerinin \u015fiddetli itirazlar\u0131na ra\u011fmen ya\u015fand\u0131.<\/p>\n<p class=\"text\">Yeni yasan\u0131n ilk ad\u0131m\u0131na g\u00f6re, 18 ya\u015f \u00fcst\u00fc yeti\u015fkinlerin art\u0131k 25 gram kurutulmu\u015f kenevir ta\u015f\u0131mas\u0131na ve evde \u00fc\u00e7 adede kadar kenevir bitkisi yeti\u015ftirmesine izin veriliyor.<\/p>\n<p><strong>Almanya&#8217;da uyu\u015fturucu d\u00fczenlemesi<\/strong><\/p>\n<p class=\"text\">Bir sonraki ad\u0131m olarak, 1 Temmuz&#8217;dan itibaren Almanya&#8217;daki &#8220;esrar kul\u00fcpleri&#8221; arac\u0131l\u0131\u011f\u0131yla uyu\u015fturucunun yasal olarak temin edilmesi m\u00fcmk\u00fcn olacak.<\/p>\n<p class=\"text\">Bu mekanlar\u0131n her birinin en fazla 500 \u00fcyeye sahip olmas\u0131na izin verilecek. Ki\u015fi ba\u015f\u0131na ayda 50 grama kadar uyu\u015fturucu da\u011f\u0131tabilecekler.<\/p>\n<p><img decoding=\"async\" src=\"https:\/\/haberv8.thewpdemo.com\/wp-content\/uploads\/2024\/04\/almanya-keyif-amacli-uyusturucuyu-yasallastiran-en-buyuk-ab-ulkesi-oldu-0.jpg\" \/><\/p>\n<p><strong>Karaborsay\u0131 kontrol alt\u0131na almay\u0131 hedefliyorlar<\/strong><\/p>\n<p class=\"text\">AFP&#8217;nin aktard\u0131\u011f\u0131na g\u00f6re, uyu\u015fturucunun lisansl\u0131 ma\u011fazalar arac\u0131l\u0131\u011f\u0131yla sat\u0131lmas\u0131na ili\u015fkin ilk planlar, AB&#8217;nin kar\u015f\u0131 \u00e7\u0131kmas\u0131 nedeniyle iptal edilmi\u015fti.<\/p>\n<p class=\"text\">\u015eans\u00f6lye Olaf Scholz&#8217;un liderli\u011findeki \u00fc\u00e7l\u00fc koalisyondan olu\u015fan Alman h\u00fck\u00fcmeti, uyu\u015fturucuyu yasal hale getirmenin &#8220;b\u00fcy\u00fcyen karaborsan\u0131n kontrol alt\u0131na al\u0131nmas\u0131na yard\u0131mc\u0131 olaca\u011f\u0131n\u0131&#8221; savunuyor.<\/p>\n<p><strong>Sa\u011fl\u0131k uyar\u0131s\u0131: Gen\u00e7ler risk alt\u0131nda<\/strong><\/p>\n<p class=\"text\">Ancak sa\u011fl\u0131k gruplar\u0131, en y\u00fcksek sa\u011fl\u0131k riskleriyle kar\u015f\u0131 kar\u015f\u0131ya olan gen\u00e7ler aras\u0131nda s\u00f6z konusu maddenin kullan\u0131m\u0131n\u0131n artaca\u011f\u0131ndan endi\u015fe duyuyor.<\/p>\n<p class=\"text\">Uzmanlar, gen\u00e7ler aras\u0131nda uyu\u015fturucu kullan\u0131m\u0131n\u0131n merkezi sinir sisteminin geli\u015fimini etkileyerek psikoz ve \u015fizofreni geli\u015fme riskinin artmas\u0131na yol a\u00e7abilece\u011fi konusunda uyar\u0131yor.<\/p>\n","protected":false},"excerpt":{"rendered":"<p>Almanya, pazartesi g\u00fcn\u00fc keyif ama\u00e7l\u0131 esrar\u0131 yasalla\u015ft\u0131ran en b\u00fcy\u00fck Avrupa Birli\u011fi (AB) \u00fclkesi oldu. Bu geli\u015fme, \u00fclkedeki muhalif politikac\u0131lar\u0131n ve tabip birliklerinin \u015fiddetli itirazlar\u0131na ra\u011fmen ya\u015fand\u0131. Yeni yasan\u0131n ilk ad\u0131m\u0131na g\u00f6re, 18 ya\u015f \u00fcst\u00fc yeti\u015fkinlerin art\u0131k 25 gram kurutulmu\u015f kenevir ta\u015f\u0131mas\u0131na ve evde \u00fc\u00e7 adede kadar kenevir bitkisi yeti\u015ftirmesine izin veriliyor. Almanya&#8217;da uyu\u015fturucu d\u00fczenlemesi Bir [&hellip;]<\/p>\n","protected":false},"author":1,"featured_media":1368,"comment_status":"open","ping_status":"closed","sticky":false,"template":"","format":"standard","meta":{"footnotes":""},"categories":[3],"tags":[22],"class_list":["post-1365","post","type-post","status-publish","format-standard","has-post-thumbnail","hentry","category-dunya","tag-dunya"],"_links":{"self":[{"href":"https:\/\/avukatimtv.com\/index.php\/wp-json\/wp\/v2\/posts\/1365","targetHints":{"allow":["GET"]}}],"collection":[{"href":"https:\/\/avukatimtv.com\/index.php\/wp-json\/wp\/v2\/posts"}],"about":[{"href":"https:\/\/avukatimtv.com\/index.php\/wp-json\/wp\/v2\/types\/post"}],"author":[{"embeddable":true,"href":"https:\/\/avukatimtv.com\/index.php\/wp-json\/wp\/v2\/users\/1"}],"replies":[{"embeddable":true,"href":"https:\/\/avukatimtv.com\/index.php\/wp-json\/wp\/v2\/comments?post=1365"}],"version-history":[{"count":0,"href":"https:\/\/avukatimtv.com\/index.php\/wp-json\/wp\/v2\/posts\/1365\/revisions"}],"wp:featuredmedia":[{"embeddable":true,"href":"https:\/\/avukatimtv.com\/index.php\/wp-json\/wp\/v2\/media\/1368"}],"wp:attachment":[{"href":"https:\/\/avukatimtv.com\/index.php\/wp-json\/wp\/v2\/media?parent=1365"}],"wp:term":[{"taxonomy":"category","embeddable":true,"href":"https:\/\/avukatimtv.com\/index.php\/wp-json\/wp\/v2\/categories?post=1365"},{"taxonomy":"post_tag","embeddable":true,"href":"https:\/\/avukatimtv.com\/index.php\/wp-json\/wp\/v2\/tags?post=1365"}],"curies":[{"name":"wp","href":"https:\/\/api.w.org\/{rel}","templated":true}]}}