{"id":1372,"date":"2024-04-06T16:43:30","date_gmt":"2024-04-06T13:43:30","guid":{"rendered":"https:\/\/haberv8.thewpdemo.com\/deniz-tasitlarina-verilecek-tanitim-numarasina-ait-ayrintilar-belli-oldu\/-1372.html"},"modified":"2024-04-06T16:43:30","modified_gmt":"2024-04-06T13:43:30","slug":"deniz-tasitlarina-verilecek-tanitim-numarasina-ait-ayrintilar-belli-oldu","status":"publish","type":"post","link":"https:\/\/avukatimtv.com\/index.php\/2024\/04\/06\/deniz-tasitlarina-verilecek-tanitim-numarasina-ait-ayrintilar-belli-oldu\/","title":{"rendered":"Deniz ta\u015f\u0131tlar\u0131na verilecek tan\u0131t\u0131m numaras\u0131na ait ayr\u0131nt\u0131lar belli oldu"},"content":{"rendered":"<\/p>\n<p>\n                <span>AA <\/span>\n            <\/p>\n<p class=\"text\">Ula\u015ft\u0131rma ve Altyap\u0131 Bakanl\u0131\u011f\u0131, deniz ara\u00e7lar\u0131 ile ilgili bir kara ald\u0131.<\/p>\n<p class=\"text\">Al\u0131nna karar g\u00f6re bundan sonra deniz ta\u015f\u0131tlar\u0131na art\u0131k tan\u0131t\u0131m numaras\u0131 verilecek.<\/p>\n<p class=\"text\">Verilecek bu numaralarda yer alacak tekil imalat\u00e7\u0131 kodlar\u0131n\u0131n tahsisine ili\u015fkin kurallar belli oldu.<\/p>\n<p class=\"text\">Ula\u015ft\u0131rma ve Altyap\u0131 Bakanl\u0131\u011f\u0131nca haz\u0131rlanan &#8220;Gezi Tekneleri ve Ki\u015fisel Deniz Ta\u015f\u0131tlar\u0131 Y\u00f6netmeli\u011fi Kapsam\u0131nda Tekil \u0130malat\u00e7\u0131 Kodlar\u0131n\u0131n Tahsisi, Kullan\u0131m\u0131 ve Tesciline Dair Tebli\u011f&#8221; Resmi Gazete&#8217;de yay\u0131nlanarak y\u00fcr\u00fcrl\u00fc\u011fe girdi.<\/p>\n<p class=\"text\">Tebli\u011f ile &#8220;Gezi Tekneleri ve Ki\u015fisel Deniz Ta\u015f\u0131tlar\u0131 Y\u00f6netmeli\u011fi&#8221; kapsam\u0131nda \u00fcretilen deniz ta\u015f\u0131tlar\u0131na verilecek tan\u0131t\u0131m numaralar\u0131yla bu numaralarda yer alan tekil imalat\u00e7\u0131 kodlar\u0131n\u0131n tahsisi, kullan\u0131m\u0131 ve tesciline ili\u015fkin kurallar belirlendi.<\/p>\n<p><strong>Numara i\u00e7eri\u011finde, imalat\u00e7\u0131n\u0131n bilgileri olacak<\/strong><\/p>\n<p class=\"text\">Buna g\u00f6re, deniz ta\u015f\u0131t\u0131 tan\u0131t\u0131m numaras\u0131 i\u00e7eri\u011finde, imalat\u00e7\u0131n\u0131n yerle\u015fik oldu\u011fu \u00fclke kodu, deniz ta\u015f\u0131t\u0131n\u0131n \u00fcretim ay\u0131 ve y\u0131l\u0131, bir deniz ta\u015f\u0131t\u0131n\u0131n piyasaya arz edilmesinin ama\u00e7land\u0131\u011f\u0131 y\u0131la kar\u015f\u0131l\u0131k gelen model y\u0131l\u0131n\u0131n yer almas\u0131 gerekecek.<\/p>\n<p><strong>Tekil imalat\u00e7\u0131 kodunun tahsisinde bakanl\u0131k sorumlu<\/strong><\/p>\n<p class=\"text\">Tekil imalat\u00e7\u0131 kodunun tahsisinde Ula\u015ft\u0131rma ve Altyap\u0131 Bakanl\u0131\u011f\u0131 Tersaneler ve K\u0131y\u0131 Yap\u0131lar\u0131 Genel M\u00fcd\u00fcrl\u00fc\u011f\u00fc (\u0130dare) sorumlu olacak.<\/p>\n<p><img decoding=\"async\" src=\"https:\/\/haberv8.thewpdemo.com\/wp-content\/uploads\/2024\/04\/deniz-tasitlarina-verilecek-tanitim-numarasina-ait-ayrintilar-belli-oldu-0.jpg\" \/><\/p>\n<p><strong>Avrupa Komisyonu&#8217;na bildirim yap\u0131lacak<\/strong><\/p>\n<p class=\"text\">\u0130dare, tekil imalat\u00e7\u0131 kodunun tahsisinden sorumlu oldu\u011fu konuda Ticaret Bakanl\u0131\u011f\u0131 arac\u0131l\u0131\u011f\u0131yla Avrupa Komisyonu&#8217;na bildirim yapacak. <\/p>\n<p><strong>Ba\u015fvurunun yap\u0131laca\u011f\u0131 dil<\/strong><\/p>\n<p class=\"text\">\u0130malat\u00e7\u0131, deniz ta\u015f\u0131t\u0131n\u0131 piyasaya arz etmeden \u00f6nce, tekil imalat\u00e7\u0131 kodunun tahsisi i\u00e7in \u0130dareye, T\u00fcrkiye&#8217;de yerle\u015fik olmas\u0131 durumunda T\u00fcrk\u00e7e, T\u00fcrkiye&#8217;de yerle\u015fik olmamas\u0131 halinde ise \u0130darenin kabul edece\u011fi di\u011fer bir dilde ba\u015fvuru yapacak.<\/p>\n<p><strong>AB tescil platformu<\/strong><\/p>\n<p class=\"text\">\u0130dare, vermi\u015f oldu\u011fu tekil imalat\u00e7\u0131 kodlar\u0131n\u0131n ulusal tescilini ger\u00e7ekle\u015ftirecek. Bu kodlara Avrupa Birli\u011fi (AB) \u00fcyesi \u00fclkelerin eri\u015febilmesi i\u00e7in AB tescil platformuna iletilecek. \u0130dare, \u00fc\u00e7\u00fcnc\u00fc \u00fclkelerde yerle\u015fik imalat\u00e7\u0131ya tekil imalat\u00e7\u0131 kodu tahsis etmesi durumunda bunu \u00fc\u00e7\u00fcnc\u00fc \u00fclkeler i\u00e7in i\u015fbirli\u011fi platformuna bildirecek.<\/p>\n<p><strong>100 bin lira hizmet bedeli yat\u0131r\u0131lacak<\/strong><\/p>\n<p class=\"text\">Tekil imalat\u00e7\u0131 kodu tahsis i\u015flemleri kapsam\u0131nda Ula\u015ft\u0131rma ve Altyap\u0131 Bakanl\u0131\u011f\u0131 D\u00f6ner Sermaye \u0130\u015fletme Dairesi Ba\u015fkanl\u0131\u011f\u0131 hesab\u0131na 100 bin lira hizmet bedeli yat\u0131r\u0131lacak.<\/p>\n<p>        Haber Kayna\u011f\u0131: Anadolu Ajans\u0131 (AA)<\/p>\n","protected":false},"excerpt":{"rendered":"<p>AA Ula\u015ft\u0131rma ve Altyap\u0131 Bakanl\u0131\u011f\u0131, deniz ara\u00e7lar\u0131 ile ilgili bir kara ald\u0131. Al\u0131nna karar g\u00f6re bundan sonra deniz ta\u015f\u0131tlar\u0131na art\u0131k tan\u0131t\u0131m numaras\u0131 verilecek. Verilecek bu numaralarda yer alacak tekil imalat\u00e7\u0131 kodlar\u0131n\u0131n tahsisine ili\u015fkin kurallar belli oldu. Ula\u015ft\u0131rma ve Altyap\u0131 Bakanl\u0131\u011f\u0131nca haz\u0131rlanan &#8220;Gezi Tekneleri ve Ki\u015fisel Deniz Ta\u015f\u0131tlar\u0131 Y\u00f6netmeli\u011fi Kapsam\u0131nda Tekil \u0130malat\u00e7\u0131 Kodlar\u0131n\u0131n Tahsisi, Kullan\u0131m\u0131 ve [&hellip;]<\/p>\n","protected":false},"author":1,"featured_media":1374,"comment_status":"open","ping_status":"closed","sticky":false,"template":"","format":"standard","meta":{"footnotes":""},"categories":[5],"tags":[24],"class_list":["post-1372","post","type-post","status-publish","format-standard","has-post-thumbnail","hentry","category-ekonomi","tag-ekonomi"],"_links":{"self":[{"href":"https:\/\/avukatimtv.com\/index.php\/wp-json\/wp\/v2\/posts\/1372","targetHints":{"allow":["GET"]}}],"collection":[{"href":"https:\/\/avukatimtv.com\/index.php\/wp-json\/wp\/v2\/posts"}],"about":[{"href":"https:\/\/avukatimtv.com\/index.php\/wp-json\/wp\/v2\/types\/post"}],"author":[{"embeddable":true,"href":"https:\/\/avukatimtv.com\/index.php\/wp-json\/wp\/v2\/users\/1"}],"replies":[{"embeddable":true,"href":"https:\/\/avukatimtv.com\/index.php\/wp-json\/wp\/v2\/comments?post=1372"}],"version-history":[{"count":0,"href":"https:\/\/avukatimtv.com\/index.php\/wp-json\/wp\/v2\/posts\/1372\/revisions"}],"wp:featuredmedia":[{"embeddable":true,"href":"https:\/\/avukatimtv.com\/index.php\/wp-json\/wp\/v2\/media\/1374"}],"wp:attachment":[{"href":"https:\/\/avukatimtv.com\/index.php\/wp-json\/wp\/v2\/media?parent=1372"}],"wp:term":[{"taxonomy":"category","embeddable":true,"href":"https:\/\/avukatimtv.com\/index.php\/wp-json\/wp\/v2\/categories?post=1372"},{"taxonomy":"post_tag","embeddable":true,"href":"https:\/\/avukatimtv.com\/index.php\/wp-json\/wp\/v2\/tags?post=1372"}],"curies":[{"name":"wp","href":"https:\/\/api.w.org\/{rel}","templated":true}]}}