{"id":1378,"date":"2024-04-06T16:43:55","date_gmt":"2024-04-06T13:43:55","guid":{"rendered":"https:\/\/haberv8.thewpdemo.com\/kkm-hesaplarinda-gerileme-devam-etti\/-1378.html"},"modified":"2024-04-06T16:43:55","modified_gmt":"2024-04-06T13:43:55","slug":"kkm-hesaplarinda-gerileme-devam-etti","status":"publish","type":"post","link":"https:\/\/avukatimtv.com\/index.php\/2024\/04\/06\/kkm-hesaplarinda-gerileme-devam-etti\/","title":{"rendered":"KKM hesaplar\u0131nda gerileme devam etti"},"content":{"rendered":"<\/p>\n<p class=\"text\">Kur korumal\u0131 mevduatlar\u0131n (KKM) toplam\u0131 3,4 trilyon TL ile rekor seviyeye y\u00fckselmi\u015fti.<\/p>\n<p class=\"text\">Kur korumal\u0131 mevduatlar\u0131n d\u00fc\u015f\u00fcr\u00fclmesi ama\u00e7lan\u0131yor.<\/p>\n<p class=\"text\">Son al\u0131nan kararla 1 Ocak 2024&#8217;ten itibaren, TL d\u00f6n\u00fc\u015f\u00fcml\u00fc Kur Korumal\u0131 Mevduat hesab\u0131n\u0131n a\u00e7\u0131lmayaca\u011f\u0131 bildirildi.<\/p>\n<p class=\"text\">T\u00fcrk Liras\u0131&#8217;nda yeni KKM hesaplar\u0131 a\u00e7\u0131lm\u0131yor, \u00f6nce a\u00e7\u0131lanlar\u0131n vadesinin bitmesi bekleniyor ancak d\u00f6vizle hesap a\u00e7\u0131l\u0131\u015flar\u0131 da s\u00fcr\u00fcyor.<\/p>\n<p class=\"text\">KKM ve kat\u0131lma hesaplar\u0131ndaki tutar, verilen kararlar\u0131n ard\u0131ndan gerilemeye ba\u015flad\u0131.<\/p>\n<p><strong>D\u00fc\u015f\u00fc\u015f s\u00fcr\u00fcyor, h\u0131z\u0131 yava\u015flad\u0131<\/strong><\/p>\n<p class=\"text\">Bankac\u0131l\u0131k D\u00fczenleme ve Denetleme Kurumu&#8217;nun (BDDK) haftal\u0131k b\u00fclteninde yer alan bilgilere g\u00f6re,<span> b<\/span>u do\u011frultuda KKM hesaplar\u0131nda d\u00fc\u015f\u00fc\u015f s\u00fcrse de azal\u0131\u015f h\u0131z\u0131 yava\u015flad\u0131.<\/p>\n<p><strong>KKM&#8217;de 1 haftal\u0131k \u00e7\u0131k\u0131\u015f 11.8 milyar TL<\/strong><\/p>\n<p class=\"text\">Bankac\u0131l\u0131k D\u00fczenleme ve Denetleme Kurumu&#8217;nun (BDDK) haftal\u0131k b\u00fclteninde yer alan bilgilere g\u00f6re, kur korumal\u0131 TL mevduat ve kat\u0131lma hesaplar\u0131 2 trilyon 288,3 milyar TL&#8217;den 2 trilyon 276,5 milyar TL&#8217;ye geriledi.<\/p>\n<p><img decoding=\"async\" src=\"https:\/\/haberv8.thewpdemo.com\/wp-content\/uploads\/2024\/04\/kkm-hesaplarinda-gerileme-devam-etti-0.jpg\" \/><\/p>\n","protected":false},"excerpt":{"rendered":"<p>Kur korumal\u0131 mevduatlar\u0131n (KKM) toplam\u0131 3,4 trilyon TL ile rekor seviyeye y\u00fckselmi\u015fti. Kur korumal\u0131 mevduatlar\u0131n d\u00fc\u015f\u00fcr\u00fclmesi ama\u00e7lan\u0131yor. Son al\u0131nan kararla 1 Ocak 2024&#8217;ten itibaren, TL d\u00f6n\u00fc\u015f\u00fcml\u00fc Kur Korumal\u0131 Mevduat hesab\u0131n\u0131n a\u00e7\u0131lmayaca\u011f\u0131 bildirildi. T\u00fcrk Liras\u0131&#8217;nda yeni KKM hesaplar\u0131 a\u00e7\u0131lm\u0131yor, \u00f6nce a\u00e7\u0131lanlar\u0131n vadesinin bitmesi bekleniyor ancak d\u00f6vizle hesap a\u00e7\u0131l\u0131\u015flar\u0131 da s\u00fcr\u00fcyor. KKM ve kat\u0131lma hesaplar\u0131ndaki tutar, verilen [&hellip;]<\/p>\n","protected":false},"author":1,"featured_media":1380,"comment_status":"open","ping_status":"closed","sticky":false,"template":"","format":"standard","meta":{"footnotes":""},"categories":[5],"tags":[24],"class_list":["post-1378","post","type-post","status-publish","format-standard","has-post-thumbnail","hentry","category-ekonomi","tag-ekonomi"],"_links":{"self":[{"href":"https:\/\/avukatimtv.com\/index.php\/wp-json\/wp\/v2\/posts\/1378","targetHints":{"allow":["GET"]}}],"collection":[{"href":"https:\/\/avukatimtv.com\/index.php\/wp-json\/wp\/v2\/posts"}],"about":[{"href":"https:\/\/avukatimtv.com\/index.php\/wp-json\/wp\/v2\/types\/post"}],"author":[{"embeddable":true,"href":"https:\/\/avukatimtv.com\/index.php\/wp-json\/wp\/v2\/users\/1"}],"replies":[{"embeddable":true,"href":"https:\/\/avukatimtv.com\/index.php\/wp-json\/wp\/v2\/comments?post=1378"}],"version-history":[{"count":0,"href":"https:\/\/avukatimtv.com\/index.php\/wp-json\/wp\/v2\/posts\/1378\/revisions"}],"wp:featuredmedia":[{"embeddable":true,"href":"https:\/\/avukatimtv.com\/index.php\/wp-json\/wp\/v2\/media\/1380"}],"wp:attachment":[{"href":"https:\/\/avukatimtv.com\/index.php\/wp-json\/wp\/v2\/media?parent=1378"}],"wp:term":[{"taxonomy":"category","embeddable":true,"href":"https:\/\/avukatimtv.com\/index.php\/wp-json\/wp\/v2\/categories?post=1378"},{"taxonomy":"post_tag","embeddable":true,"href":"https:\/\/avukatimtv.com\/index.php\/wp-json\/wp\/v2\/tags?post=1378"}],"curies":[{"name":"wp","href":"https:\/\/api.w.org\/{rel}","templated":true}]}}