{"id":1381,"date":"2024-04-06T16:43:58","date_gmt":"2024-04-06T13:43:58","guid":{"rendered":"https:\/\/haberv8.thewpdemo.com\/aile-ve-genclik-fonuna-ilgi-buyuk-basvuruda-son-durum-aciklandi\/-1381.html"},"modified":"2024-04-06T16:43:58","modified_gmt":"2024-04-06T13:43:58","slug":"aile-ve-genclik-fonuna-ilgi-buyuk-basvuruda-son-durum-aciklandi","status":"publish","type":"post","link":"https:\/\/avukatimtv.com\/index.php\/2024\/04\/06\/aile-ve-genclik-fonuna-ilgi-buyuk-basvuruda-son-durum-aciklandi\/","title":{"rendered":"Aile ve Gen\u00e7lik Fonu&#8217;na ilgi b\u00fcy\u00fck! Ba\u015fvuruda son durum a\u00e7\u0131kland\u0131"},"content":{"rendered":"<\/p>\n<p>\n                <span>AA <\/span>\n            <\/p>\n<p class=\"text\">Aile ve Sosyal Hizmetler Bakan\u0131 Mahinur \u00d6zdemir G\u00f6kta\u015f, bir dizi ziyarette bulunmak \u00fczere Kahramanmara\u015f&#8217;a gitti.<\/p>\n<p class=\"text\">Bakan G\u00f6kta\u015f, evlilik \u00f6ncesi e\u011fitimi almaya ba\u015flayan \u00e7iftlerle bir araya geldi.<\/p>\n<p><strong>6 bin 753 ki\u015fi ba\u015fvurdu<\/strong><\/p>\n<p class=\"text\">Bakanl\u0131ktan yap\u0131lan a\u00e7\u0131klamada ilk etapta deprem b\u00f6lgesinde hayata ge\u00e7irilen Aile ve Gen\u00e7lik Fonu&#8217;na bug\u00fcne kadar 6 bin 753 ba\u015fvuru yap\u0131ld\u0131\u011f\u0131n\u0131 ve 392 \u00e7iftin evlilik \u00f6ncesi e\u011fitimden yararland\u0131\u011f\u0131n\u0131 belirtti.<\/p>\n<p class=\"text\">Burada \u00e7iftlerin ba\u015fvuru s\u00fcre\u00e7lerindeki deneyimlerini, d\u00fc\u015f\u00fcncelerini ve taleplerini dinleyen Bakan G\u00f6kta\u015f, \u00e7iftlere y\u00f6nelik verilen bu e\u011fitimin \u00f6dev olarak alg\u0131lanmamas\u0131n\u0131 istedi.<\/p>\n<p class=\"text\">Bakanl\u0131k olarak evlenmek isteyenlere evlilik \u00f6ncesi e\u011fitimini zaten verdiklerini aktaran G\u00f6kta\u015f, aile kurumunun desteklenmesi, g\u00fc\u00e7lendirilmesi, gen\u00e7lerin sosyal risklere kar\u015f\u0131 korunmas\u0131 i\u00e7in bu fonu kurduklar\u0131n\u0131 ifade etti.<\/p>\n<p><strong>&#8220;Bu projeyle gen\u00e7lerin evlilik s\u00fcrecinde sa\u011fl\u0131kl\u0131 ad\u0131m atmalar\u0131n\u0131 destekliyoruz&#8221;<\/strong><\/p>\n<p class=\"text\">Aile kurmay\u0131 her daim te\u015fvik ettiklerini, aileleri g\u00fc\u00e7lendirmeyi ana hedefleri olarak belirlediklerini bildiren Bakan G\u00f6kta\u015f, &#8220;Bu projeyle gen\u00e7lerin evlilik s\u00fcrecinde sa\u011fl\u0131kl\u0131 bir ad\u0131m atmalar\u0131n\u0131 ve mutlu bir aile hayat\u0131 kurmalar\u0131n\u0131 destekliyoruz. Cumhurba\u015fkan\u0131m\u0131z\u0131n vizyonuyla hayata ge\u00e7irdi\u011fimiz Aile ve Gen\u00e7lik Fonu&#8217;na 15 \u015eubat&#8217;tan bu yana Ad\u0131yaman, Hatay, Kahramanmara\u015f, Malatya ile Gaziantep&#8217;in \u0130slahiye ve Nurda\u011f\u0131 il\u00e7elerinden toplam 6 bin 753 ba\u015fvuru yap\u0131ld\u0131 ve 392 \u00e7iftimiz evlilik \u00f6ncesi e\u011fitimden yararland\u0131.&#8221; ifadelerini kulland\u0131.<\/p>\n<p><img decoding=\"async\" src=\"https:\/\/haberv8.thewpdemo.com\/wp-content\/uploads\/2024\/04\/aile-ve-genclik-fonuna-ilgi-buyuk-basvuruda-son-durum-aciklandi-0.jpg\" \/><\/p>\n<p><strong>&#8220;E\u011fitimler aile birli\u011fini g\u00fc\u00e7lendirerek gen\u00e7leri bilin\u00e7lendirmeye yard\u0131mc\u0131 olacak&#8221;<\/strong><\/p>\n<p class=\"text\">Projenin, aile birli\u011fini g\u00fc\u00e7lendirerek gen\u00e7leri bilin\u00e7li ve sa\u011fl\u0131kl\u0131 ili\u015fkiler kurabilen bireyler olarak yeti\u015ftirmeye yard\u0131mc\u0131 olaca\u011f\u0131na vurgu yapan Bakan G\u00f6kta\u015f, \u015funlar\u0131 kaydetti:<\/p>\n<p>\u00d6zellikle depremin getirdi\u011fi zorluklar\u0131n \u00fcstesinden gelmek i\u00e7in de evli \u00e7iftlerin birbirlerine destek olmalar\u0131n\u0131 \u00f6nemli buluyorum. Bu projenin bir par\u00e7as\u0131 olarak sunulan evlilik \u00f6ncesi e\u011fitimi, gen\u00e7 \u00e7iftlere hem duygusal hem de pratik beceriler kazand\u0131rarak daha sa\u011flam bir temel olu\u015fturmalar\u0131n\u0131 hedefliyor.<\/p>\n<p>\u0130leti\u015fimden \u00e7at\u0131\u015fma \u00e7\u00f6z\u00fcm\u00fcne, mali planlamadan aile i\u00e7i rollerin payla\u015f\u0131m\u0131na kadar geni\u015f bir yelpazede e\u011fitimler sunuluyor. Bu t\u00fcr projeler toplumun temel birimi olan aileyi g\u00fc\u00e7lendirmeye katk\u0131 sa\u011flayacakt\u0131r. Gen\u00e7lerimizi daha bilin\u00e7li, sa\u011fl\u0131kl\u0131 ili\u015fkiler kurabilen bireyler olarak yeti\u015ftirmeye yard\u0131mc\u0131 oldu\u011funa inan\u0131yoruz. Hep birlikte, daha sa\u011fl\u0131kl\u0131 ve mutlu aileler i\u00e7in \u00e7al\u0131\u015fmaya devam edece\u011fiz.<\/p>\n<p class=\"text\">Bakan G\u00f6kta\u015f, temaslar\u0131 kapsam\u0131nda Oniki\u015fubat G\u00fcnd\u00fcz Bak\u0131m, Rehabilitasyon ve Aile Dan\u0131\u015fma Merkezi&#8217;ni de ziyaret ederek \u00e7al\u0131\u015fmalarla ilgili bilgi ald\u0131.<\/p>\n<p>        Haber Kayna\u011f\u0131: Anadolu Ajans\u0131 (AA)<\/p>\n","protected":false},"excerpt":{"rendered":"<p>AA Aile ve Sosyal Hizmetler Bakan\u0131 Mahinur \u00d6zdemir G\u00f6kta\u015f, bir dizi ziyarette bulunmak \u00fczere Kahramanmara\u015f&#8217;a gitti. Bakan G\u00f6kta\u015f, evlilik \u00f6ncesi e\u011fitimi almaya ba\u015flayan \u00e7iftlerle bir araya geldi. 6 bin 753 ki\u015fi ba\u015fvurdu Bakanl\u0131ktan yap\u0131lan a\u00e7\u0131klamada ilk etapta deprem b\u00f6lgesinde hayata ge\u00e7irilen Aile ve Gen\u00e7lik Fonu&#8217;na bug\u00fcne kadar 6 bin 753 ba\u015fvuru yap\u0131ld\u0131\u011f\u0131n\u0131 ve 392 \u00e7iftin [&hellip;]<\/p>\n","protected":false},"author":1,"featured_media":1383,"comment_status":"open","ping_status":"closed","sticky":false,"template":"","format":"standard","meta":{"footnotes":""},"categories":[5],"tags":[24],"class_list":["post-1381","post","type-post","status-publish","format-standard","has-post-thumbnail","hentry","category-ekonomi","tag-ekonomi"],"_links":{"self":[{"href":"https:\/\/avukatimtv.com\/index.php\/wp-json\/wp\/v2\/posts\/1381","targetHints":{"allow":["GET"]}}],"collection":[{"href":"https:\/\/avukatimtv.com\/index.php\/wp-json\/wp\/v2\/posts"}],"about":[{"href":"https:\/\/avukatimtv.com\/index.php\/wp-json\/wp\/v2\/types\/post"}],"author":[{"embeddable":true,"href":"https:\/\/avukatimtv.com\/index.php\/wp-json\/wp\/v2\/users\/1"}],"replies":[{"embeddable":true,"href":"https:\/\/avukatimtv.com\/index.php\/wp-json\/wp\/v2\/comments?post=1381"}],"version-history":[{"count":0,"href":"https:\/\/avukatimtv.com\/index.php\/wp-json\/wp\/v2\/posts\/1381\/revisions"}],"wp:featuredmedia":[{"embeddable":true,"href":"https:\/\/avukatimtv.com\/index.php\/wp-json\/wp\/v2\/media\/1383"}],"wp:attachment":[{"href":"https:\/\/avukatimtv.com\/index.php\/wp-json\/wp\/v2\/media?parent=1381"}],"wp:term":[{"taxonomy":"category","embeddable":true,"href":"https:\/\/avukatimtv.com\/index.php\/wp-json\/wp\/v2\/categories?post=1381"},{"taxonomy":"post_tag","embeddable":true,"href":"https:\/\/avukatimtv.com\/index.php\/wp-json\/wp\/v2\/tags?post=1381"}],"curies":[{"name":"wp","href":"https:\/\/api.w.org\/{rel}","templated":true}]}}