{"id":1384,"date":"2024-04-06T16:44:01","date_gmt":"2024-04-06T13:44:01","guid":{"rendered":"https:\/\/haberv8.thewpdemo.com\/borsa-istanbulda-yarinki-islemlerde-10-gunluk-takas-suresi\/-1384.html"},"modified":"2024-04-06T16:44:01","modified_gmt":"2024-04-06T13:44:01","slug":"borsa-istanbulda-yarinki-islemlerde-10-gunluk-takas-suresi","status":"publish","type":"post","link":"https:\/\/avukatimtv.com\/index.php\/2024\/04\/06\/borsa-istanbulda-yarinki-islemlerde-10-gunluk-takas-suresi\/","title":{"rendered":"Borsa \u0130stanbul&#8217;da yar\u0131nki i\u015flemlerde 10 g\u00fcnl\u00fck takas s\u00fcresi"},"content":{"rendered":"<\/p>\n<p>\n                <span>AA <\/span>\n            <\/p>\n<p class=\"text\">Uzun s\u00fcren tatiller \u00f6ncesinde Borsa \u0130stanbul&#8217;da takvim yay\u0131nlan\u0131yor.<\/p>\n<p class=\"text\">Ramazan Bayram\u0131 nedeniyle Borsa \u0130stanbul&#8217;daki i\u015flemlerin takas tarihleri de\u011fi\u015fecek.<\/p>\n<p class=\"text\">Buna g\u00f6re, Borsa \u0130stanbul&#8217;da, yar\u0131nki i\u015flemlerin takas\u0131 15 Nisan Pazartesi g\u00fcn\u00fc ger\u00e7ekle\u015ftirilecek.<\/p>\n<p class=\"text\">Gelecek hafta Ramazan Bayram\u0131 tatili \u00f6ncesinde sal\u0131 g\u00fcn\u00fc pay piyasalar\u0131 yar\u0131m g\u00fcn a\u00e7\u0131k olacak.<\/p>\n<p><strong>15 Nisan&#8217;a kalan i\u015flemler<\/strong><\/p>\n<p class=\"text\">Borsa \u0130stanbul Pay Piyasalar\u0131nda i\u015flemlerin takas\u0131 &#8220;T+2&#8243;de, yani i\u015flemin ger\u00e7ekle\u015fti\u011fi g\u00fcnden iki i\u015flem g\u00fcn\u00fc sonras\u0131, \u00e7al\u0131\u015ft\u0131\u011f\u0131 i\u00e7in bug\u00fcn ger\u00e7ekle\u015ftirilen bir hisse senedi i\u015fleminin tahsilat ve \u00f6demesi pazartesi g\u00fcn\u00fc yap\u0131lacak, yar\u0131n i\u015flem yapan yat\u0131r\u0131mc\u0131n\u0131n tahsilat ve \u00f6demeleri ise 10 g\u00fcn sonraya, 15 Nisan&#8217;a kalacak.<\/p>\n<p><strong>16 Nisan&#8217;a kalan i\u015flemler<\/strong><\/p>\n<p class=\"text\">Yat\u0131r\u0131mc\u0131 gelecek hafta pazartesi ya da arife g\u00fcn\u00fc ge\u00e7ekle\u015ftirdi\u011fi i\u015flemlerin nakit ger\u00e7ekle\u015fmesi i\u00e7in ise 16 Nisan Sal\u0131 g\u00fcn\u00fcn\u00fc bekleyecek.<\/p>\n<p><strong>&#8220;Yat\u0131r\u0131mc\u0131lar\u0131n uzun bayram tatili \u00f6ncesinde nakde d\u00f6nmek iste\u011fi&#8221;<\/strong><\/p>\n<p class=\"text\">Analistler, uzun bayram tatili \u00f6ncesinde nakde d\u00f6nmek isteyen yat\u0131r\u0131mc\u0131lar\u0131n sat\u0131\u015flar\u0131n\u0131n, Borsa \u0130stanbul&#8217;da se\u00e7im sonras\u0131 devam eden sat\u0131\u015flarda etkili olmu\u015f olabilece\u011fini belirtiyor.<\/p>\n<p class=\"text\">Bayramlar\u0131n T\u00fcrkiye&#8217;de nakit talebini art\u0131ran d\u00f6nemler oldu\u011funu an\u0131msatan analistler, borsada kredili i\u015flem yapan yat\u0131r\u0131mc\u0131lar\u0131n da uzun tatil d\u00f6neminde faiz \u00f6dememek i\u00e7in pozisyonlar\u0131n\u0131 s\u0131n\u0131rlamay\u0131 tercih edebildiklerini kaydetti.<\/p>\n<p><strong>BIST 100 endeksi, hafta ba\u015f\u0131ndan bu yana y\u00fczde 0,8 geriledi<\/strong><\/p>\n<p class=\"text\">Hafta ba\u015f\u0131ndan bu yana yakla\u015f\u0131k y\u00fczde 1,4 gerileyen BIST 100 endeksi, \u015fu s\u0131ralarda \u00f6nceki kapan\u0131\u015f\u0131n yakla\u015f\u0131k y\u00fczde 0,8 \u00fczerinde 9.020 puanda bulunuyor.<\/p>\n<p><strong>Arife g\u00fcn\u00fc borsada i\u015flemler 12.40&#8217;a kadar<\/strong><\/p>\n<p class=\"text\">Arife g\u00fcn\u00fc borsada i\u015flemler 12.40&#8217;a kadar ger\u00e7ekle\u015ftirilebilecek<\/p>\n<p><strong>9 Nisan Sal\u0131 g\u00fcn\u00fc i\u015flem takas\u0131<\/strong><\/p>\n<p class=\"text\">Ramazan Bayram\u0131 tatili \u00f6ncesinde 9 Nisan Sal\u0131 g\u00fcn\u00fc saat 12.40&#8217;a kadar a\u00e7\u0131k olacak Borsa \u0130stanbul&#8217;da, o g\u00fcn ger\u00e7ekle\u015ftirilecek i\u015flemlerin takas\u0131 8 Nisan pazartesi g\u00fcnk\u00fc i\u015flemlerle birlikte ger\u00e7ekle\u015ftirilecek.<\/p>\n<p><strong>Arife g\u00fcn\u00fc s\u00fcrekli m\u00fczayede i\u015flemleri saati<\/strong><\/p>\n<p class=\"text\">Arife g\u00fcn\u00fc Pay Piyasalar\u0131 saat 09.40&#8217;ta a\u00e7\u0131l\u0131\u015f seans\u0131 ile g\u00fcne ba\u015flayacak ve s\u00fcrekli m\u00fczayede i\u015flemleri 10.00 ila 12.30 saatleri aras\u0131nda ger\u00e7ekle\u015ftirilecek.<\/p>\n<p class=\"text\">Kapan\u0131\u015f seans\u0131, emir toplama ve kapan\u0131\u015f fiyat\u0131ndan i\u015flemler ise saat 12.30 ile 12.40 aras\u0131nda yap\u0131lacak.<\/p>\n<p><img decoding=\"async\" src=\"https:\/\/haberv8.thewpdemo.com\/wp-content\/uploads\/2024\/04\/borsa-istanbulda-yarinki-islemlerde-10-gunluk-takas-suresi-0.jpg\" \/><\/p>\n<p><strong>V\u0130OP&#8217;ta arife g\u00fcn\u00fc i\u015flemlerin saati<\/strong><\/p>\n<p class=\"text\">Vadeli \u0130\u015flem ve Opsiyon Piyasas\u0131&#8217;nda ise (V\u0130OP) arife g\u00fcn\u00fc i\u015flemler saat 09.20&#8217;da ba\u015flayacak ve seans b\u00fct\u00fcn s\u00f6zle\u015fmelerde saat 12.40&#8217;ta sonlanacak.<\/p>\n<p><strong>Bor\u00e7lanma Ara\u00e7lar\u0131 Piyasas\u0131&#8217;nda repo i\u015flemleri<\/strong><\/p>\n<p class=\"text\">Bor\u00e7lanma Ara\u00e7lar\u0131 Piyasas\u0131&#8217;nda repo kar\u015f\u0131l\u0131\u011f\u0131 menkul k\u0131ymet bildirimi hari\u00e7, sal\u0131 g\u00fcn\u00fc ayn\u0131 g\u00fcn ve ileri val\u00f6rl\u00fc i\u015flemler 11.30&#8217;a, repo kar\u015f\u0131l\u0131\u011f\u0131 menkul k\u0131ymet bildirimi ayn\u0131 g\u00fcn val\u00f6rl\u00fc i\u015flemler saat 11.50&#8217;ye kadar yap\u0131lacak.<\/p>\n<p><strong>Emirlerin takas g\u00fcnleri<\/strong><\/p>\n<p class=\"text\">Ramazan Bayram\u0131 tatili bitimine kadar borsan\u0131n i\u015flem ve tatil g\u00fcnleri ile ger\u00e7ekle\u015fen emirlerin takas g\u00fcnleri \u015f\u00f6yle:<\/p>\n<p><img decoding=\"async\" src=\"https:\/\/haberv8.thewpdemo.com\/wp-content\/uploads\/2024\/04\/borsa-istanbulda-yarinki-islemlerde-10-gunluk-takas-suresi-1.jpg\" \/>        Haber Kayna\u011f\u0131: Anadolu Ajans\u0131 (AA)<\/p>\n","protected":false},"excerpt":{"rendered":"<p>AA Uzun s\u00fcren tatiller \u00f6ncesinde Borsa \u0130stanbul&#8217;da takvim yay\u0131nlan\u0131yor. Ramazan Bayram\u0131 nedeniyle Borsa \u0130stanbul&#8217;daki i\u015flemlerin takas tarihleri de\u011fi\u015fecek. Buna g\u00f6re, Borsa \u0130stanbul&#8217;da, yar\u0131nki i\u015flemlerin takas\u0131 15 Nisan Pazartesi g\u00fcn\u00fc ger\u00e7ekle\u015ftirilecek. Gelecek hafta Ramazan Bayram\u0131 tatili \u00f6ncesinde sal\u0131 g\u00fcn\u00fc pay piyasalar\u0131 yar\u0131m g\u00fcn a\u00e7\u0131k olacak. 15 Nisan&#8217;a kalan i\u015flemler Borsa \u0130stanbul Pay Piyasalar\u0131nda i\u015flemlerin takas\u0131 &#8220;T+2&#8243;de, [&hellip;]<\/p>\n","protected":false},"author":1,"featured_media":1386,"comment_status":"open","ping_status":"closed","sticky":false,"template":"","format":"standard","meta":{"footnotes":""},"categories":[5],"tags":[24],"class_list":["post-1384","post","type-post","status-publish","format-standard","has-post-thumbnail","hentry","category-ekonomi","tag-ekonomi"],"_links":{"self":[{"href":"https:\/\/avukatimtv.com\/index.php\/wp-json\/wp\/v2\/posts\/1384","targetHints":{"allow":["GET"]}}],"collection":[{"href":"https:\/\/avukatimtv.com\/index.php\/wp-json\/wp\/v2\/posts"}],"about":[{"href":"https:\/\/avukatimtv.com\/index.php\/wp-json\/wp\/v2\/types\/post"}],"author":[{"embeddable":true,"href":"https:\/\/avukatimtv.com\/index.php\/wp-json\/wp\/v2\/users\/1"}],"replies":[{"embeddable":true,"href":"https:\/\/avukatimtv.com\/index.php\/wp-json\/wp\/v2\/comments?post=1384"}],"version-history":[{"count":0,"href":"https:\/\/avukatimtv.com\/index.php\/wp-json\/wp\/v2\/posts\/1384\/revisions"}],"wp:featuredmedia":[{"embeddable":true,"href":"https:\/\/avukatimtv.com\/index.php\/wp-json\/wp\/v2\/media\/1386"}],"wp:attachment":[{"href":"https:\/\/avukatimtv.com\/index.php\/wp-json\/wp\/v2\/media?parent=1384"}],"wp:term":[{"taxonomy":"category","embeddable":true,"href":"https:\/\/avukatimtv.com\/index.php\/wp-json\/wp\/v2\/categories?post=1384"},{"taxonomy":"post_tag","embeddable":true,"href":"https:\/\/avukatimtv.com\/index.php\/wp-json\/wp\/v2\/tags?post=1384"}],"curies":[{"name":"wp","href":"https:\/\/api.w.org\/{rel}","templated":true}]}}