{"id":1390,"date":"2024-04-06T16:44:06","date_gmt":"2024-04-06T13:44:06","guid":{"rendered":"https:\/\/haberv8.thewpdemo.com\/ekonomi-koordinasyon-kurulu-bugun-toplandi\/-1390.html"},"modified":"2024-04-06T16:44:06","modified_gmt":"2024-04-06T13:44:06","slug":"ekonomi-koordinasyon-kurulu-bugun-toplandi","status":"publish","type":"post","link":"https:\/\/avukatimtv.com\/index.php\/2024\/04\/06\/ekonomi-koordinasyon-kurulu-bugun-toplandi\/","title":{"rendered":"Ekonomi Koordinasyon Kurulu bug\u00fcn topland\u0131"},"content":{"rendered":"<\/p>\n<p>\n                <span>AA &#038; Ensonhaber <\/span>\n            <\/p>\n<p class=\"text\">Ekonomi Koordinasyon Kurulu, T\u00fcrkiye&#8217;nin ekonomi y\u00f6netimi temsilcileri taraf\u0131ndan olu\u015fuyor.<\/p>\n<p class=\"text\">Kurul, g\u00fcndemi ilgilendiren ekonomik sorunlara ve \u00e7\u00f6z\u00fcm yollar\u0131na odakl\u0131 g\u00f6r\u00fc\u015fmeler ger\u00e7ekle\u015ftiriyor.<\/p>\n<p class=\"text\">Bir \u00f6nceki toplant\u0131lar\u0131n\u0131n g\u00fcndeminde Orta Vadeli Program ve reformlar yer alm\u0131\u015ft\u0131.<\/p>\n<p class=\"text\">Ekonomi Koordinasyon Kurulu, Cumhurba\u015fkan\u0131 Yard\u0131mc\u0131s\u0131 Cevdet Y\u0131lmaz ba\u015fkanl\u0131\u011f\u0131nda Cumhurba\u015fkanl\u0131\u011f\u0131 K\u00fclliyesi&#8217;nde topland\u0131.<\/p>\n<p class=\"text\">Toplant\u0131da ekonomiye ili\u015fkin genel durumun de\u011ferlendirilece\u011fi bildirildi.<\/p>\n<p><strong>Toplant\u0131n\u0131n kat\u0131l\u0131mc\u0131lar\u0131<\/strong><\/p>\n<p class=\"text\">Cumhurba\u015fkanl\u0131\u011f\u0131 K\u00fclliyesi&#8217;ndeki toplant\u0131ya, \u00c7al\u0131\u015fma ve Sosyal G\u00fcvenlik Bakan\u0131 Vedat I\u015f\u0131khan, Hazine ve Maliye Bakan\u0131 Mehmet \u015eim\u015fek, Sanayi ve Teknoloji Bakan\u0131 Mehmet Fatih Kac\u0131r, Enerji ve Tabii Kaynaklar Bakan\u0131 Alparslan Bayraktar, Tar\u0131m ve Orman Bakan\u0131 \u0130brahim Yumakl\u0131, Ticaret Bakan\u0131 \u00d6mer Bolat, Cumhurba\u015fkanl\u0131\u011f\u0131 Strateji ve B\u00fct\u00e7e Ba\u015fkan\u0131 \u0130brahim \u015eenel, T\u00fcrkiye Cumhuriyet Merkez Bankas\u0131 (TCMB) Ba\u015fkan\u0131 Fatih Karahan ile ilgili kurum ve kurulu\u015flar\u0131n temsilcileri kat\u0131ld\u0131.<\/p>\n<p class=\"text\">Toplant\u0131n\u0131n ard\u0131ndan yaz\u0131l\u0131 a\u00e7\u0131klama yap\u0131lmas\u0131 bekleniyor.<\/p>\n<p><img decoding=\"async\" src=\"https:\/\/haberv8.thewpdemo.com\/wp-content\/uploads\/2024\/04\/ekonomi-koordinasyon-kurulu-bugun-toplandi-0.jpg\" \/><\/p>\n","protected":false},"excerpt":{"rendered":"<p>AA &#038; Ensonhaber Ekonomi Koordinasyon Kurulu, T\u00fcrkiye&#8217;nin ekonomi y\u00f6netimi temsilcileri taraf\u0131ndan olu\u015fuyor. Kurul, g\u00fcndemi ilgilendiren ekonomik sorunlara ve \u00e7\u00f6z\u00fcm yollar\u0131na odakl\u0131 g\u00f6r\u00fc\u015fmeler ger\u00e7ekle\u015ftiriyor. Bir \u00f6nceki toplant\u0131lar\u0131n\u0131n g\u00fcndeminde Orta Vadeli Program ve reformlar yer alm\u0131\u015ft\u0131. Ekonomi Koordinasyon Kurulu, Cumhurba\u015fkan\u0131 Yard\u0131mc\u0131s\u0131 Cevdet Y\u0131lmaz ba\u015fkanl\u0131\u011f\u0131nda Cumhurba\u015fkanl\u0131\u011f\u0131 K\u00fclliyesi&#8217;nde topland\u0131. Toplant\u0131da ekonomiye ili\u015fkin genel durumun de\u011ferlendirilece\u011fi bildirildi. Toplant\u0131n\u0131n kat\u0131l\u0131mc\u0131lar\u0131 Cumhurba\u015fkanl\u0131\u011f\u0131 [&hellip;]<\/p>\n","protected":false},"author":1,"featured_media":1392,"comment_status":"open","ping_status":"closed","sticky":false,"template":"","format":"standard","meta":{"footnotes":""},"categories":[5],"tags":[24],"class_list":["post-1390","post","type-post","status-publish","format-standard","has-post-thumbnail","hentry","category-ekonomi","tag-ekonomi"],"_links":{"self":[{"href":"https:\/\/avukatimtv.com\/index.php\/wp-json\/wp\/v2\/posts\/1390","targetHints":{"allow":["GET"]}}],"collection":[{"href":"https:\/\/avukatimtv.com\/index.php\/wp-json\/wp\/v2\/posts"}],"about":[{"href":"https:\/\/avukatimtv.com\/index.php\/wp-json\/wp\/v2\/types\/post"}],"author":[{"embeddable":true,"href":"https:\/\/avukatimtv.com\/index.php\/wp-json\/wp\/v2\/users\/1"}],"replies":[{"embeddable":true,"href":"https:\/\/avukatimtv.com\/index.php\/wp-json\/wp\/v2\/comments?post=1390"}],"version-history":[{"count":0,"href":"https:\/\/avukatimtv.com\/index.php\/wp-json\/wp\/v2\/posts\/1390\/revisions"}],"wp:featuredmedia":[{"embeddable":true,"href":"https:\/\/avukatimtv.com\/index.php\/wp-json\/wp\/v2\/media\/1392"}],"wp:attachment":[{"href":"https:\/\/avukatimtv.com\/index.php\/wp-json\/wp\/v2\/media?parent=1390"}],"wp:term":[{"taxonomy":"category","embeddable":true,"href":"https:\/\/avukatimtv.com\/index.php\/wp-json\/wp\/v2\/categories?post=1390"},{"taxonomy":"post_tag","embeddable":true,"href":"https:\/\/avukatimtv.com\/index.php\/wp-json\/wp\/v2\/tags?post=1390"}],"curies":[{"name":"wp","href":"https:\/\/api.w.org\/{rel}","templated":true}]}}