{"id":1393,"date":"2024-04-06T16:44:09","date_gmt":"2024-04-06T13:44:09","guid":{"rendered":"https:\/\/haberv8.thewpdemo.com\/sosyal-refahi-kalici-olarak-artiracagiz\/-1393.html"},"modified":"2024-04-06T16:44:09","modified_gmt":"2024-04-06T13:44:09","slug":"sosyal-refahi-kalici-olarak-artiracagiz","status":"publish","type":"post","link":"https:\/\/avukatimtv.com\/index.php\/2024\/04\/06\/sosyal-refahi-kalici-olarak-artiracagiz\/","title":{"rendered":"Sosyal refah\u0131 kal\u0131c\u0131 olarak art\u0131raca\u011f\u0131z"},"content":{"rendered":"<\/p>\n<p class=\"text\">Yerel se\u00e7imlerine tamamlanmas\u0131n\u0131n ard\u0131ndan Ekonomi Koordinasyon Kurulu (EKK), Cumhurba\u015fkan\u0131 Yard\u0131mc\u0131s\u0131 Cevdet Y\u0131lmaz ba\u015fkanl\u0131\u011f\u0131nda Ankara&#8217;da topland\u0131.<\/p>\n<p class=\"text\">Bir \u00f6nceki toplant\u0131lar\u0131n\u0131n g\u00fcndeminde Orta Vadeli Program ve reformlar yer alan EKK, bug\u00fcn g\u00fcndemi ilgilendiren ekonomik sorunlara ve \u00e7\u00f6z\u00fcm yollar\u0131na odakl\u0131 g\u00f6r\u00fc\u015fmeler ger\u00e7ekle\u015ftirdi. <\/p>\n<p class=\"text\">Toplant\u0131n\u0131n ard\u0131ndan yap\u0131lan yaz\u0131l\u0131 a\u00e7\u0131klamada enflasyonla m\u00fccadele ve kal\u0131c\u0131 sosyal refah\u0131n alt\u0131 \u00e7izildi.<\/p>\n<p><strong>&#8220;Cari a\u00e7\u0131\u011f\u0131 kal\u0131c\u0131 olarak d\u00fc\u015f\u00fcrece\u011fiz&#8221;<\/strong><\/p>\n<p class=\"text\">&#8220;2023 y\u0131l\u0131 Eyl\u00fcl ay\u0131nda yay\u0131mlad\u0131\u011f\u0131m\u0131z OVP\u2019de ekonomideki yol haritam\u0131z\u0131 belirledik&#8221; denilen a\u00e7\u0131klama \u015fu ifadelere yer verildi:<\/p>\n<p>Program\u0131m\u0131z\u0131n temel hedefi olan enflasyonu kal\u0131c\u0131 olarak d\u00fc\u015f\u00fcrmeye y\u00f6nelik g\u00fc\u00e7l\u00fc politikalar\u0131 uygulamaya devam ediyoruz. <\/p>\n<p>\u00d6n\u00fcm\u00fczdeki d\u00f6nemde destekledi\u011fimiz nitelikli yat\u0131r\u0131mlar ile katma de\u011ferli \u00fcretimi art\u0131racak ve cari a\u00e7\u0131\u011f\u0131 kal\u0131c\u0131 olarak d\u00fc\u015f\u00fcrece\u011fiz.\u00a0Kamuda tasarruf tedbirleri ve harcamalar\u0131n rasyonelle\u015fmesi ile mali disiplini s\u00fcrd\u00fcrece\u011fiz.<\/p>\n<p><strong>&#8220;Enflasyonla m\u00fccadelemizi s\u00fcrd\u00fcrecek, sosyal refah\u0131 kal\u0131c\u0131 olarak art\u0131raca\u011f\u0131z&#8221;<\/strong><\/p>\n<p>Temel \u00f6nceli\u011fimiz olan enflasyon ile m\u00fccadelemizi s\u00fcrd\u00fcrecek, T\u00fcrkiye Y\u00fczy\u0131l\u0131 vizyonu ile s\u00fcrd\u00fcr\u00fclebilir b\u00fcy\u00fcmeyi sa\u011flayarak, sosyal refah\u0131 kal\u0131c\u0131 olarak art\u0131raca\u011f\u0131z.<\/p>\n<p><img decoding=\"async\" src=\"https:\/\/haberv8.thewpdemo.com\/wp-content\/uploads\/2024\/04\/sosyal-refahi-kalici-olarak-artiracagiz-0.jpg\" \/><\/p>\n<p><strong>Toplant\u0131n\u0131n kat\u0131l\u0131mc\u0131lar\u0131<\/strong><\/p>\n<p class=\"text\">Cumhurba\u015fkanl\u0131\u011f\u0131 K\u00fclliyesi&#8217;ndeki toplant\u0131ya, \u00c7al\u0131\u015fma ve Sosyal G\u00fcvenlik Bakan\u0131 Vedat I\u015f\u0131khan, Hazine ve Maliye Bakan\u0131 Mehmet \u015eim\u015fek, Sanayi ve Teknoloji Bakan\u0131 Mehmet Fatih Kac\u0131r, Enerji ve Tabii Kaynaklar Bakan\u0131 Alparslan Bayraktar, Tar\u0131m ve Orman Bakan\u0131 \u0130brahim Yumakl\u0131, Ticaret Bakan\u0131 \u00d6mer Bolat, Cumhurba\u015fkanl\u0131\u011f\u0131 Strateji ve B\u00fct\u00e7e Ba\u015fkan\u0131 \u0130brahim \u015eenel, T\u00fcrkiye Cumhuriyet Merkez Bankas\u0131 (TCMB) Ba\u015fkan\u0131 Fatih Karahan ile ilgili kurum ve kurulu\u015flar\u0131n temsilcileri kat\u0131ld\u0131.<\/p>\n","protected":false},"excerpt":{"rendered":"<p>Yerel se\u00e7imlerine tamamlanmas\u0131n\u0131n ard\u0131ndan Ekonomi Koordinasyon Kurulu (EKK), Cumhurba\u015fkan\u0131 Yard\u0131mc\u0131s\u0131 Cevdet Y\u0131lmaz ba\u015fkanl\u0131\u011f\u0131nda Ankara&#8217;da topland\u0131. Bir \u00f6nceki toplant\u0131lar\u0131n\u0131n g\u00fcndeminde Orta Vadeli Program ve reformlar yer alan EKK, bug\u00fcn g\u00fcndemi ilgilendiren ekonomik sorunlara ve \u00e7\u00f6z\u00fcm yollar\u0131na odakl\u0131 g\u00f6r\u00fc\u015fmeler ger\u00e7ekle\u015ftirdi. Toplant\u0131n\u0131n ard\u0131ndan yap\u0131lan yaz\u0131l\u0131 a\u00e7\u0131klamada enflasyonla m\u00fccadele ve kal\u0131c\u0131 sosyal refah\u0131n alt\u0131 \u00e7izildi. &#8220;Cari a\u00e7\u0131\u011f\u0131 kal\u0131c\u0131 olarak [&hellip;]<\/p>\n","protected":false},"author":1,"featured_media":1395,"comment_status":"open","ping_status":"closed","sticky":false,"template":"","format":"standard","meta":{"footnotes":""},"categories":[5],"tags":[24],"class_list":["post-1393","post","type-post","status-publish","format-standard","has-post-thumbnail","hentry","category-ekonomi","tag-ekonomi"],"_links":{"self":[{"href":"https:\/\/avukatimtv.com\/index.php\/wp-json\/wp\/v2\/posts\/1393","targetHints":{"allow":["GET"]}}],"collection":[{"href":"https:\/\/avukatimtv.com\/index.php\/wp-json\/wp\/v2\/posts"}],"about":[{"href":"https:\/\/avukatimtv.com\/index.php\/wp-json\/wp\/v2\/types\/post"}],"author":[{"embeddable":true,"href":"https:\/\/avukatimtv.com\/index.php\/wp-json\/wp\/v2\/users\/1"}],"replies":[{"embeddable":true,"href":"https:\/\/avukatimtv.com\/index.php\/wp-json\/wp\/v2\/comments?post=1393"}],"version-history":[{"count":0,"href":"https:\/\/avukatimtv.com\/index.php\/wp-json\/wp\/v2\/posts\/1393\/revisions"}],"wp:featuredmedia":[{"embeddable":true,"href":"https:\/\/avukatimtv.com\/index.php\/wp-json\/wp\/v2\/media\/1395"}],"wp:attachment":[{"href":"https:\/\/avukatimtv.com\/index.php\/wp-json\/wp\/v2\/media?parent=1393"}],"wp:term":[{"taxonomy":"category","embeddable":true,"href":"https:\/\/avukatimtv.com\/index.php\/wp-json\/wp\/v2\/categories?post=1393"},{"taxonomy":"post_tag","embeddable":true,"href":"https:\/\/avukatimtv.com\/index.php\/wp-json\/wp\/v2\/tags?post=1393"}],"curies":[{"name":"wp","href":"https:\/\/api.w.org\/{rel}","templated":true}]}}