{"id":1396,"date":"2024-04-06T16:44:12","date_gmt":"2024-04-06T13:44:12","guid":{"rendered":"https:\/\/haberv8.thewpdemo.com\/euro-bolgesinin-eflasyonu-aciklandi\/-1396.html"},"modified":"2024-04-06T16:44:12","modified_gmt":"2024-04-06T13:44:12","slug":"euro-bolgesinin-eflasyonu-aciklandi","status":"publish","type":"post","link":"https:\/\/avukatimtv.com\/index.php\/2024\/04\/06\/euro-bolgesinin-eflasyonu-aciklandi\/","title":{"rendered":"Euro B\u00f6lgesi&#8217;nin eflasyonu a\u00e7\u0131kland\u0131"},"content":{"rendered":"<\/p>\n<p>\n                <span>AA <\/span>\n            <\/p>\n<p class=\"text\">Avrupa Birli\u011fi (AB) ve Euro B\u00f6lgesi&#8217;nin<span> enflasyonu ve i\u015fsizlik verileri merakla bekleniyordu.<\/span><\/p>\n<p class=\"text\">Avrupa \u0130statistik Ofisi (Eurostat), AB ve Euro B\u00f6lgesi&#8217;nin \u015fubat ay\u0131 i\u015fsizlik verilerini a\u00e7\u0131klad\u0131.<\/p>\n<p class=\"text\">Verilere g\u00f6re, AB&#8217;de ocak ay\u0131nda y\u00fczde 6 olan mevsim etkisinden ar\u0131nd\u0131r\u0131lm\u0131\u015f i\u015fsizlik oran\u0131, \u015fubatta ayn\u0131 seviyeyi korudu.<\/p>\n<p class=\"text\">Euro B\u00f6lgesi&#8217;nde de ocakta y\u00fczde 6,5 olan i\u015fsizlik, \u015fubatta de\u011fi\u015fmedi.<\/p>\n<p class=\"text\">\u0130\u015fsizlik oran\u0131, ge\u00e7en y\u0131l\u0131n ayn\u0131 d\u00f6neminde Euro B\u00f6lgesi&#8217;nde y\u00fczde 6,6, AB&#8217;de ise y\u00fczde 6 olarak \u00f6l\u00e7\u00fclm\u00fc\u015ft\u00fc.<\/p>\n<p><strong>\u015eubatta i\u015fsizlik oran\u0131 \u0130spanya&#8217;da y\u00fczde 11,5<\/strong><\/p>\n<p class=\"text\">\u015eubatta i\u015fsizlik oran\u0131 \u0130spanya&#8217;da y\u00fczde 11,5, Yunanistan&#8217;da y\u00fczde 11, \u0130sve\u00e7&#8217;te y\u00fczde 8,1, \u0130talya&#8217;da y\u00fczde 7,5, Fransa&#8217;da y\u00fczde 7,4 oldu.<\/p>\n<p class=\"text\">AB&#8217;de i\u015fsiz say\u0131s\u0131, \u015fubatta 13 milyon 249 bin olarak hesapland\u0131.<\/p>\n<p class=\"text\">Bu ki\u015filerin 11 milyon 102 bini Euro B\u00f6lgesi&#8217;nde yer ald\u0131.<\/p>\n<p class=\"text\">\u015eubat ay\u0131nda 25 ya\u015f alt\u0131 gen\u00e7 i\u015fsiz say\u0131s\u0131 AB&#8217;de 2 milyon 899 bin, Euro B\u00f6lgesi&#8217;nde 2 milyon 319 bin olarak tespit edildi. Gen\u00e7 i\u015fsizlik oran\u0131 AB&#8217;de y\u00fczde 14,8, Euro B\u00f6lgesi&#8217;nde y\u00fczde 14,6 olarak \u00f6l\u00e7\u00fcld\u00fc.<\/p>\n<p><img decoding=\"async\" src=\"https:\/\/haberv8.thewpdemo.com\/wp-content\/uploads\/2024\/04\/euro-bolgesinin-eflasyonu-aciklandi-0.jpg\" \/><\/p>\n<p><strong>Euro B\u00f6lgesi&#8217;nde y\u0131ll\u0131k enflasyon martta y\u00fczde 2,4 oldu<\/strong><\/p>\n<p class=\"text\">Verilere g\u00f6re, Euro B\u00f6lgesi&#8217;nde \u015fubatta y\u00fczde 2,6 olan y\u0131ll\u0131k enflasyon, martta y\u00fczde 2,4 seviyesinde tespit edildi. T\u00dcFE, martta ayl\u0131k bazda y\u00fczde 0,8 art\u0131\u015f g\u00f6sterdi.<\/p>\n<p class=\"text\">Piyasa beklentileri, martta Euro B\u00f6lgesi&#8217;nde y\u0131ll\u0131k enflasyonun y\u00fczde 2,5 olmas\u0131 y\u00f6n\u00fcndeydi.<\/p>\n<p><strong>En y\u00fcksek y\u0131ll\u0131k fiyat art\u0131\u015f\u0131 y\u00fczde 4 ile hizmetlerde ger\u00e7ekle\u015fti.<\/strong><\/p>\n<p class=\"text\">Enflasyonun ana bile\u015fenlerine bak\u0131ld\u0131\u011f\u0131nda, en y\u00fcksek y\u0131ll\u0131k fiyat art\u0131\u015f\u0131 y\u00fczde 4 ile hizmetlerde ger\u00e7ekle\u015fti. Hizmet sekt\u00f6r\u00fcn\u00fc y\u00fczde 2,7 ile g\u0131da, alkol ve t\u00fct\u00fcn \u00fcr\u00fcnleri, y\u00fczde 1,1 ile enerji d\u0131\u015f\u0131 sanayi \u00fcr\u00fcnleri izlerken, enerji \u00fcr\u00fcnleri fiyatlar\u0131 y\u00fczde 1,8 geriledi.<\/p>\n<p class=\"text\">Euro B\u00f6lgesi&#8217;nde \u00e7ekirdek enflasyon ise martta y\u0131ll\u0131k y\u00fczde 2,9, ayl\u0131k y\u00fczde 0,9 seviyesinde \u00f6l\u00e7\u00fcld\u00fc.<\/p>\n<p class=\"text\">AB uyumlu verilere g\u00f6re enflasyon martta Almanya&#8217;da y\u00fczde 2,3, Fransa&#8217;da y\u00fczde 2,4, \u0130talya&#8217;da y\u00fczde 1,3 ve \u0130spanya&#8217;da y\u00fczde 3,2 olarak belirlendi.<\/p>\n<p>        Haber Kayna\u011f\u0131: Anadolu Ajans\u0131 (AA)<\/p>\n","protected":false},"excerpt":{"rendered":"<p>AA Avrupa Birli\u011fi (AB) ve Euro B\u00f6lgesi&#8217;nin enflasyonu ve i\u015fsizlik verileri merakla bekleniyordu. Avrupa \u0130statistik Ofisi (Eurostat), AB ve Euro B\u00f6lgesi&#8217;nin \u015fubat ay\u0131 i\u015fsizlik verilerini a\u00e7\u0131klad\u0131. Verilere g\u00f6re, AB&#8217;de ocak ay\u0131nda y\u00fczde 6 olan mevsim etkisinden ar\u0131nd\u0131r\u0131lm\u0131\u015f i\u015fsizlik oran\u0131, \u015fubatta ayn\u0131 seviyeyi korudu. Euro B\u00f6lgesi&#8217;nde de ocakta y\u00fczde 6,5 olan i\u015fsizlik, \u015fubatta de\u011fi\u015fmedi. \u0130\u015fsizlik oran\u0131, [&hellip;]<\/p>\n","protected":false},"author":1,"featured_media":1398,"comment_status":"open","ping_status":"closed","sticky":false,"template":"","format":"standard","meta":{"footnotes":""},"categories":[5],"tags":[24],"class_list":["post-1396","post","type-post","status-publish","format-standard","has-post-thumbnail","hentry","category-ekonomi","tag-ekonomi"],"_links":{"self":[{"href":"https:\/\/avukatimtv.com\/index.php\/wp-json\/wp\/v2\/posts\/1396","targetHints":{"allow":["GET"]}}],"collection":[{"href":"https:\/\/avukatimtv.com\/index.php\/wp-json\/wp\/v2\/posts"}],"about":[{"href":"https:\/\/avukatimtv.com\/index.php\/wp-json\/wp\/v2\/types\/post"}],"author":[{"embeddable":true,"href":"https:\/\/avukatimtv.com\/index.php\/wp-json\/wp\/v2\/users\/1"}],"replies":[{"embeddable":true,"href":"https:\/\/avukatimtv.com\/index.php\/wp-json\/wp\/v2\/comments?post=1396"}],"version-history":[{"count":0,"href":"https:\/\/avukatimtv.com\/index.php\/wp-json\/wp\/v2\/posts\/1396\/revisions"}],"wp:featuredmedia":[{"embeddable":true,"href":"https:\/\/avukatimtv.com\/index.php\/wp-json\/wp\/v2\/media\/1398"}],"wp:attachment":[{"href":"https:\/\/avukatimtv.com\/index.php\/wp-json\/wp\/v2\/media?parent=1396"}],"wp:term":[{"taxonomy":"category","embeddable":true,"href":"https:\/\/avukatimtv.com\/index.php\/wp-json\/wp\/v2\/categories?post=1396"},{"taxonomy":"post_tag","embeddable":true,"href":"https:\/\/avukatimtv.com\/index.php\/wp-json\/wp\/v2\/tags?post=1396"}],"curies":[{"name":"wp","href":"https:\/\/api.w.org\/{rel}","templated":true}]}}