{"id":1402,"date":"2024-04-06T16:44:30","date_gmt":"2024-04-06T13:44:30","guid":{"rendered":"https:\/\/haberv8.thewpdemo.com\/kurumlar-vergisinde-beyanname-verme-donemi-girildi-son-gun-30-nisan\/-1402.html"},"modified":"2024-04-06T16:44:30","modified_gmt":"2024-04-06T13:44:30","slug":"kurumlar-vergisinde-beyanname-verme-donemi-girildi-son-gun-30-nisan","status":"publish","type":"post","link":"https:\/\/avukatimtv.com\/index.php\/2024\/04\/06\/kurumlar-vergisinde-beyanname-verme-donemi-girildi-son-gun-30-nisan\/","title":{"rendered":"Kurumlar vergisinde beyanname verme d\u00f6nemi girildi! Son g\u00fcn 30 Nisan"},"content":{"rendered":"<\/p>\n<p>\n                <span>AA <\/span>\n            <\/p>\n<p class=\"text\">Y\u0131ll\u0131k kurumlar vergisi miktar\u0131, bir \u015firketin o y\u0131l i\u00e7inde elde etti\u011fi net k\u00e2r \u00fczerinden hesaplan\u0131yor.<\/p>\n<p class=\"text\">T\u00fcrkiye&#8217;de 2024 y\u0131l\u0131nda Kurumlar Vergisi oran\u0131 y\u00fczde 25, finans sekt\u00f6r\u00fcnde faaliyet g\u00f6steren kurumlar i\u00e7in y\u00fczde 30 olarak kullan\u0131l\u0131yor.<\/p>\n<p class=\"text\">Gelir \u0130daresi Ba\u015fkanl\u0131\u011f\u0131 (G\u0130B), kurumlar vergisi m\u00fckelleflerinin 2023 hesap d\u00f6nemine ili\u015fkin beyanname verme d\u00f6neminin ba\u015flad\u0131\u011f\u0131n\u0131 bildirdi.<\/p>\n<p class=\"text\">Ba\u015fkanl\u0131\u011f\u0131n internet sitesinde yer alan duyuruya g\u00f6re, m\u00fckellefler, 2023 hesap d\u00f6nemine ili\u015fkin kurumlar vergisi beyannamelerini, 30 Nisan&#8217;a kadar Dijital Vergi Dairesi \u00fczerinden elektronik ortamda verebilecek.<\/p>\n<p><img decoding=\"async\" src=\"https:\/\/haberv8.thewpdemo.com\/wp-content\/uploads\/2024\/04\/kurumlar-vergisinde-beyanname-verme-donemi-girildi-son-gun-30-nisan-0.jpg\" \/><\/p>\n<p><strong>Kurumlar vergisinin \u00f6deme noktalar\u0131<\/strong><\/p>\n<p class=\"text\">Tahakkuk eden kurumlar vergisi \u00f6demeleri de s\u00f6z konusu d\u00f6nemde Dijital Vergi Dairesi&#8217;nden (<span> <\/span>veya G\u0130B mobil uygulamas\u0131 \u00fczerinden anla\u015fmal\u0131 banka\/kredi kartlar\u0131 arac\u0131l\u0131\u011f\u0131yla yap\u0131labilecek.<\/p>\n<p class=\"text\">M\u00fckellefler, ayr\u0131ca \u00f6demelerini anla\u015fmal\u0131 bankalar\u0131n \u015fubelerinden, internet, telefon ve mobil bankac\u0131l\u0131k gibi alternatif \u00f6deme kanallar\u0131ndan ve PTT i\u015f yerlerinden ger\u00e7ekle\u015ftirebilecek.<\/p>\n<p>        Haber Kayna\u011f\u0131: Anadolu Ajans\u0131 (AA)<\/p>\n","protected":false},"excerpt":{"rendered":"<p>AA Y\u0131ll\u0131k kurumlar vergisi miktar\u0131, bir \u015firketin o y\u0131l i\u00e7inde elde etti\u011fi net k\u00e2r \u00fczerinden hesaplan\u0131yor. T\u00fcrkiye&#8217;de 2024 y\u0131l\u0131nda Kurumlar Vergisi oran\u0131 y\u00fczde 25, finans sekt\u00f6r\u00fcnde faaliyet g\u00f6steren kurumlar i\u00e7in y\u00fczde 30 olarak kullan\u0131l\u0131yor. Gelir \u0130daresi Ba\u015fkanl\u0131\u011f\u0131 (G\u0130B), kurumlar vergisi m\u00fckelleflerinin 2023 hesap d\u00f6nemine ili\u015fkin beyanname verme d\u00f6neminin ba\u015flad\u0131\u011f\u0131n\u0131 bildirdi. Ba\u015fkanl\u0131\u011f\u0131n internet sitesinde yer alan [&hellip;]<\/p>\n","protected":false},"author":1,"featured_media":1405,"comment_status":"open","ping_status":"closed","sticky":false,"template":"","format":"standard","meta":{"footnotes":""},"categories":[5],"tags":[24],"class_list":["post-1402","post","type-post","status-publish","format-standard","has-post-thumbnail","hentry","category-ekonomi","tag-ekonomi"],"_links":{"self":[{"href":"https:\/\/avukatimtv.com\/index.php\/wp-json\/wp\/v2\/posts\/1402","targetHints":{"allow":["GET"]}}],"collection":[{"href":"https:\/\/avukatimtv.com\/index.php\/wp-json\/wp\/v2\/posts"}],"about":[{"href":"https:\/\/avukatimtv.com\/index.php\/wp-json\/wp\/v2\/types\/post"}],"author":[{"embeddable":true,"href":"https:\/\/avukatimtv.com\/index.php\/wp-json\/wp\/v2\/users\/1"}],"replies":[{"embeddable":true,"href":"https:\/\/avukatimtv.com\/index.php\/wp-json\/wp\/v2\/comments?post=1402"}],"version-history":[{"count":0,"href":"https:\/\/avukatimtv.com\/index.php\/wp-json\/wp\/v2\/posts\/1402\/revisions"}],"wp:featuredmedia":[{"embeddable":true,"href":"https:\/\/avukatimtv.com\/index.php\/wp-json\/wp\/v2\/media\/1405"}],"wp:attachment":[{"href":"https:\/\/avukatimtv.com\/index.php\/wp-json\/wp\/v2\/media?parent=1402"}],"wp:term":[{"taxonomy":"category","embeddable":true,"href":"https:\/\/avukatimtv.com\/index.php\/wp-json\/wp\/v2\/categories?post=1402"},{"taxonomy":"post_tag","embeddable":true,"href":"https:\/\/avukatimtv.com\/index.php\/wp-json\/wp\/v2\/tags?post=1402"}],"curies":[{"name":"wp","href":"https:\/\/api.w.org\/{rel}","templated":true}]}}