{"id":1404,"date":"2024-04-06T16:44:30","date_gmt":"2024-04-06T13:44:30","guid":{"rendered":"https:\/\/haberv8.thewpdemo.com\/bayram-ikramiyesi-odemeleri-yarin-basliyor\/-1404.html"},"modified":"2024-04-06T16:44:30","modified_gmt":"2024-04-06T13:44:30","slug":"bayram-ikramiyesi-odemeleri-yarin-basliyor","status":"publish","type":"post","link":"https:\/\/avukatimtv.com\/index.php\/2024\/04\/06\/bayram-ikramiyesi-odemeleri-yarin-basliyor\/","title":{"rendered":"Bayram ikramiyesi \u00f6demeleri yar\u0131n ba\u015fl\u0131yor"},"content":{"rendered":"<\/p>\n<p class=\"text\">Emeklilere ikramiye \u00f6demeleri ba\u015fl\u0131yor.<\/p>\n<p class=\"text\">Yap\u0131lan y\u00fczde 50 art\u0131\u015f ile birlikte emeklilere 3 bin lira bayram ikramiyesi \u00f6denecek.<\/p>\n<p class=\"text\">B\u00f6ylece yakla\u015f\u0131k 16 milyon emekli zaml\u0131 ikramiyelerini alacak.<\/p>\n<p><strong>\u0130kramiyeler bayramdan \u00f6nce hesaplarda <\/strong><\/p>\n<p class=\"text\">\u00d6demeler maa\u015f alma takvimine g\u00f6re belirlendi. Buna g\u00f6re;<\/p>\n<p class=\"text\">-Maa\u015f\u0131n\u0131 ay\u0131n 17\u2019si ve 18\u2019inde alan SSK&#8217;l\u0131lar 2 Nisan&#8217;da,<\/p>\n<p class=\"text\">-Maa\u015f\u0131n\u0131 19, 20, 21, 22&#8217;sinde alanlar ise 3 Nisan&#8217;da,<\/p>\n<p class=\"text\">-Maa\u015flar\u0131n\u0131 23, 24, 25 ve 26 Nisan\u2019da alan SSK&#8217;l\u0131lar 4 Nisan g\u00fcn\u00fc itibar\u0131yla ikramiyelerini alacak.<\/p>\n<p><img decoding=\"async\" src=\"https:\/\/haberv8.thewpdemo.com\/wp-content\/uploads\/2024\/04\/bayram-ikramiyesi-odemeleri-yarin-basliyor-0.jpg\" \/><\/p>\n<p><strong>Emeklilere ikramiye uygulamas\u0131<\/strong><\/p>\n<p class=\"text\">2018&#8217;de bin TL ile ba\u015flayan emeklilere bayram ikramiyeleri 2023&#8217;te 2 bin TL&#8217;ye \u00e7\u0131kart\u0131lm\u0131\u015ft\u0131.<\/p>\n<p class=\"text\">Son olarak Cumhurba\u015fkan\u0131 Erdo\u011fan&#8217;\u0131n karar\u0131yla yerel se\u00e7im \u00f6ncesi ikramiyeler 2024&#8217;te 2 bin TL&#8217;den 3 bin TL&#8217;ye \u00e7\u0131kart\u0131ld\u0131.<\/p>\n","protected":false},"excerpt":{"rendered":"<p>Emeklilere ikramiye \u00f6demeleri ba\u015fl\u0131yor. Yap\u0131lan y\u00fczde 50 art\u0131\u015f ile birlikte emeklilere 3 bin lira bayram ikramiyesi \u00f6denecek. B\u00f6ylece yakla\u015f\u0131k 16 milyon emekli zaml\u0131 ikramiyelerini alacak. \u0130kramiyeler bayramdan \u00f6nce hesaplarda \u00d6demeler maa\u015f alma takvimine g\u00f6re belirlendi. Buna g\u00f6re; -Maa\u015f\u0131n\u0131 ay\u0131n 17\u2019si ve 18\u2019inde alan SSK&#8217;l\u0131lar 2 Nisan&#8217;da, -Maa\u015f\u0131n\u0131 19, 20, 21, 22&#8217;sinde alanlar ise 3 Nisan&#8217;da, [&hellip;]<\/p>\n","protected":false},"author":1,"featured_media":1407,"comment_status":"open","ping_status":"closed","sticky":false,"template":"","format":"standard","meta":{"footnotes":""},"categories":[5],"tags":[24],"class_list":["post-1404","post","type-post","status-publish","format-standard","has-post-thumbnail","hentry","category-ekonomi","tag-ekonomi"],"_links":{"self":[{"href":"https:\/\/avukatimtv.com\/index.php\/wp-json\/wp\/v2\/posts\/1404","targetHints":{"allow":["GET"]}}],"collection":[{"href":"https:\/\/avukatimtv.com\/index.php\/wp-json\/wp\/v2\/posts"}],"about":[{"href":"https:\/\/avukatimtv.com\/index.php\/wp-json\/wp\/v2\/types\/post"}],"author":[{"embeddable":true,"href":"https:\/\/avukatimtv.com\/index.php\/wp-json\/wp\/v2\/users\/1"}],"replies":[{"embeddable":true,"href":"https:\/\/avukatimtv.com\/index.php\/wp-json\/wp\/v2\/comments?post=1404"}],"version-history":[{"count":0,"href":"https:\/\/avukatimtv.com\/index.php\/wp-json\/wp\/v2\/posts\/1404\/revisions"}],"wp:featuredmedia":[{"embeddable":true,"href":"https:\/\/avukatimtv.com\/index.php\/wp-json\/wp\/v2\/media\/1407"}],"wp:attachment":[{"href":"https:\/\/avukatimtv.com\/index.php\/wp-json\/wp\/v2\/media?parent=1404"}],"wp:term":[{"taxonomy":"category","embeddable":true,"href":"https:\/\/avukatimtv.com\/index.php\/wp-json\/wp\/v2\/categories?post=1404"},{"taxonomy":"post_tag","embeddable":true,"href":"https:\/\/avukatimtv.com\/index.php\/wp-json\/wp\/v2\/tags?post=1404"}],"curies":[{"name":"wp","href":"https:\/\/api.w.org\/{rel}","templated":true}]}}