{"id":1408,"date":"2024-04-06T16:44:32","date_gmt":"2024-04-06T13:44:32","guid":{"rendered":"https:\/\/haberv8.thewpdemo.com\/mehmet-simsekten-secim-sonrasi-ilk-aciklama-hedefimiz-enflasyonda-kalici-dusus\/-1408.html"},"modified":"2024-04-06T16:44:32","modified_gmt":"2024-04-06T13:44:32","slug":"mehmet-simsekten-secim-sonrasi-ilk-aciklama-hedefimiz-enflasyonda-kalici-dusus","status":"publish","type":"post","link":"https:\/\/avukatimtv.com\/index.php\/2024\/04\/06\/mehmet-simsekten-secim-sonrasi-ilk-aciklama-hedefimiz-enflasyonda-kalici-dusus\/","title":{"rendered":"Mehmet \u015eim\u015fek&#8217;ten se\u00e7im sonras\u0131 ilk a\u00e7\u0131klama: Hedefimiz enflasyonda kal\u0131c\u0131 d\u00fc\u015f\u00fc\u015f"},"content":{"rendered":"<\/p>\n<p class=\"text\">Yerel se\u00e7imin sona ermesinin ard\u0131ndan ilk a\u00e7\u0131klama, Hazine ve Maliye Bakan\u0131 Mehmet \u015eim\u015fek&#8217;ten geldi. <\/p>\n<p class=\"text\">Yerel se\u00e7imlerin akabinde sosyal medya hesab\u0131ndan a\u00e7\u0131klama yapan \u015eim\u015fek, Orta Vadeli Program&#8217;\u0131n kararl\u0131l\u0131kla uygulanmaya devam edece\u011fini s\u00f6yledi. <\/p>\n<p class=\"text\">S\u00f6zlerine, &#8220;Mahalli se\u00e7im sonu\u00e7lar\u0131 milletimiz ve \u00fclkemiz i\u00e7in hay\u0131rl\u0131 olsun.&#8221; diyerek ba\u015flayan \u015eim\u015fek, devam\u0131nda \u015fu ifadelere yer verdi;<\/p>\n<p><strong>Ana hedef: Enflasyonu kal\u0131c\u0131 olarak d\u00fc\u015f\u00fcrmek<\/strong><\/p>\n<p>Eyl\u00fcl 2023\u2019te a\u00e7\u0131klad\u0131\u011f\u0131m\u0131z Orta Vadeli Program\u0131m\u0131z\u0131 (OVP) g\u00fc\u00e7lendirerek kararl\u0131l\u0131kla uygulamaya devam edece\u011fiz. Ana hedefimiz olan enflasyonu kal\u0131c\u0131 olarak tek haneye d\u00fc\u015f\u00fcrmek i\u00e7in s\u0131k\u0131 para, se\u00e7ici kredi ve gelirler politikas\u0131na ilaveten kamuda harcama kontrol\u00fc yaparak tasarrufu \u00f6n planda tutaca\u011f\u0131z.<\/p>\n<p><strong>&#8220;Azimliyiz, kararl\u0131y\u0131z, ba\u015faraca\u011f\u0131z&#8221;<\/strong><\/p>\n<p>OVP\u2019de a\u00e7\u0131klanan takvime uygun olarak hayata ge\u00e7irece\u011fimiz yap\u0131sal reformlar ile ekonomide d\u00f6n\u00fc\u015f\u00fcm\u00fc ger\u00e7ekle\u015ftirerek verimlilik ve rekabet g\u00fcc\u00fc art\u0131\u015f\u0131 sa\u011flayaca\u011f\u0131z.<\/p>\n<p>B\u00f6ylece s\u00fcrd\u00fcr\u00fclebilir b\u00fcy\u00fcme amac\u0131m\u0131za ula\u015farak sa\u011flayaca\u011f\u0131m\u0131z kal\u0131c\u0131 refah art\u0131\u015f\u0131 toplumun t\u00fcm kesimlerince payla\u015f\u0131lacakt\u0131r. Ba\u015far\u0131ya giden yol azim, kararl\u0131l\u0131k ve sab\u0131r ister. Azimliyiz, kararl\u0131y\u0131z, ba\u015faraca\u011f\u0131z.<\/p>\n<p>                    <img decoding=\"async\" src=\"https:\/\/haberv8.thewpdemo.com\/wp-content\/uploads\/2024\/04\/mehmet-simsekten-secim-sonrasi-ilk-aciklama-hedefimiz-enflasyonda-kalici-dusus-0.jpg\" \/><\/p>\n","protected":false},"excerpt":{"rendered":"<p>Yerel se\u00e7imin sona ermesinin ard\u0131ndan ilk a\u00e7\u0131klama, Hazine ve Maliye Bakan\u0131 Mehmet \u015eim\u015fek&#8217;ten geldi. Yerel se\u00e7imlerin akabinde sosyal medya hesab\u0131ndan a\u00e7\u0131klama yapan \u015eim\u015fek, Orta Vadeli Program&#8217;\u0131n kararl\u0131l\u0131kla uygulanmaya devam edece\u011fini s\u00f6yledi. S\u00f6zlerine, &#8220;Mahalli se\u00e7im sonu\u00e7lar\u0131 milletimiz ve \u00fclkemiz i\u00e7in hay\u0131rl\u0131 olsun.&#8221; diyerek ba\u015flayan \u015eim\u015fek, devam\u0131nda \u015fu ifadelere yer verdi; Ana hedef: Enflasyonu kal\u0131c\u0131 olarak d\u00fc\u015f\u00fcrmek [&hellip;]<\/p>\n","protected":false},"author":1,"featured_media":1413,"comment_status":"open","ping_status":"closed","sticky":false,"template":"","format":"standard","meta":{"footnotes":""},"categories":[5],"tags":[24],"class_list":["post-1408","post","type-post","status-publish","format-standard","has-post-thumbnail","hentry","category-ekonomi","tag-ekonomi"],"_links":{"self":[{"href":"https:\/\/avukatimtv.com\/index.php\/wp-json\/wp\/v2\/posts\/1408","targetHints":{"allow":["GET"]}}],"collection":[{"href":"https:\/\/avukatimtv.com\/index.php\/wp-json\/wp\/v2\/posts"}],"about":[{"href":"https:\/\/avukatimtv.com\/index.php\/wp-json\/wp\/v2\/types\/post"}],"author":[{"embeddable":true,"href":"https:\/\/avukatimtv.com\/index.php\/wp-json\/wp\/v2\/users\/1"}],"replies":[{"embeddable":true,"href":"https:\/\/avukatimtv.com\/index.php\/wp-json\/wp\/v2\/comments?post=1408"}],"version-history":[{"count":0,"href":"https:\/\/avukatimtv.com\/index.php\/wp-json\/wp\/v2\/posts\/1408\/revisions"}],"wp:featuredmedia":[{"embeddable":true,"href":"https:\/\/avukatimtv.com\/index.php\/wp-json\/wp\/v2\/media\/1413"}],"wp:attachment":[{"href":"https:\/\/avukatimtv.com\/index.php\/wp-json\/wp\/v2\/media?parent=1408"}],"wp:term":[{"taxonomy":"category","embeddable":true,"href":"https:\/\/avukatimtv.com\/index.php\/wp-json\/wp\/v2\/categories?post=1408"},{"taxonomy":"post_tag","embeddable":true,"href":"https:\/\/avukatimtv.com\/index.php\/wp-json\/wp\/v2\/tags?post=1408"}],"curies":[{"name":"wp","href":"https:\/\/api.w.org\/{rel}","templated":true}]}}