{"id":1409,"date":"2024-04-06T16:44:32","date_gmt":"2024-04-06T13:44:32","guid":{"rendered":"https:\/\/haberv8.thewpdemo.com\/ulastirma-ve-altyapi-bakanligi-69-isci-istihdam-edecek\/-1409.html"},"modified":"2024-04-06T16:44:32","modified_gmt":"2024-04-06T13:44:32","slug":"ulastirma-ve-altyapi-bakanligi-69-isci-istihdam-edecek","status":"publish","type":"post","link":"https:\/\/avukatimtv.com\/index.php\/2024\/04\/06\/ulastirma-ve-altyapi-bakanligi-69-isci-istihdam-edecek\/","title":{"rendered":"Ula\u015ft\u0131rma ve Altyap\u0131 Bakanl\u0131\u011f\u0131 69 i\u015f\u00e7i istihdam edecek"},"content":{"rendered":"<\/p>\n<p>\n                <span>AA <\/span>\n            <\/p>\n<p class=\"text\">Ula\u015ft\u0131rma ve Altyap\u0131 Bakanl\u0131\u011f\u0131, i\u015f\u00e7i al\u0131m\u0131 yapaca\u011f\u0131n\u0131 duyurdu.<\/p>\n<p class=\"text\">Bakanl\u0131\u011f\u0131n istihdam edece\u011fi personel ile ilgili ilan Resmi Gazete&#8217;de yay\u0131nland\u0131.<\/p>\n<p class=\"text\">Buna g\u00f6re, Bakanl\u0131\u011f\u0131n ta\u015fra te\u015fkilat\u0131nda g\u00f6revlendirilmek \u00fczere 2 tarama uzman\u0131 (kaptan), 2 tarama uzman yard\u0131mc\u0131s\u0131, 7 s\u0131n\u0131rl\u0131 kaptan, 43 usta gemici, 2 gemi elektrik\u00e7isi, 10 ya\u011fc\u0131 ve 3 gemi a\u015f\u00e7\u0131s\u0131 olmak \u00fczere 69 i\u015f\u00e7i al\u0131nacak.<\/p>\n<p class=\"text\">Adaylar\u0131n, ba\u015fvuraca\u011f\u0131 \u00fcnvan i\u00e7in gerekli belge ve hizmet \u015fart\u0131n\u0131 ta\u015f\u0131mas\u0131 gerekecek.<\/p>\n<p><strong>Son ba\u015fvuru tarihi 5 Nisan<\/strong><\/p>\n<p class=\"text\">Ba\u015fvurular, 5 Nisan&#8217;a kadar T\u00fcrkiye \u0130\u015f Kurumu&#8217;nun internet sitesi \u00fczerinden al\u0131nacak.<\/p>\n<p class=\"text\">Ba\u015fvurular\u0131n ard\u0131ndan \u0130\u015eKUR taraf\u0131ndan Bakanl\u0131\u011fa g\u00f6nderilecek listede yer alan adaylardan gerekli evraklar talep edilecek.<\/p>\n<p><strong>Noter kura \u00e7ekili\u015fi yap\u0131lacak<\/strong><\/p>\n<p class=\"text\">Evrak incelemesi sonucunda \u015fartlar\u0131 sa\u011flayan adaylar aras\u0131ndan noter kura \u00e7ekili\u015fiyle a\u00e7\u0131k i\u015f say\u0131s\u0131n\u0131n d\u00f6rt kat\u0131 kadar as\u0131l ve yedek aday belirlenecek.<\/p>\n<p class=\"text\">S\u00f6zl\u00fc ve\/veya uygulamal\u0131 s\u0131nava kat\u0131lacak adaylara ait noter kura \u00e7ekili\u015fi 6 May\u0131s&#8217;ta Bakanl\u0131\u011f\u0131n merkez kamp\u00fcs\u00fcnde ger\u00e7ekle\u015ftirilecek.<\/p>\n<p class=\"text\">Konuya ili\u015fkin t\u00fcm duyurular Bakanl\u0131\u011f\u0131n internet sitesinden (www.uab.gov.tr\/duyurular) yay\u0131mlanacak.<\/p>\n<p>        Haber Kayna\u011f\u0131: Anadolu Ajans\u0131 (AA)<\/p>\n","protected":false},"excerpt":{"rendered":"<p>AA Ula\u015ft\u0131rma ve Altyap\u0131 Bakanl\u0131\u011f\u0131, i\u015f\u00e7i al\u0131m\u0131 yapaca\u011f\u0131n\u0131 duyurdu. Bakanl\u0131\u011f\u0131n istihdam edece\u011fi personel ile ilgili ilan Resmi Gazete&#8217;de yay\u0131nland\u0131. Buna g\u00f6re, Bakanl\u0131\u011f\u0131n ta\u015fra te\u015fkilat\u0131nda g\u00f6revlendirilmek \u00fczere 2 tarama uzman\u0131 (kaptan), 2 tarama uzman yard\u0131mc\u0131s\u0131, 7 s\u0131n\u0131rl\u0131 kaptan, 43 usta gemici, 2 gemi elektrik\u00e7isi, 10 ya\u011fc\u0131 ve 3 gemi a\u015f\u00e7\u0131s\u0131 olmak \u00fczere 69 i\u015f\u00e7i al\u0131nacak. Adaylar\u0131n, [&hellip;]<\/p>\n","protected":false},"author":1,"featured_media":1412,"comment_status":"open","ping_status":"closed","sticky":false,"template":"","format":"standard","meta":{"footnotes":""},"categories":[5],"tags":[24],"class_list":["post-1409","post","type-post","status-publish","format-standard","has-post-thumbnail","hentry","category-ekonomi","tag-ekonomi"],"_links":{"self":[{"href":"https:\/\/avukatimtv.com\/index.php\/wp-json\/wp\/v2\/posts\/1409","targetHints":{"allow":["GET"]}}],"collection":[{"href":"https:\/\/avukatimtv.com\/index.php\/wp-json\/wp\/v2\/posts"}],"about":[{"href":"https:\/\/avukatimtv.com\/index.php\/wp-json\/wp\/v2\/types\/post"}],"author":[{"embeddable":true,"href":"https:\/\/avukatimtv.com\/index.php\/wp-json\/wp\/v2\/users\/1"}],"replies":[{"embeddable":true,"href":"https:\/\/avukatimtv.com\/index.php\/wp-json\/wp\/v2\/comments?post=1409"}],"version-history":[{"count":0,"href":"https:\/\/avukatimtv.com\/index.php\/wp-json\/wp\/v2\/posts\/1409\/revisions"}],"wp:featuredmedia":[{"embeddable":true,"href":"https:\/\/avukatimtv.com\/index.php\/wp-json\/wp\/v2\/media\/1412"}],"wp:attachment":[{"href":"https:\/\/avukatimtv.com\/index.php\/wp-json\/wp\/v2\/media?parent=1409"}],"wp:term":[{"taxonomy":"category","embeddable":true,"href":"https:\/\/avukatimtv.com\/index.php\/wp-json\/wp\/v2\/categories?post=1409"},{"taxonomy":"post_tag","embeddable":true,"href":"https:\/\/avukatimtv.com\/index.php\/wp-json\/wp\/v2\/tags?post=1409"}],"curies":[{"name":"wp","href":"https:\/\/api.w.org\/{rel}","templated":true}]}}