{"id":1414,"date":"2024-04-06T16:44:33","date_gmt":"2024-04-06T13:44:33","guid":{"rendered":"https:\/\/haberv8.thewpdemo.com\/avlanma-yasaklari-baslayacak-osmaniyeli-balikcilar-son-aglarini-atiyor\/-1414.html"},"modified":"2024-04-06T16:44:33","modified_gmt":"2024-04-06T13:44:33","slug":"avlanma-yasaklari-baslayacak-osmaniyeli-balikcilar-son-aglarini-atiyor","status":"publish","type":"post","link":"https:\/\/avukatimtv.com\/index.php\/2024\/04\/06\/avlanma-yasaklari-baslayacak-osmaniyeli-balikcilar-son-aglarini-atiyor\/","title":{"rendered":"Avlanma yasaklar\u0131 ba\u015flayacak! Osmaniyeli bal\u0131k\u00e7\u0131lar son a\u011flar\u0131n\u0131 at\u0131yor"},"content":{"rendered":"<\/p>\n<p class=\"vjs-no-js\">\n                Bu videoyu izlemek i\u00e7in l\u00fctfen JavaScript&#8217;i etkinle\u015ftirin\n            <\/p>\n<p>\n                <span>AA <\/span>\n            <\/p>\n<p class=\"text\">Karadeniz&#8217;de 1 Eyl\u00fcl&#8217;de ba\u015flayan bal\u0131k av\u0131 sezonu ve 15 Nisan&#8217;da sona erecek. Akdeniz&#8217;de 15 Eyl\u00fcl ba\u015flayan bal\u0131k av\u0131 sezonu 15 Nisan&#8217;da sona erecek. G\u00f6l, g\u00f6let, baraj g\u00f6lleri, akarsu, \u00e7ay, dere gibi t\u00fcm i\u00e7 sularda ise 1 Nisan-1 Temmuz tarihleri aras\u0131nda sazangiller, kadife, \u015firaz ve yay\u0131n bal\u0131\u011f\u0131 avc\u0131l\u0131\u011f\u0131 yasak.<\/p>\n<p class=\"text\">Bal\u0131k neslinin devam\u0131 i\u00e7in al\u0131nan bal\u0131k av\u0131 yasaklar\u0131 Aslanta\u015f G\u00f6l\u00fc&#8217;nde avlanan Osmaniyeli bal\u0131k\u00e7\u0131lar\u0131 da kaps\u0131yor.<\/p>\n<p class=\"text\">Bal\u0131k\u00e7\u0131lar, 1 Nisan&#8217;da ba\u015flayacak avlanma yasa\u011f\u0131 \u00f6ncesi att\u0131klar\u0131 son a\u011flar\u0131 \u00e7ekiyor.<\/p>\n<p class=\"text\">Aslanta\u015f G\u00f6l\u00fc, Osmaniye ve Kahramanmara\u015f s\u0131n\u0131rlar\u0131 i\u00e7inde yer alan ve b\u00f6lgenin sulama ile elektrik ihtiyac\u0131 kadar bal\u0131k\u00e7\u0131lar\u0131n da ge\u00e7im kayna\u011f\u0131 oluyor.<\/p>\n<p class=\"text\">Bal\u0131k\u00e7\u0131lar, Aslanta\u015f G\u00f6l\u00fc&#8217;nde 1 Nisan&#8217;dan itibaren 3 ay s\u00fcrecek av yasa\u011f\u0131 ba\u015fl\u0131yor.<\/p>\n<p class=\"text\">Yasak \u00f6ncesi bal\u0131k\u00e7\u0131lar, kay\u0131klar\u0131yla son kez bal\u0131\u011fa \u00e7\u0131karak, att\u0131klar\u0131 a\u011flar\u0131 \u00e7ekerek k\u0131smetlerini ar\u0131yor.<\/p>\n<p><strong>Bal\u0131\u011f\u0131n kilosu 40 lira<\/strong><\/p>\n<p class=\"text\">Ak\u015famdan att\u0131klar\u0131 a\u011flar\u0131 sabah erken saatte toplayan bal\u0131k\u00e7\u0131lar, tuttuklar\u0131 bal\u0131klar\u0131 kilogram\u0131 40 liradan satarak ge\u00e7imlerini sa\u011fl\u0131yor.<\/p>\n<p><strong>&#8220;Bereketli bir sezon ge\u00e7ti&#8221;<\/strong><\/p>\n<p class=\"text\">G\u00f6lde 12 y\u0131ld\u0131r bal\u0131k\u00e7\u0131l\u0131k yapan Ali K\u0131y\u0131k\u00e7\u0131, bereketli bir sezon ge\u00e7irdiklerini anlatt\u0131. G\u00fcnde ortalama 10 ila 40 kilogram aras\u0131 bal\u0131k yakalad\u0131\u011f\u0131n\u0131 belirten K\u0131y\u0131k\u00e7\u0131, \u015f\u00f6yle konu\u015ftu:<\/p>\n<p>Bu sezon g\u00fczel ge\u00e7ti. Allah&#8217;a \u015f\u00fck\u00fcr umdu\u011fumuz gibi oldu. Bal\u0131k boldu, r\u0131zk\u0131m\u0131z\u0131 fazlas\u0131yla kazand\u0131k.<\/p>\n<p><strong>Yasakta kay\u0131k ve a\u011flar onar\u0131lacak<\/strong><\/p>\n<p class=\"text\">K\u0131y\u0131k\u00e7\u0131, avlanma yasa\u011f\u0131 s\u00fcrecinde kay\u0131klar\u0131n\u0131n ve a\u011flar\u0131n\u0131n bak\u0131m\u0131n\u0131 yaparak yeni sezona haz\u0131rlanacaklar\u0131n\u0131 dile getirdi.<\/p>\n<p><img decoding=\"async\" src=\"https:\/\/haberv8.thewpdemo.com\/wp-content\/uploads\/2024\/04\/avlanma-yasaklari-baslayacak-osmaniyeli-balikcilar-son-aglarini-atiyor-0.jpg\" \/><\/p>\n<p><strong>Sezonu mutlu kapat\u0131yorlar<\/strong><\/p>\n<p class=\"text\">Bal\u0131k\u00e7\u0131 Mehmet Do\u011fru da sezonu mutlu kapatt\u0131klar\u0131n\u0131 anlatarak, \u015f\u00f6yle dedi:<\/p>\n<p>Sezon bizim i\u00e7in g\u00fczel ge\u00e7ti. R\u0131zk\u0131m\u0131z\u0131 kazand\u0131k \u00e7ok \u015f\u00fck\u00fcr. Yasak sonras\u0131 tekrar g\u00f6le a\u00e7\u0131larak r\u0131zk\u0131m\u0131z\u0131 aramaya devam edece\u011fiz.<\/p>\n<p><img decoding=\"async\" src=\"https:\/\/haberv8.thewpdemo.com\/wp-content\/uploads\/2024\/04\/avlanma-yasaklari-baslayacak-osmaniyeli-balikcilar-son-aglarini-atiyor-1.jpg\" \/><img decoding=\"async\" src=\"https:\/\/haberv8.thewpdemo.com\/wp-content\/uploads\/2024\/04\/avlanma-yasaklari-baslayacak-osmaniyeli-balikcilar-son-aglarini-atiyor-2.jpg\" \/><img decoding=\"async\" src=\"https:\/\/haberv8.thewpdemo.com\/wp-content\/uploads\/2024\/04\/avlanma-yasaklari-baslayacak-osmaniyeli-balikcilar-son-aglarini-atiyor-3.jpg\" \/><img decoding=\"async\" src=\"https:\/\/haberv8.thewpdemo.com\/wp-content\/uploads\/2024\/04\/avlanma-yasaklari-baslayacak-osmaniyeli-balikcilar-son-aglarini-atiyor-4.jpg\" \/><img decoding=\"async\" src=\"https:\/\/haberv8.thewpdemo.com\/wp-content\/uploads\/2024\/04\/avlanma-yasaklari-baslayacak-osmaniyeli-balikcilar-son-aglarini-atiyor-5.jpg\" \/><img decoding=\"async\" src=\"https:\/\/haberv8.thewpdemo.com\/wp-content\/uploads\/2024\/04\/avlanma-yasaklari-baslayacak-osmaniyeli-balikcilar-son-aglarini-atiyor-6.jpg\" \/><img decoding=\"async\" src=\"https:\/\/haberv8.thewpdemo.com\/wp-content\/uploads\/2024\/04\/avlanma-yasaklari-baslayacak-osmaniyeli-balikcilar-son-aglarini-atiyor-7.jpg\" \/>        Haber Kayna\u011f\u0131: Anadolu Ajans\u0131 (AA)<\/p>\n","protected":false},"excerpt":{"rendered":"<p>Bu videoyu izlemek i\u00e7in l\u00fctfen JavaScript&#8217;i etkinle\u015ftirin AA Karadeniz&#8217;de 1 Eyl\u00fcl&#8217;de ba\u015flayan bal\u0131k av\u0131 sezonu ve 15 Nisan&#8217;da sona erecek. Akdeniz&#8217;de 15 Eyl\u00fcl ba\u015flayan bal\u0131k av\u0131 sezonu 15 Nisan&#8217;da sona erecek. G\u00f6l, g\u00f6let, baraj g\u00f6lleri, akarsu, \u00e7ay, dere gibi t\u00fcm i\u00e7 sularda ise 1 Nisan-1 Temmuz tarihleri aras\u0131nda sazangiller, kadife, \u015firaz ve yay\u0131n bal\u0131\u011f\u0131 avc\u0131l\u0131\u011f\u0131 [&hellip;]<\/p>\n","protected":false},"author":1,"featured_media":1422,"comment_status":"open","ping_status":"closed","sticky":false,"template":"","format":"standard","meta":{"footnotes":""},"categories":[5],"tags":[24],"class_list":["post-1414","post","type-post","status-publish","format-standard","has-post-thumbnail","hentry","category-ekonomi","tag-ekonomi"],"_links":{"self":[{"href":"https:\/\/avukatimtv.com\/index.php\/wp-json\/wp\/v2\/posts\/1414","targetHints":{"allow":["GET"]}}],"collection":[{"href":"https:\/\/avukatimtv.com\/index.php\/wp-json\/wp\/v2\/posts"}],"about":[{"href":"https:\/\/avukatimtv.com\/index.php\/wp-json\/wp\/v2\/types\/post"}],"author":[{"embeddable":true,"href":"https:\/\/avukatimtv.com\/index.php\/wp-json\/wp\/v2\/users\/1"}],"replies":[{"embeddable":true,"href":"https:\/\/avukatimtv.com\/index.php\/wp-json\/wp\/v2\/comments?post=1414"}],"version-history":[{"count":0,"href":"https:\/\/avukatimtv.com\/index.php\/wp-json\/wp\/v2\/posts\/1414\/revisions"}],"wp:featuredmedia":[{"embeddable":true,"href":"https:\/\/avukatimtv.com\/index.php\/wp-json\/wp\/v2\/media\/1422"}],"wp:attachment":[{"href":"https:\/\/avukatimtv.com\/index.php\/wp-json\/wp\/v2\/media?parent=1414"}],"wp:term":[{"taxonomy":"category","embeddable":true,"href":"https:\/\/avukatimtv.com\/index.php\/wp-json\/wp\/v2\/categories?post=1414"},{"taxonomy":"post_tag","embeddable":true,"href":"https:\/\/avukatimtv.com\/index.php\/wp-json\/wp\/v2\/tags?post=1414"}],"curies":[{"name":"wp","href":"https:\/\/api.w.org\/{rel}","templated":true}]}}