{"id":1415,"date":"2024-04-06T16:44:34","date_gmt":"2024-04-06T13:44:34","guid":{"rendered":"https:\/\/haberv8.thewpdemo.com\/istanbulda-avrasya-tuneli-tem-anadolu-otoyolu-baglanti-yolu-acildi\/-1415.html"},"modified":"2024-04-06T16:44:34","modified_gmt":"2024-04-06T13:44:34","slug":"istanbulda-avrasya-tuneli-tem-anadolu-otoyolu-baglanti-yolu-acildi","status":"publish","type":"post","link":"https:\/\/avukatimtv.com\/index.php\/2024\/04\/06\/istanbulda-avrasya-tuneli-tem-anadolu-otoyolu-baglanti-yolu-acildi\/","title":{"rendered":"\u0130stanbul&#8217;da Avrasya T\u00fcneli-TEM Anadolu Otoyolu ba\u011flant\u0131 yolu a\u00e7\u0131ld\u0131"},"content":{"rendered":"<\/p>\n<p>\n                <span>AA <\/span>\n            <\/p>\n<p class=\"text\">\u0130stanbul&#8217;da 15 Temmuz \u015eehitler K\u00f6pr\u00fcs\u00fc&#8217;ndeki trafik yo\u011funlu\u011funu azaltarak, Avrasya T\u00fcneli&#8217;ne y\u00f6nlendirmek amac\u0131yla yap\u0131lan Avrasya T\u00fcneli-TEM Anadolu Otoyolu Ba\u011flant\u0131 Yolu a\u00e7\u0131ld\u0131.<\/p>\n<p class=\"text\">Avrasya T\u00fcneli-TEM Anadolu Otoyolu Ba\u011flant\u0131 Yolu&#8217;nun a\u00e7\u0131l\u0131\u015f\u0131 Ula\u015ft\u0131rma Bakanl\u0131\u011f\u0131 Altyap\u0131 Yat\u0131r\u0131mlar\u0131 Genel M\u00fcd\u00fcr\u00fc Yal\u00e7\u0131n Eyig\u00fcn taraf\u0131ndan ger\u00e7ekle\u015ftirildi.<\/p>\n<p class=\"text\">Eyig\u00fcn, a\u00e7\u0131l\u0131\u015fta \u0130stanbul&#8217;a adeta Avrasya T\u00fcneli&#8217;nin 4&#8217;e 1&#8217;i kadar, 5&#8217;te 1&#8217;i kadar kapasiteyi y\u00fckseltici \u00e7al\u0131\u015fmalar yapt\u0131klar\u0131n\u0131 belirtti. <\/p>\n<p><strong>&#8220;Ba\u011flant\u0131 yolu 4 ana istikametin kesi\u015fim noktas\u0131nda bulunuyor&#8221;<\/strong><\/p>\n<p class=\"text\">Eyig\u00fcn, ba\u011flant\u0131 yolunun 4 ana istikametin kesi\u015fim noktas\u0131nda bulundu\u011funu belirterek, TEM ba\u011flant\u0131 yolundan 15 Temmuz \u015eehitler K\u00f6pr\u00fcs\u00fc&#8217;ne gidilen ana arterin 15 Temmuz \u015eehitler K\u00f6pr\u00fcs\u00fc&#8217;nden Anadolu Yakas\u0131&#8217;na gelinirken E5 ve D100 Karayolu&#8217;na inilen yol ya da Anadolu Otoyolu&#8217;na gidilen yollar\u0131n ortas\u0131nda bulundu\u011funu s\u00f6yledi.<\/p>\n<p><strong>&#8220;\u00c7aml\u0131ca yoku\u015funda olu\u015fan yo\u011funluklar gideriliyor&#8221;<\/strong><\/p>\n<p class=\"text\">Eyig\u00fcn, ba\u011flant\u0131 yolunun s\u00fcr\u00fcc\u00fclere sa\u011flayaca\u011f\u0131 kolayl\u0131klar hakk\u0131nda bilgi vererek \u015f\u00f6yle devam etti:<\/p>\n<p>TEM&#8217;den gelen s\u00fcr\u00fcc\u00fclerimiz 15 Temmuz \u015eehitler K\u00f6pr\u00fcs\u00fc&#8217;ne gidiyorken, \u00c7aml\u0131ca yoku\u015funda sabahlar\u0131 \u00f6zellikle \u00e7ok ciddi bir yo\u011funlukla kar\u015f\u0131la\u015f\u0131rlar. Bu projemizin amac\u0131 tam bu yo\u011funlu\u011fun ba\u015flad\u0131\u011f\u0131 noktada bir alt ge\u00e7it t\u00fcnelimiz var, U d\u00f6n\u00fc\u015f\u00fc t\u00fcneli diyoruz. Bu U d\u00f6n\u00fc\u015f\u00fcyle Anadolu yakas\u0131na tekrar d\u00f6nmek amac\u0131yla s\u00fcr\u00fcc\u00fclerimiz seyir yaparlard\u0131 veya Kartal istikametinden k\u00f6pr\u00fcye giderken geriye d\u00f6n\u00fcp \u00dcnalan Mahallesi&#8217;ne girmek i\u00e7in kullan\u0131rlard\u0131. Bizim burada yapt\u0131\u011f\u0131m\u0131z \u015fey ise bu t\u00fcnelin devam\u0131nda 600 metrelik bir ilave yol ekledik. B\u00f6ylece sabah trafi\u011finde \u00f6zellikle k\u00f6pr\u00fc yerine Avrasya T\u00fcneli&#8217;ne ge\u00e7mek isteyen s\u00fcr\u00fcc\u00fclerimizin tam da s\u0131k\u0131\u015f\u0131kl\u0131kla kar\u015f\u0131la\u015ft\u0131klar\u0131 noktada bu se\u00e7ene\u011fi sunuyoruz kendilerine. Avrasya T\u00fcnelimize bakt\u0131\u011f\u0131m\u0131zda \u015fu an 15-20 bin say\u0131da arac\u0131n daha bize y\u00f6nelmesini \u00f6ng\u00f6r\u00fcyoruz.<\/p>\n<p><strong>&#8220;D100 ve E5&#8217;i hi\u00e7 kullanmadan bu ba\u011flant\u0131 yoluyla Kad\u0131k\u00f6y&#8217;e inme \u015fans\u0131 var&#8221;<\/strong><\/p>\n<p class=\"text\">Anadolu Yakas\u0131 i\u00e7in de Kartal, Pendik, Tuzla istikametinden gelip Kad\u0131k\u00f6y, Fenerbah\u00e7e, Ba\u011fdat Caddesi ve G\u00f6ztepe&#8217;ye inmek isteyenlerin de D100 ve E5&#8217;i hi\u00e7 kullanmadan bu ba\u011flant\u0131 yoluyla Kad\u0131k\u00f6y&#8217;e inme \u015fanslar\u0131 oldu\u011funu aktaran Eyig\u00fcn, \u015f\u00f6yle konu\u015ftu:<\/p>\n<p>Kendisi k\u00fc\u00e7\u00fck 600 metrelik bir i\u015f, t\u00fcnelle beraber 900 metre ama fonksiyonu itibar\u0131yla bakt\u0131\u011f\u0131m\u0131zda neredeyse her y\u00f6ndeki s\u00fcr\u00fcc\u00fclere fayda sa\u011flayacak bir proje.<\/p>\n<p><img decoding=\"async\" src=\"https:\/\/haberv8.thewpdemo.com\/wp-content\/uploads\/2024\/04\/istanbulda-avrasya-tuneli-tem-anadolu-otoyolu-baglanti-yolu-acildi-0.jpg\" \/><\/p>\n<p><strong>&#8220;10 y\u0131l\u0131 bulmadan 6,5 y\u0131lda garanti say\u0131s\u0131na ula\u015ft\u0131k&#8221;<\/strong><\/p>\n<p class=\"text\">Yal\u00e7\u0131n Eyig\u00fcn, Avrasya T\u00fcneli&#8217;nin g\u00fcnl\u00fck rakamlar\u0131 hakk\u0131nda bilgi vererek, \u00f6ng\u00f6r\u00fclenden daha h\u0131zl\u0131 \u015fekilde 10 y\u0131l\u0131 bulmadan 6,5 y\u0131lda garanti say\u0131s\u0131na ula\u015ft\u0131klar\u0131n\u0131 kaydetti.<\/p>\n<p><strong>&#8220;15 Temmuz \u015eehitler K\u00f6pr\u00fcs\u00fc&#8217;n\u00fc bir nebze olsun rahatlatmak ama\u00e7land\u0131&#8221;<\/strong><\/p>\n<p class=\"text\">Eyig\u00fcn, \u015fu an g\u00fcnl\u00fck 73-74 bin ortalamas\u0131nda olduklar\u0131n\u0131 dile getirerek, \u015fu bilgileri verdi:<\/p>\n<p>Amac\u0131m\u0131z ise 15-20 bin daha art\u0131rarak, \u00f6zellikle sabah trafi\u011finde, Anadolu-Avrupa ge\u00e7i\u015flerinde ara\u00e7lar\u0131m\u0131zdan 15-20 binini daha zaman i\u00e7inde Avrasya&#8217;ya almak suretiyle hem Avrasya&#8217;n\u0131n zaten yakalad\u0131\u011f\u0131m\u0131z, ge\u00e7ti\u011fimiz garanti e\u015fi\u011fini daha da art\u0131rmak hem de 15 Temmuz \u015eehitler K\u00f6pr\u00fcs\u00fc&#8217;n\u00fc bir nebze olsun, y\u00fczde 15-20 \u00f6l\u00e7\u00fcs\u00fcnde, rahatlatmak ve ayn\u0131 zaman\u0131nda g\u00fcn i\u00e7inde E5 trafi\u011finin tamam\u0131n\u0131 Anadolu Yakas\u0131&#8217;nda Kad\u0131k\u00f6y&#8217;e ge\u00e7i\u015fler gidi\u015fler a\u00e7\u0131s\u0131ndan da ferahlatmak.<\/p>\n<p class=\"text\">Avrasya T\u00fcneli&#8217;nde yapt\u0131klar\u0131 hesaplamalar\u0131n \u00f6ng\u00f6rd\u00fckleri gibi \u00e7\u0131kt\u0131\u011f\u0131n\u0131 kaydeden Eyig\u00fcn, biraz sabredildi\u011finde ge\u00e7i\u015flerdeki ara\u00e7 say\u0131s\u0131n\u0131n garantinin \u00f6tesinde 20-30 bin band\u0131n\u0131n \u00fcst\u00fcne \u00e7\u0131kabileceklerini vurgulad\u0131.<\/p>\n<p class=\"text\">Eyig\u00fcn, ba\u011flant\u0131 yoluna giden t\u00fcnelin Avrasya&#8217;n\u0131n kamu menfaati, kamu finansman\u0131, kamu maliyesi a\u00e7\u0131s\u0131ndan da faydas\u0131n\u0131 biraz daha art\u0131racak iyi bir proje oldu\u011funun alt\u0131n\u0131 \u00e7izdi.<\/p>\n<p><img decoding=\"async\" src=\"https:\/\/haberv8.thewpdemo.com\/wp-content\/uploads\/2024\/04\/istanbulda-avrasya-tuneli-tem-anadolu-otoyolu-baglanti-yolu-acildi-1.jpg\" \/><\/p>\n<p><strong>Marmaray da Avrasya da amorti edildi<\/strong><\/p>\n<p class=\"text\">Avrasya T\u00fcneli ile beraber Marmaray&#8217;a da de\u011finen Eyig\u00fcn, her iki projenin de insanlara kazand\u0131rd\u0131\u011f\u0131 zaman\u0131n ger\u00e7ek hayatta kar\u015f\u0131l\u0131\u011f\u0131n\u0131n \u00f6l\u00e7\u00fclemez oldu\u011funu s\u00f6yleyerek, s\u00f6zlerini \u015f\u00f6yle tamamlad\u0131:<\/p>\n<p>Siz bir saatte ge\u00e7ebilece\u011finiz bir yola Avrasya&#8217;yla 4 dakikada ge\u00e7iyorsunuz kar\u015f\u0131ya ya da Marmaray&#8217;la birka\u00e7 dakika i\u00e7inde \u00dcsk\u00fcdar&#8217;dan Sirkeci&#8217;de oluyorsunuz. Bunun kar\u015f\u0131l\u0131\u011f\u0131 yok ama maddi anlamda da bizim hesaplar\u0131m\u0131za g\u00f6re her ikisi \u00e7oktan amorti ettiler. Kamuya art\u0131 de\u011fer olu\u015fturdular ve buradaki k\u00fc\u00e7\u00fck projemiz fiziksel olarak k\u00fc\u00e7\u00fck ama de\u011fer olarak \u00e7ok ciddi bir fayda olu\u015fturacak. \u0130stanbul&#8217;a yeni bir fayda anlam\u0131nda adeta Avrasya T\u00fcneli&#8217;nin d\u00f6rtte biri kadar, be\u015fte biri kadar belki bir yeni t\u00fcnel yapm\u0131\u015f kadar kapasiteyi y\u00fckseltici bir i\u015f yap\u0131yoruz.<\/p>\n<p>        Haber Kayna\u011f\u0131: Anadolu Ajans\u0131 (AA)<\/p>\n","protected":false},"excerpt":{"rendered":"<p>AA \u0130stanbul&#8217;da 15 Temmuz \u015eehitler K\u00f6pr\u00fcs\u00fc&#8217;ndeki trafik yo\u011funlu\u011funu azaltarak, Avrasya T\u00fcneli&#8217;ne y\u00f6nlendirmek amac\u0131yla yap\u0131lan Avrasya T\u00fcneli-TEM Anadolu Otoyolu Ba\u011flant\u0131 Yolu a\u00e7\u0131ld\u0131. Avrasya T\u00fcneli-TEM Anadolu Otoyolu Ba\u011flant\u0131 Yolu&#8217;nun a\u00e7\u0131l\u0131\u015f\u0131 Ula\u015ft\u0131rma Bakanl\u0131\u011f\u0131 Altyap\u0131 Yat\u0131r\u0131mlar\u0131 Genel M\u00fcd\u00fcr\u00fc Yal\u00e7\u0131n Eyig\u00fcn taraf\u0131ndan ger\u00e7ekle\u015ftirildi. Eyig\u00fcn, a\u00e7\u0131l\u0131\u015fta \u0130stanbul&#8217;a adeta Avrasya T\u00fcneli&#8217;nin 4&#8217;e 1&#8217;i kadar, 5&#8217;te 1&#8217;i kadar kapasiteyi y\u00fckseltici \u00e7al\u0131\u015fmalar yapt\u0131klar\u0131n\u0131 belirtti. [&hellip;]<\/p>\n","protected":false},"author":1,"featured_media":1418,"comment_status":"open","ping_status":"closed","sticky":false,"template":"","format":"standard","meta":{"footnotes":""},"categories":[5],"tags":[24],"class_list":["post-1415","post","type-post","status-publish","format-standard","has-post-thumbnail","hentry","category-ekonomi","tag-ekonomi"],"_links":{"self":[{"href":"https:\/\/avukatimtv.com\/index.php\/wp-json\/wp\/v2\/posts\/1415","targetHints":{"allow":["GET"]}}],"collection":[{"href":"https:\/\/avukatimtv.com\/index.php\/wp-json\/wp\/v2\/posts"}],"about":[{"href":"https:\/\/avukatimtv.com\/index.php\/wp-json\/wp\/v2\/types\/post"}],"author":[{"embeddable":true,"href":"https:\/\/avukatimtv.com\/index.php\/wp-json\/wp\/v2\/users\/1"}],"replies":[{"embeddable":true,"href":"https:\/\/avukatimtv.com\/index.php\/wp-json\/wp\/v2\/comments?post=1415"}],"version-history":[{"count":0,"href":"https:\/\/avukatimtv.com\/index.php\/wp-json\/wp\/v2\/posts\/1415\/revisions"}],"wp:featuredmedia":[{"embeddable":true,"href":"https:\/\/avukatimtv.com\/index.php\/wp-json\/wp\/v2\/media\/1418"}],"wp:attachment":[{"href":"https:\/\/avukatimtv.com\/index.php\/wp-json\/wp\/v2\/media?parent=1415"}],"wp:term":[{"taxonomy":"category","embeddable":true,"href":"https:\/\/avukatimtv.com\/index.php\/wp-json\/wp\/v2\/categories?post=1415"},{"taxonomy":"post_tag","embeddable":true,"href":"https:\/\/avukatimtv.com\/index.php\/wp-json\/wp\/v2\/tags?post=1415"}],"curies":[{"name":"wp","href":"https:\/\/api.w.org\/{rel}","templated":true}]}}