{"id":1423,"date":"2024-04-06T16:50:07","date_gmt":"2024-04-06T13:50:07","guid":{"rendered":"https:\/\/haberv8.thewpdemo.com\/oglum-hicbir-zaman-babasinin-elini-opemeyecek\/-1423.html"},"modified":"2024-04-06T16:50:07","modified_gmt":"2024-04-06T13:50:07","slug":"oglum-hicbir-zaman-babasinin-elini-opemeyecek","status":"publish","type":"post","link":"https:\/\/avukatimtv.com\/index.php\/2024\/04\/06\/oglum-hicbir-zaman-babasinin-elini-opemeyecek\/","title":{"rendered":"O\u011flum hi\u00e7bir zaman babas\u0131n\u0131n elini \u00f6pemeyecek"},"content":{"rendered":"<\/p>\n<p>\n                <span>\u0130HA <\/span>\n            <\/p>\n<p class=\"text\">Yazar Eylem Tok ile Op. Dr. B\u00fclent Cihantimur\u2019un 17 ya\u015f\u0131ndaki o\u011flu Timur Cihantimur iddiaya g\u00f6re Kemerburgaz\u2019da kulland\u0131\u011f\u0131 l\u00fcks otomobille yol kenar\u0131nda ATV\u2019leri bozulan ki\u015filere \u00e7arparak O\u011fuz Murat Aci\u2019nin (29) \u00f6l\u00fcm\u00fcne neden olurken annesi Eylem Tok taraf\u0131ndan M\u0131s\u0131r\u2019a oradan da ABD\u2019ye ka\u00e7\u0131r\u0131lm\u0131\u015ft\u0131.<\/p>\n<p class=\"text\">Ac\u0131l\u0131 e\u015f \u015e\u00fckriye Aci ve baba \u00d6zer Aci Ramazan Bayram\u0131 \u00f6ncesi O\u011fuz Murat Aci\u2019nin mezar\u0131n\u0131 ziyaret etti.<\/p>\n<p><strong>Katil o\u011fluyla birlikte ABD&#8217;ye ka\u00e7t\u0131 <\/strong><\/p>\n<p class=\"text\">Olayla ilgili soru\u015fturma s\u00fcrerken aile, kazan\u0131n \u00fczerinden 1 ay\u0131 a\u015fk\u0131n zaman ge\u00e7mesine ra\u011fmen anne o\u011fulun hala teslim olmamas\u0131na isyan etti.<\/p>\n<p class=\"text\">O\u011flunun hala her g\u00fcn babas\u0131n\u0131 sordu\u011funu anlatan \u015e\u00fckriye Aci, bir anne olarak Eylem Tok&#8217;u anlayamad\u0131\u011f\u0131n\u0131 s\u00f6yledi. Ac\u0131l\u0131 e\u015f ve baba Aci, O\u011fuz Murat Aci&#8217;nin ya\u015fad\u0131klar\u0131n\u0131 anlat\u0131rken g\u00f6zya\u015flar\u0131na hakim olmad\u0131.<\/p>\n<p><strong>&#8220;B\u00fct\u00fcn s\u00f6ylemleri zaten tamamen oyalamayd\u0131, ba\u015fka hi\u00e7bir \u015fey de\u011fil&#8221;<\/strong><\/p>\n<p class=\"text\">Kazada karde\u015fi yaralanan ve e\u015fini kaybeden \u015e\u00fckriye Aci, \u201cE\u015fimsiz ge\u00e7irece\u011fimiz ilk bayram, maalesef son olmayacak. O\u011flum hi\u00e7bir zaman hi\u00e7bir bayramda babas\u0131n\u0131n elini \u00f6pemeyecek bundan sonra \u00fczg\u00fcn\u00fcz. Yapabilecek hi\u00e7bir \u015feyimiz yok, onu geri getirecek g\u00fcc\u00fcm\u00fcz yok. Hem ona hem de o\u011fluma olan borcumdur bu; ona bunu yapanlar\u0131n cezas\u0131n\u0131 \u00e7ekmesi. En ba\u015f\u0131ndan beri teslim olmayacaklar\u0131n\u0131 hissetmi\u015ftim \u00e7\u00fcnk\u00fc teslim olacak biri o \u015fekilde g\u00fcle oynaya ka\u00e7mazd\u0131. \u2018Geri d\u00f6nece\u011fiz\u2019 vs. b\u00fct\u00fcn s\u00f6ylemleri zaten tamamen oyalamayd\u0131, ba\u015fka hi\u00e7bir \u015fey de\u011fildi, \u015fu anda da hala onu yapmaya \u00e7al\u0131\u015f\u0131yorlar. Nereye kadar ka\u00e7acaklar\u0131n\u0131 bilemiyorum ama bu ka\u00e7\u0131\u015f\u0131n ne onlara ne bize faydas\u0131 var.<\/p>\n<p><img decoding=\"async\" src=\"https:\/\/haberv8.thewpdemo.com\/wp-content\/uploads\/2024\/04\/oglum-hicbir-zaman-babasinin-elini-opemeyecek-0.jpg\" \/><\/p>\n<p><strong>&#8220;Ne vicdan ne merhamet yanlar\u0131na u\u011framam\u0131\u015f bile&#8221;<\/strong><\/p>\n<p class=\"text\">Daha fazla uzatmas\u0131nlar, bizi de u\u011fra\u015ft\u0131rmas\u0131nlar. E\u015fim rahat yats\u0131n yerinde art\u0131k gelip teslim olsunlar, ba\u015fka hi\u00e7bir \u015fey istemiyoruz. Ben her \u015feyin kalpte oldu\u011funu d\u00fc\u015f\u00fcn\u00fcyorum. Merhametin de vicdan\u0131n da keza \u00f6yle olsayd\u0131 o \u00e7ocukta ne kadar re\u015fit olmasa da 1-2 sene sonra re\u015fit olacak, \u00e7ok ufak bir \u00e7ocuk de\u011fil. Ger\u00e7ekten annesi babas\u0131 da o \u00e7ocu\u011fa bir vicdan, merhamet a\u015f\u0131lam\u0131\u015f olsayd\u0131 o da elinden geleni yapard\u0131, keza annesi de babas\u0131 yapard\u0131. Maalesef g\u00f6r\u00fcyoruz ki ne vicdan ne merhamet yanlar\u0131na u\u011framam\u0131\u015f bile o y\u00fczden doktormu\u015f ba\u015fka bir \u015feymi\u015f fark etmiyor. Vicdan yoksa bir insanda ne olursa olsun\u201d \u015feklinde konu\u015ftu.<\/p>\n<p><img decoding=\"async\" src=\"https:\/\/haberv8.thewpdemo.com\/wp-content\/uploads\/2024\/04\/oglum-hicbir-zaman-babasinin-elini-opemeyecek-1.jpg\" \/><\/p>\n<p><strong>&#8220;\u0130nsan\u0131n can\u0131na kast edip nas\u0131l hi\u00e7bir \u015fey olmam\u0131\u015f gibi rahat bir \u015fekilde g\u00fcle oynaya gidebilir&#8221;<\/strong><\/p>\n<p class=\"text\">Eylem Tok\u2019un olay sonras\u0131 davran\u0131\u015flar\u0131n\u0131 kabul edemedi\u011fini s\u00f6yleyen ac\u0131l\u0131 e\u015f Aci, \u201cAnlamland\u0131ramad\u0131m, en ba\u015fta bir \u015fey hissetmekten ziyade bir insan bu kadar insan\u0131n can\u0131na kast edip nas\u0131l hi\u00e7bir \u015fey olmam\u0131\u015f gibi rahat bir \u015fekilde g\u00fcle oynaya gidebilir diye d\u00fc\u015f\u00fcnd\u00fcm. Ya al\u0131\u015fk\u0131nlar b\u00f6yle bir duruma, daha \u00f6nce de ya\u015fanm\u0131\u015f bir \u015fey \u00e7\u00fcnk\u00fc tatile gider gibi gidiyorlar. \u2018Nas\u0131lsa \u00fcst\u00fc kapan\u0131r, geri d\u00f6neriz\u2019 gibi bir d\u00fc\u015f\u00fcnceyle yap\u0131lm\u0131\u015f bir \u015fey oldu\u011funu d\u00fc\u015f\u00fcnd\u00fcm, hala da \u00f6yle d\u00fc\u015f\u00fcn\u00fcyorum. Ben de bir anne olarak onu anlayacak en ufak bir \u015fey bulam\u0131yorum. Kendisi annelik i\u00e7g\u00fcd\u00fcs\u00fcnden falan bahsetti, ne oldu\u011funu yanl\u0131\u015f biliyor herhalde, annelik i\u00e7g\u00fcd\u00fcs\u00fc b\u00fct\u00fcn yavrulara, canl\u0131lara duyulan bir \u015fey. Sadece kendi \u00e7ocu\u011fumu sak\u0131nay\u0131m, di\u011ferlerine ne olursa olsun gibi bir \u015fey de\u011fil.<\/p>\n<p><img decoding=\"async\" src=\"https:\/\/haberv8.thewpdemo.com\/wp-content\/uploads\/2024\/04\/oglum-hicbir-zaman-babasinin-elini-opemeyecek-2.jpg\" \/><\/p>\n<p><strong>&#8220;Art\u0131k adalete teslim olsunlar kendileri de rahat etsinler, bizi de rahat b\u0131raks\u0131nlar&#8221;<\/strong><\/p>\n<p class=\"text\">Orada 5 can yat\u0131yor, hepsinin bir annesi var, di\u011ferleri bekard\u0131 ama e\u015fimin de bir \u00e7ocu\u011fu var, o da benim yavrum ben de bir anneyim. Annelik i\u00e7g\u00fcd\u00fcs\u00fc olsayd\u0131 bunlar\u0131 d\u00fc\u015f\u00fcn\u00fcrd\u00fc. O\u011fluna en b\u00fcy\u00fck k\u00f6t\u00fcl\u00fc\u011f\u00fc yapt\u0131, hem bu olaylar\u0131n bu kadar b\u00fcy\u00fcmesinde hem de de\u011fer yarg\u0131lar\u0131n\u0131 bug\u00fcne kadar olu\u015fturamad\u0131\u011f\u0131 gibi bundan sormas\u0131nda da \u00e7ocu\u011funa vicdani bir \u015fey y\u00fckleyemedi. O \u00e7ocuk maalesef belki de ileride de b\u00f6yle davranacak, \u2018B\u00f6yle bir \u015fey yapt\u0131m ama demek ki insanlar\u0131n can\u0131 \u00f6nemli de\u011fildi\u2019 diyecek. Maalesef topluma k\u00f6t\u00fc bir ki\u015fi daha kazand\u0131rd\u0131, devam etmesin o\u011fluna do\u011frusu neyse onu \u00f6\u011fretsin. \u00c7ocu\u011fum ilk g\u00fcnden beri fark\u0131nda \u00e7\u00fcnk\u00fc her sabah beraber uyan\u0131yorsun, her ak\u015fam kap\u0131dan gelmesini bekliyor, haliyle soruyor, \u2018Nerede\u2019 diyor. Art\u0131k adalete teslim olsunlar kendileri de rahat etsinler, bizi de rahat b\u0131raks\u0131nlar\u201d diye konu\u015ftu.<\/p>\n<p><img decoding=\"async\" src=\"https:\/\/haberv8.thewpdemo.com\/wp-content\/uploads\/2024\/04\/oglum-hicbir-zaman-babasinin-elini-opemeyecek-3.jpg\" \/><\/p>\n<p><strong>&#8220;\u0130nsanl\u0131\u011f\u0131n \u00f6ld\u00fc\u011f\u00fcne dayanam\u0131yorum, ne s\u00f6yleyece\u011fimi bilemiyorum&#8230;&#8221;<\/strong><\/p>\n<p class=\"text\">Zaman ge\u00e7se de o\u011flunun ac\u0131s\u0131n\u0131n hep taze oldu\u011funu s\u00f6yleyen baba \u00d6zer Aci, \u201cHer zaman ilkler varm\u0131\u015f, bu da benim hayat\u0131m\u0131n ilki. A\u011flamayaca\u011f\u0131m diyorum ama y\u00fcre\u011fime laf ge\u00e7iremiyorum. Bu bayramda o\u011fluma, sana \u00e7arpan \u00e7ocu\u011fu yakalatabildik, annesi ka\u00e7\u0131rm\u0131\u015f ama annesi de geldi teslim oldu, diyemeyece\u011fim. Onun \u00fcz\u00fcnt\u00fcs\u00fcndeyim, o\u011flumun mezar\u0131n\u0131n \u00e7i\u00e7eklerini biri sulam\u0131\u015f, o\u011flumla dertle\u015fenler var, benim gibi konu\u015fanlar var. Uzaktan, kalpten de olsa sen rahat uyu, baban iyi m\u00fccadele ediyor, bunu diyebiliyor. \u0130nsanl\u0131\u011f\u0131n \u00f6ld\u00fc\u011f\u00fcne dayanam\u0131yorum, ne s\u00f6yleyece\u011fimi bilemiyorum ki. Ben yavrusuz bir bayram ge\u00e7irece\u011fim ama \u00e7ocu\u011fu da babas\u0131z bir bayram ge\u00e7irecek. Belki biz sevindirmeye \u00e7al\u0131\u015faca\u011f\u0131z ama \u00f6mr\u00fc billah bir baban\u0131n yerini alamayaca\u011f\u0131z. Ka\u00e7arak bir yere varamayacaklar, eninde sonunda gelip adalete teslim olacaklar\u0131na inan\u0131yorum ama daha fazla y\u00fcre\u011fimizi yaralamas\u0131nlar, bekletmesinler.<\/p>\n<p><img decoding=\"async\" src=\"https:\/\/haberv8.thewpdemo.com\/wp-content\/uploads\/2024\/04\/oglum-hicbir-zaman-babasinin-elini-opemeyecek-4.jpg\" \/><\/p>\n<p><strong>&#8220;Anne gelece\u011fim dedi, yalan \u00e7\u0131kt\u0131&#8221;<\/strong><\/p>\n<p class=\"text\"> Her \u015feyden \u00f6nce bir doktorun vicdan\u0131 olmas\u0131 laz\u0131m. Vicdani olarak hareket etmesi laz\u0131m, o g\u00fcn o gece olayda o\u011flunu klini\u011fe g\u00f6t\u00fcrm\u00fc\u015f, muayene etmi\u015f. O \u00e7ocu\u011funu bir kenara b\u0131rak\u0131p bizim \u00e7ocuklar\u0131m\u0131za, evlad\u0131m\u0131za kendi evlad\u0131 gibi ko\u015ftursayd\u0131 ne olurdu? Belki \u015fu anda \u00e7ocu\u011fum ya\u015f\u0131yor olacakt\u0131. \u0130kimizin aras\u0131nda vicdanen ve ruhen o kadar fark var ki da\u011flar var. Anne a\u00e7\u0131klam\u0131\u015f oldu\u011fu \u015feylerde \u2018D\u00f6nece\u011fim, gelece\u011fim\u2019 \u015f\u00f6yle, b\u00f6yle dedi. Fakat bug\u00fcne kadar s\u00f6yledi\u011fi ve davran\u0131\u015flar\u0131 yalan oldu\u011fu gibi o da yalan oldu. Bizim bayramlar\u0131m\u0131z\u0131 karaya \u00e7evirdi, Allah b\u00fcy\u00fck, Allah\u2019a havale ediyorum. Bana d\u00fcnyalar\u0131 verseler ge\u00e7mi\u015fe bak\u0131ld\u0131\u011f\u0131nda o\u011flumu geri getirecek hi\u00e7bir g\u00fc\u00e7 yok. Bizim \u00e7abam\u0131z; buraya geldi\u011fimizde o\u011fluma; yavrum, adalet tecelli etti, sana \u00e7arpan \u00e7ocuk, annesi tutukland\u0131, sana destek olmad\u0131\u011f\u0131, yard\u0131m etmedi\u011fi, yaran\u0131 sarmad\u0131\u011f\u0131 i\u00e7in \u015fu kadar ceza ald\u0131 diyebileyim. En az\u0131ndan bu nedir; ruhi olarak rahatlam\u0131\u015f olaca\u011f\u0131m. O, 30 y\u0131l yese ne olacak ki sanki \u00e7ocu\u011fum geri mi gelecek ve ya kad\u0131n \u00f6m\u00fcr boyu hapis yatsa ne olacak, hi\u00e7bir \u015fey y\u00fcre\u011fimdeki ate\u015fi s\u00f6nd\u00fcremez, y\u00fcre\u011fimdeki yaray\u0131 iyile\u015ftiremez, bunun bilinmesini istiyorum\u201d dedi.<\/p>\n<p><img decoding=\"async\" src=\"https:\/\/haberv8.thewpdemo.com\/wp-content\/uploads\/2024\/04\/oglum-hicbir-zaman-babasinin-elini-opemeyecek-5.jpg\" \/><img decoding=\"async\" src=\"https:\/\/haberv8.thewpdemo.com\/wp-content\/uploads\/2024\/04\/oglum-hicbir-zaman-babasinin-elini-opemeyecek-6.jpg\" \/><\/p>\n<p>                            Haber Kayna\u011f\u0131: \u0130hlas Haber Ajans\u0131 (\u0130HA)<\/p>\n","protected":false},"excerpt":{"rendered":"<p>\u0130HA Yazar Eylem Tok ile Op. Dr. B\u00fclent Cihantimur\u2019un 17 ya\u015f\u0131ndaki o\u011flu Timur Cihantimur iddiaya g\u00f6re Kemerburgaz\u2019da kulland\u0131\u011f\u0131 l\u00fcks otomobille yol kenar\u0131nda ATV\u2019leri bozulan ki\u015filere \u00e7arparak O\u011fuz Murat Aci\u2019nin (29) \u00f6l\u00fcm\u00fcne neden olurken annesi Eylem Tok taraf\u0131ndan M\u0131s\u0131r\u2019a oradan da ABD\u2019ye ka\u00e7\u0131r\u0131lm\u0131\u015ft\u0131. Ac\u0131l\u0131 e\u015f \u015e\u00fckriye Aci ve baba \u00d6zer Aci Ramazan Bayram\u0131 \u00f6ncesi O\u011fuz Murat [&hellip;]<\/p>\n","protected":false},"author":1,"featured_media":1425,"comment_status":"open","ping_status":"closed","sticky":false,"template":"","format":"standard","meta":{"footnotes":""},"categories":[7],"tags":[25],"class_list":["post-1423","post","type-post","status-publish","format-standard","has-post-thumbnail","hentry","category-gundem","tag-gundem"],"_links":{"self":[{"href":"https:\/\/avukatimtv.com\/index.php\/wp-json\/wp\/v2\/posts\/1423","targetHints":{"allow":["GET"]}}],"collection":[{"href":"https:\/\/avukatimtv.com\/index.php\/wp-json\/wp\/v2\/posts"}],"about":[{"href":"https:\/\/avukatimtv.com\/index.php\/wp-json\/wp\/v2\/types\/post"}],"author":[{"embeddable":true,"href":"https:\/\/avukatimtv.com\/index.php\/wp-json\/wp\/v2\/users\/1"}],"replies":[{"embeddable":true,"href":"https:\/\/avukatimtv.com\/index.php\/wp-json\/wp\/v2\/comments?post=1423"}],"version-history":[{"count":0,"href":"https:\/\/avukatimtv.com\/index.php\/wp-json\/wp\/v2\/posts\/1423\/revisions"}],"wp:featuredmedia":[{"embeddable":true,"href":"https:\/\/avukatimtv.com\/index.php\/wp-json\/wp\/v2\/media\/1425"}],"wp:attachment":[{"href":"https:\/\/avukatimtv.com\/index.php\/wp-json\/wp\/v2\/media?parent=1423"}],"wp:term":[{"taxonomy":"category","embeddable":true,"href":"https:\/\/avukatimtv.com\/index.php\/wp-json\/wp\/v2\/categories?post=1423"},{"taxonomy":"post_tag","embeddable":true,"href":"https:\/\/avukatimtv.com\/index.php\/wp-json\/wp\/v2\/tags?post=1423"}],"curies":[{"name":"wp","href":"https:\/\/api.w.org\/{rel}","templated":true}]}}