{"id":1426,"date":"2024-04-06T16:50:24","date_gmt":"2024-04-06T13:50:24","guid":{"rendered":"https:\/\/haberv8.thewpdemo.com\/istanbul-besiktastaki-yangin-faciasinda-gozalti-sayisi-11e-yukseldi\/-1426.html"},"modified":"2024-04-06T16:50:24","modified_gmt":"2024-04-06T13:50:24","slug":"istanbul-besiktastaki-yangin-faciasinda-gozalti-sayisi-11e-yukseldi","status":"publish","type":"post","link":"https:\/\/avukatimtv.com\/index.php\/2024\/04\/06\/istanbul-besiktastaki-yangin-faciasinda-gozalti-sayisi-11e-yukseldi\/","title":{"rendered":"\u0130stanbul Be\u015fikta\u015f&#8217;taki yang\u0131n facias\u0131nda g\u00f6zalt\u0131 say\u0131s\u0131 11&#8217;e y\u00fckseldi"},"content":{"rendered":"<\/p>\n<p>\n                <span>\u0130HA <\/span>\n            <\/p>\n<p class=\"text\">\u0130stanbul&#8217;un Be\u015fikta\u015f il\u00e7esi Gayrettepe semtinde 16 katl\u0131 binan\u0131n gece kul\u00fcb\u00fc olarak kullan\u0131lan giri\u015f kat\u0131nda yang\u0131n \u00e7\u0131km\u0131\u015f, 29 ki\u015fi hayat\u0131n\u0131 kaybetmi\u015fti.<\/p>\n<p class=\"text\">Yang\u0131n\u0131n ard\u0131ndan ba\u015flat\u0131lan soru\u015fturma kapsam\u0131nda i\u015f yeri sahipleri Mehmet Menduh C. ve \u015eahzade \u015e. ile sorumlu m\u00fcd\u00fcr \u0130smet \u015e., i\u015fletme m\u00fcd\u00fcr\u00fc Arda Arman P., muhasebeci Salim A., tadilat ile ilgili metal i\u015fleri sorumlusu Kahraman E., metal i\u015fleri firma sahibi \u00c7a\u011fatay A., mobilyac\u0131 Ercan E. ve i\u015f yeri orta\u011f\u0131 Fatma D. olmak \u00fczere toplam 9 \u015f\u00fcpheli g\u00f6zalt\u0131na al\u0131nd\u0131.<\/p>\n<p class=\"text\">Be\u015fikta\u015f Asayi\u015f B\u00fcro Amirli\u011fi&#8217;nde ifadeleri al\u0131nan 9 \u015fah\u0131s i\u00e7in ek g\u00f6zalt\u0131 s\u00fcresi istenirken Ercan E. ifadesinin al\u0131nmas\u0131 sonras\u0131nda savc\u0131l\u0131k talimat\u0131yla serbest b\u0131rak\u0131ld\u0131.<\/p>\n<p class=\"text\">Olaya ili\u015fkin gece kul\u00fcb\u00fcn\u00fcn teknik servis personeli \u0130brahim B.&#8217;nin (36) de g\u00f6zalt\u0131na al\u0131nd\u0131\u011f\u0131 \u00f6\u011frenildi.<\/p>\n<p><strong>G\u00f6zalt\u0131 say\u0131s\u0131 11&#8217;e y\u00fckseldi<\/strong><\/p>\n<p class=\"text\">Yeni gelen bilgiler do\u011frultusunda kul\u00fcb\u00fcn sahne platform firmas\u0131 yetkilisi olan Dursun \u00c7. ve e\u015fi Sibel \u00c7. de savc\u0131l\u0131k talimat\u0131yla Be\u015fikta\u015f Asayi\u015f B\u00fcro Amirli\u011fi polisleri taraf\u0131ndan g\u00f6zalt\u0131na al\u0131nd\u0131.<\/p>\n<p class=\"text\">\u0130fade i\u015flemleri tamamlanan \u015f\u00fcphelilerin adliyeye sevk edilece\u011fi \u00f6\u011frenildi.<\/p>\n<p>                    <img decoding=\"async\" src=\"https:\/\/haberv8.thewpdemo.com\/wp-content\/uploads\/2024\/04\/istanbul-besiktastaki-yangin-faciasinda-gozalti-sayisi-11e-yukseldi-0.jpg\" \/><br \/>\n                    <img decoding=\"async\" src=\"https:\/\/haberv8.thewpdemo.com\/wp-content\/uploads\/2024\/04\/istanbul-besiktastaki-yangin-faciasinda-gozalti-sayisi-11e-yukseldi-1.jpg\" \/><img decoding=\"async\" src=\"https:\/\/haberv8.thewpdemo.com\/wp-content\/uploads\/2024\/04\/istanbul-besiktastaki-yangin-faciasinda-gozalti-sayisi-11e-yukseldi-2.jpg\" \/><img decoding=\"async\" src=\"https:\/\/haberv8.thewpdemo.com\/wp-content\/uploads\/2024\/04\/istanbul-besiktastaki-yangin-faciasinda-gozalti-sayisi-11e-yukseldi-3.jpg\" \/>        Haber Kayna\u011f\u0131: \u0130hlas Haber Ajans\u0131 (\u0130HA)<\/p>\n","protected":false},"excerpt":{"rendered":"<p>\u0130HA \u0130stanbul&#8217;un Be\u015fikta\u015f il\u00e7esi Gayrettepe semtinde 16 katl\u0131 binan\u0131n gece kul\u00fcb\u00fc olarak kullan\u0131lan giri\u015f kat\u0131nda yang\u0131n \u00e7\u0131km\u0131\u015f, 29 ki\u015fi hayat\u0131n\u0131 kaybetmi\u015fti. Yang\u0131n\u0131n ard\u0131ndan ba\u015flat\u0131lan soru\u015fturma kapsam\u0131nda i\u015f yeri sahipleri Mehmet Menduh C. ve \u015eahzade \u015e. ile sorumlu m\u00fcd\u00fcr \u0130smet \u015e., i\u015fletme m\u00fcd\u00fcr\u00fc Arda Arman P., muhasebeci Salim A., tadilat ile ilgili metal i\u015fleri sorumlusu Kahraman [&hellip;]<\/p>\n","protected":false},"author":1,"featured_media":1428,"comment_status":"open","ping_status":"closed","sticky":false,"template":"","format":"standard","meta":{"footnotes":""},"categories":[7],"tags":[25],"class_list":["post-1426","post","type-post","status-publish","format-standard","has-post-thumbnail","hentry","category-gundem","tag-gundem"],"_links":{"self":[{"href":"https:\/\/avukatimtv.com\/index.php\/wp-json\/wp\/v2\/posts\/1426","targetHints":{"allow":["GET"]}}],"collection":[{"href":"https:\/\/avukatimtv.com\/index.php\/wp-json\/wp\/v2\/posts"}],"about":[{"href":"https:\/\/avukatimtv.com\/index.php\/wp-json\/wp\/v2\/types\/post"}],"author":[{"embeddable":true,"href":"https:\/\/avukatimtv.com\/index.php\/wp-json\/wp\/v2\/users\/1"}],"replies":[{"embeddable":true,"href":"https:\/\/avukatimtv.com\/index.php\/wp-json\/wp\/v2\/comments?post=1426"}],"version-history":[{"count":0,"href":"https:\/\/avukatimtv.com\/index.php\/wp-json\/wp\/v2\/posts\/1426\/revisions"}],"wp:featuredmedia":[{"embeddable":true,"href":"https:\/\/avukatimtv.com\/index.php\/wp-json\/wp\/v2\/media\/1428"}],"wp:attachment":[{"href":"https:\/\/avukatimtv.com\/index.php\/wp-json\/wp\/v2\/media?parent=1426"}],"wp:term":[{"taxonomy":"category","embeddable":true,"href":"https:\/\/avukatimtv.com\/index.php\/wp-json\/wp\/v2\/categories?post=1426"},{"taxonomy":"post_tag","embeddable":true,"href":"https:\/\/avukatimtv.com\/index.php\/wp-json\/wp\/v2\/tags?post=1426"}],"curies":[{"name":"wp","href":"https:\/\/api.w.org\/{rel}","templated":true}]}}