{"id":1429,"date":"2024-04-06T16:50:29","date_gmt":"2024-04-06T13:50:29","guid":{"rendered":"https:\/\/haberv8.thewpdemo.com\/mgk-toplantisi-sona-erdi-terorle-mucadele-ele-alindi\/-1429.html"},"modified":"2024-04-06T16:50:29","modified_gmt":"2024-04-06T13:50:29","slug":"mgk-toplantisi-sona-erdi-terorle-mucadele-ele-alindi","status":"publish","type":"post","link":"https:\/\/avukatimtv.com\/index.php\/2024\/04\/06\/mgk-toplantisi-sona-erdi-terorle-mucadele-ele-alindi\/","title":{"rendered":"MGK toplant\u0131s\u0131 sona erdi: Ter\u00f6rle m\u00fccadele ele al\u0131nd\u0131"},"content":{"rendered":"<\/p>\n<p class=\"text\">Se\u00e7imlerin ard\u0131ndan ilk Milli G\u00fcvenlik Kurulu (MGK) toplant\u0131s\u0131 yap\u0131ld\u0131.<\/p>\n<p class=\"text\">Toplant\u0131 Cumhurba\u015fkan\u0131 Recep Tayyip Erdo\u011fan&#8217;\u0131n ba\u015fkanl\u0131\u011f\u0131nda Be\u015ftepe&#8217;de ger\u00e7ekle\u015fti.<\/p>\n<p><strong>2,5 saat s\u00fcrd\u00fc<\/strong><\/p>\n<p class=\"text\">2,5 saat s\u00fcren toplant\u0131da b\u00f6lgesel ve k\u00fcresel konular ele al\u0131nd\u0131.<\/p>\n<p><strong>Ter\u00f6rle m\u00fccadeleye vurgu yap\u0131ld\u0131<\/strong><\/p>\n<p class=\"text\">MGK&#8217;da ter\u00f6rle m\u00fccadele ilk ba\u015fl\u0131klar aras\u0131nda yer ald\u0131.<\/p>\n<p class=\"text\">S\u0131n\u0131r i\u00e7inde ve s\u0131n\u0131r \u00f6tesinde s\u00fcrd\u00fcr\u00fclen ter\u00f6rle m\u00fccadele operasyonlar\u0131 ile Suriye&#8217;de ve Irak&#8217;ta ya\u015fanan geli\u015fmeler ele al\u0131nd\u0131.<\/p>\n<p><strong>Yeni &#8220;Milli G\u00fcvenlik Siyaseti Belgesi&#8221; g\u00fcndeme geldi<\/strong><\/p>\n<p class=\"text\">Toplant\u0131da kamuoyunda &#8216;K\u0131rm\u0131z\u0131 Kitap&#8217; olarak bilinen &#8216;Milli G\u00fcvenlik Siyaseti Belgesi&#8217;nin g\u00fcncellenmesi i\u00e7in ba\u015flat\u0131lan \u00e7al\u0131\u015fmalar de\u011ferlendirildi.<\/p>\n<p class=\"text\">Y\u0131l bitmeden MGK&#8217;n\u0131n onay\u0131na sunulmas\u0131 planlanan \u00e7al\u0131\u015fmada gelinen a\u015famayla ilgili toplant\u0131da sunum ger\u00e7ekle\u015ftirildi.<\/p>\n<p><img decoding=\"async\" src=\"https:\/\/haberv8.thewpdemo.com\/wp-content\/uploads\/2024\/04\/mgk-toplantisi-sona-erdi-terorle-mucadele-ele-alindi-0.jpg\" \/><\/p>\n<p><strong>G\u00fcndem maddeleri s\u0131raland\u0131<\/strong><\/p>\n<p class=\"text\">6 maddenin ele al\u0131nd\u0131\u011f\u0131 toplant\u0131da \u015fu maddeler de\u011ferlendirildi:<\/p>\n<p><strong>Ter\u00f6rle m\u00fccadele<\/strong><\/p>\n<p class=\"text\">1- PKK\/KCK-PYD\/YPG, FET\u00d6 VE DAE\u015e ter\u00f6r \u00f6rg\u00fctleri ba\u015fta olmak \u00fczere mill\u00ee birlik ve beraberli\u011fimiz ile bekam\u0131za y\u00f6nelik her t\u00fcrl\u00fc tehdit ve tehlikeye kar\u015f\u0131 yurt i\u00e7inde ve yurt d\u0131\u015f\u0131nda azim, kararl\u0131l\u0131k ve ba\u015far\u0131yla ger\u00e7ekle\u015ftirilen operasyonlar hakk\u0131nda Kurula bilgi sunulmu\u015ftur.<\/p>\n<p><strong>Irak ile i\u015f birli\u011fi \u00e7al\u0131\u015fmalar\u0131<\/strong><\/p>\n<p class=\"text\">2- Kom\u015fumuz Irak ile olu\u015fturulan stratejik i\u015f birli\u011fi zemininin her ge\u00e7en g\u00fcn g\u00fc\u00e7lenmesinden duyulan memnuniyet ifade edilmi\u015f; m\u00fcreffeh bir b\u00f6lge ve gelecek in\u015fa etmek maksad\u0131yla g\u00fcvenlik, ekonomi, enerji ve ula\u015ft\u0131rma alanlar\u0131 ba\u015fta olmak \u00fczere m\u00fc\u015fterek ve \u00e7ok boyutlu gayretlerin uzun vadeli bir anlay\u0131\u015fla s\u00fcrd\u00fcr\u00fclmesinin \u00f6nemi vurgulanm\u0131\u015ft\u0131r.<\/p>\n<p><strong>&#8220;B\u00f6lgemizde ter\u00f6r \u00f6rg\u00fctlerine hi\u00e7bir surette yer verilmeyecek&#8221;<\/strong><\/p>\n<p class=\"text\">3- B\u00f6lgemizin gelece\u011finde ter\u00f6r \u00f6rg\u00fctlerine ve onlar\u0131n destek\u00e7ilerine hi\u00e7bir surette yer verilmeyece\u011finin alt\u0131 \u00e7izilmi\u015f; ter\u00f6r \u00f6rg\u00fctlerini cesaretlendiren t\u00fcm akt\u00f6rlerin akl\u0131selimle hareket ederek ter\u00f6rle irtibatlar\u0131n\u0131 kal\u0131c\u0131 \u015fekilde ve gecikmeksizin kesmesinin \u00f6nemine i\u015faret edilmi\u015ftir.<\/p>\n<p><strong>Avrupa \u00fclkelerine PKK uyar\u0131s\u0131<\/strong><\/p>\n<p class=\"text\">4- PKK\/KCK-PYD\/YPG ter\u00f6r \u00f6rg\u00fct\u00fcn\u00fcn Avrupa\u2019da ya\u015fayan vatanda\u015flar\u0131m\u0131z\u0131 ve temsilciliklerimizi hedef alan sald\u0131r\u0131lar\u0131n\u0131n yak\u0131ndan takip edildi\u011fi belirtilmi\u015f; b\u00f6l\u00fcc\u00fc ter\u00f6r \u00f6rg\u00fct\u00fcn\u00fcn ger\u00e7ek y\u00fcz\u00fcn\u00fc g\u00f6zler \u00f6n\u00fcne seren menfur sald\u0131r\u0131lar\u0131n engellenmesi ve sorumlular\u0131n cezaland\u0131r\u0131lmas\u0131 hususunda mesuliyeti bulunan devletlere, ter\u00f6r \u00f6rg\u00fctlerine m\u00fcsamaha g\u00f6stermelerinin er ya da ge\u00e7 kamu d\u00fczenlerinin bozulmas\u0131 ve nihayetinde kendilerinin de ter\u00f6r\u00fcn hedefi h\u00e2line gelmeleri ile neticelenece\u011fi ger\u00e7e\u011fi bir kez daha hat\u0131rlat\u0131lm\u0131\u015ft\u0131r.<\/p>\n<p><img decoding=\"async\" src=\"https:\/\/haberv8.thewpdemo.com\/wp-content\/uploads\/2024\/04\/mgk-toplantisi-sona-erdi-terorle-mucadele-ele-alindi-1.jpg\" \/><\/p>\n<p><strong>\u0130srail&#8217;in Gazze&#8217;de s\u00fcrd\u00fcrd\u00fc\u011f\u00fc katliamlar<\/strong><\/p>\n<p class=\"text\">5- Uluslararas\u0131 Adalet Divan\u0131 ve Birle\u015fmi\u015f Milletler G\u00fcvenlik Konseyi kararlar\u0131na ra\u011fmen Gazze\u2019deki katliam\u0131 s\u00fcrd\u00fcren \u0130srail\u2019in uluslararas\u0131 hukuku yok sayan sald\u0131r\u0131 ve insanl\u0131k d\u0131\u015f\u0131 uygulamalar\u0131na engel olunmamas\u0131n\u0131n, uluslararas\u0131 sistemin h\u00e2lihaz\u0131rdaki y\u0131pranm\u0131\u015fl\u0131\u011f\u0131n\u0131 art\u0131raca\u011f\u0131 ve me\u015fruiyetinin daha fazla sorgulanmas\u0131na yol a\u00e7aca\u011f\u0131 ifade edilmi\u015ftir.<\/p>\n<p class=\"text\">D\u00fcnyan\u0131n g\u00f6zleri \u00f6n\u00fcnde ger\u00e7ekle\u015fen katliamlar\u0131n neticeleri ile yaln\u0131zca faillerin de\u011fil i\u015f birlik\u00e7ilerin de y\u00fczle\u015fmek zorunda kalaca\u011f\u0131 vurgulanm\u0131\u015f; uluslararas\u0131 topluma, Gazze halk\u0131na ve yard\u0131m kurulu\u015flar\u0131na y\u00f6nelik sald\u0131r\u0131lar\u0131n bir an evvel sona erdirilmesi ve b\u00f6lgeye kapsaml\u0131 insani yard\u0131m ula\u015ft\u0131r\u0131lmas\u0131 ile kal\u0131c\u0131 bar\u0131\u015f i\u00e7in g\u00f6sterdi\u011fimiz \u00e7abalara destek vermesi \u00e7a\u011fr\u0131s\u0131nda bulunulmu\u015ftur.<\/p>\n<p><strong>Yerel se\u00e7im s\u00fcreci<\/strong><\/p>\n<p class=\"text\">6- 31 Mart 2024 mahalli idareler genel se\u00e7imlerinin, vatanda\u015flar\u0131m\u0131z\u0131n feraseti ve t\u00fcm kurumlar\u0131m\u0131z\u0131n gayretli \u00e7al\u0131\u015fmalar\u0131yla huzur ve g\u00fcven ortam\u0131 i\u00e7erisinde g\u00fc\u00e7l\u00fc demokrasi gelene\u011fimize yara\u015f\u0131r \u015fekilde ger\u00e7ekle\u015ftirilmesinden memnuniyet duyuldu\u011fu vurgulanm\u0131\u015ft\u0131r.<\/p>\n","protected":false},"excerpt":{"rendered":"<p>Se\u00e7imlerin ard\u0131ndan ilk Milli G\u00fcvenlik Kurulu (MGK) toplant\u0131s\u0131 yap\u0131ld\u0131. Toplant\u0131 Cumhurba\u015fkan\u0131 Recep Tayyip Erdo\u011fan&#8217;\u0131n ba\u015fkanl\u0131\u011f\u0131nda Be\u015ftepe&#8217;de ger\u00e7ekle\u015fti. 2,5 saat s\u00fcrd\u00fc 2,5 saat s\u00fcren toplant\u0131da b\u00f6lgesel ve k\u00fcresel konular ele al\u0131nd\u0131. Ter\u00f6rle m\u00fccadeleye vurgu yap\u0131ld\u0131 MGK&#8217;da ter\u00f6rle m\u00fccadele ilk ba\u015fl\u0131klar aras\u0131nda yer ald\u0131. S\u0131n\u0131r i\u00e7inde ve s\u0131n\u0131r \u00f6tesinde s\u00fcrd\u00fcr\u00fclen ter\u00f6rle m\u00fccadele operasyonlar\u0131 ile Suriye&#8217;de ve Irak&#8217;ta [&hellip;]<\/p>\n","protected":false},"author":1,"featured_media":1431,"comment_status":"open","ping_status":"closed","sticky":false,"template":"","format":"standard","meta":{"footnotes":""},"categories":[7],"tags":[25],"class_list":["post-1429","post","type-post","status-publish","format-standard","has-post-thumbnail","hentry","category-gundem","tag-gundem"],"_links":{"self":[{"href":"https:\/\/avukatimtv.com\/index.php\/wp-json\/wp\/v2\/posts\/1429","targetHints":{"allow":["GET"]}}],"collection":[{"href":"https:\/\/avukatimtv.com\/index.php\/wp-json\/wp\/v2\/posts"}],"about":[{"href":"https:\/\/avukatimtv.com\/index.php\/wp-json\/wp\/v2\/types\/post"}],"author":[{"embeddable":true,"href":"https:\/\/avukatimtv.com\/index.php\/wp-json\/wp\/v2\/users\/1"}],"replies":[{"embeddable":true,"href":"https:\/\/avukatimtv.com\/index.php\/wp-json\/wp\/v2\/comments?post=1429"}],"version-history":[{"count":0,"href":"https:\/\/avukatimtv.com\/index.php\/wp-json\/wp\/v2\/posts\/1429\/revisions"}],"wp:featuredmedia":[{"embeddable":true,"href":"https:\/\/avukatimtv.com\/index.php\/wp-json\/wp\/v2\/media\/1431"}],"wp:attachment":[{"href":"https:\/\/avukatimtv.com\/index.php\/wp-json\/wp\/v2\/media?parent=1429"}],"wp:term":[{"taxonomy":"category","embeddable":true,"href":"https:\/\/avukatimtv.com\/index.php\/wp-json\/wp\/v2\/categories?post=1429"},{"taxonomy":"post_tag","embeddable":true,"href":"https:\/\/avukatimtv.com\/index.php\/wp-json\/wp\/v2\/tags?post=1429"}],"curies":[{"name":"wp","href":"https:\/\/api.w.org\/{rel}","templated":true}]}}