{"id":1432,"date":"2024-04-06T16:50:32","date_gmt":"2024-04-06T13:50:32","guid":{"rendered":"https:\/\/haberv8.thewpdemo.com\/fon-davasinda-selcuk-inanin-ifade-verecegi-tarih-belli-oldu\/-1432.html"},"modified":"2024-04-06T16:50:32","modified_gmt":"2024-04-06T13:50:32","slug":"fon-davasinda-selcuk-inanin-ifade-verecegi-tarih-belli-oldu","status":"publish","type":"post","link":"https:\/\/avukatimtv.com\/index.php\/2024\/04\/06\/fon-davasinda-selcuk-inanin-ifade-verecegi-tarih-belli-oldu\/","title":{"rendered":"Fon davas\u0131nda Sel\u00e7uk \u0130nan\u2019\u0131n ifade verece\u011fi tarih belli oldu"},"content":{"rendered":"<\/p>\n<p>\n                <span>\u0130HA <\/span>\n            <\/p>\n<p class=\"text\">Fon davas\u0131nda yeni bir geli\u015fme ya\u015fand\u0131.<\/p>\n<p class=\"text\">Se\u00e7il Erzan&#8217;a y\u00fckl\u00fc miktarda para kapt\u0131ran eski futbolcu Sel\u00e7uk \u0130nan&#8217;\u0131n ifade verece\u011fi tarih belli oldu.<\/p>\n<p class=\"text\">\u0130nan\u2019\u0131n 3 May\u0131s tarihinde Gaziantep 3.A\u011f\u0131r Ceza Mahkemesi\u2019nde talimat yoluyla \u2018m\u00fc\u015fteki\u2019 olarak ifade vermesine h\u00fckmedildi.<\/p>\n<p><strong>Olay\u0131n ge\u00e7mi\u015fi<\/strong><\/p>\n<p class=\"text\">Fatih Terim, Arda Turan, Emre Bel\u00f6zo\u011flu, Fernando Muslera ve Sel\u00e7uk \u0130nan&#8217;\u0131n da aralar\u0131nda bulundu\u011fu 21 ki\u015fi, &#8220;y\u00fcksek fon getirisi&#8221; vaadiyle Se\u00e7il Erzan&#8217;a paralar\u0131n\u0131 emanet etti.<\/p>\n<p class=\"text\">Se\u00e7il Erzan, paray\u0131 kendisine emanet eden ki\u015filere banka ka\u015feli ka\u011f\u0131tlar\u0131 da g\u00fcvence mektubu olarak veriyordu.<\/p>\n<p><strong>252 y\u0131l hapsi isteniyor<\/strong><\/p>\n<p class=\"text\">Bu sistem adeta bir saadet zincirine d\u00f6n\u00fc\u015ft\u00fc.<\/p>\n<p class=\"text\">Erzan, paralar\u0131 d\u00f6nd\u00fcr\u00fcp \u00f6deme yap\u0131yordu. Ancak yeni m\u00fc\u015fteri gelmeyince sistem \u00e7\u00f6kt\u00fc.<\/p>\n<p class=\"text\">Yakla\u015f\u0131k 25 milyon dolar ile 7 milyon 384 bin lira doland\u0131rd\u0131\u011f\u0131 iddia edilen Erzan hakk\u0131nda 77 y\u0131ldan 252 y\u0131la kadar hapsi talep ediliyor.<\/p>\n<p><img decoding=\"async\" src=\"https:\/\/haberv8.thewpdemo.com\/wp-content\/uploads\/2024\/04\/fon-davasinda-selcuk-inanin-ifade-verecegi-tarih-belli-oldu-0.jpg\" \/><\/p>\n<p><strong>Kapt\u0131r\u0131lan paralar<\/strong><\/p>\n<p class=\"text\">Milyon dolarlar\u0131n havada u\u00e7u\u015ftu\u011fu doland\u0131r\u0131c\u0131l\u0131k olay\u0131nda tahmin edilen tahmini kay\u0131p tutar\u0131, T\u00fcrk Liras\u0131yla 1 milyar 260 milyon TL civar\u0131nda&#8230;<\/p>\n<p class=\"text\">Se\u00e7il Erzan\u2019\u0131n doland\u0131rd\u0131\u011f\u0131 ki\u015filer ve miktarlar\u0131 \u015f\u00f6yle:<\/p>\n<p class=\"text\">&#8211; Arda Turan: 13 milyon 900 bin dolar<\/p>\n<p class=\"text\">&#8211; Emre Bel\u00f6zo\u011flu: 4 milyon 292 bin dolar<\/p>\n<p class=\"text\">&#8211; Sel\u00e7uk \u0130nan: 1 milyon 535 bin dolar<\/p>\n<p class=\"text\">&#8211; Nestor Fernando Muslera: 500 bin dolar<\/p>\n<p class=\"text\">&#8211; Emrah -Emre \u00c7olak: 3 milyon 212 bin dolar<\/p>\n<p class=\"text\">&#8211; Buse Terim Bah\u00e7ekap\u0131l\u0131: 240 bin dolar<\/p>\n<p class=\"text\">&#8211; Musa Mert \u00c7etin: 75 bin dolar<\/p>\n<p><img decoding=\"async\" src=\"https:\/\/haberv8.thewpdemo.com\/wp-content\/uploads\/2024\/04\/fon-davasinda-selcuk-inanin-ifade-verecegi-tarih-belli-oldu-1.jpg\" \/>        Haber Kayna\u011f\u0131: \u0130hlas Haber Ajans\u0131 (\u0130HA)<\/p>\n","protected":false},"excerpt":{"rendered":"<p>\u0130HA Fon davas\u0131nda yeni bir geli\u015fme ya\u015fand\u0131. Se\u00e7il Erzan&#8217;a y\u00fckl\u00fc miktarda para kapt\u0131ran eski futbolcu Sel\u00e7uk \u0130nan&#8217;\u0131n ifade verece\u011fi tarih belli oldu. \u0130nan\u2019\u0131n 3 May\u0131s tarihinde Gaziantep 3.A\u011f\u0131r Ceza Mahkemesi\u2019nde talimat yoluyla \u2018m\u00fc\u015fteki\u2019 olarak ifade vermesine h\u00fckmedildi. Olay\u0131n ge\u00e7mi\u015fi Fatih Terim, Arda Turan, Emre Bel\u00f6zo\u011flu, Fernando Muslera ve Sel\u00e7uk \u0130nan&#8217;\u0131n da aralar\u0131nda bulundu\u011fu 21 ki\u015fi, [&hellip;]<\/p>\n","protected":false},"author":1,"featured_media":1434,"comment_status":"open","ping_status":"closed","sticky":false,"template":"","format":"standard","meta":{"footnotes":""},"categories":[7],"tags":[25],"class_list":["post-1432","post","type-post","status-publish","format-standard","has-post-thumbnail","hentry","category-gundem","tag-gundem"],"_links":{"self":[{"href":"https:\/\/avukatimtv.com\/index.php\/wp-json\/wp\/v2\/posts\/1432","targetHints":{"allow":["GET"]}}],"collection":[{"href":"https:\/\/avukatimtv.com\/index.php\/wp-json\/wp\/v2\/posts"}],"about":[{"href":"https:\/\/avukatimtv.com\/index.php\/wp-json\/wp\/v2\/types\/post"}],"author":[{"embeddable":true,"href":"https:\/\/avukatimtv.com\/index.php\/wp-json\/wp\/v2\/users\/1"}],"replies":[{"embeddable":true,"href":"https:\/\/avukatimtv.com\/index.php\/wp-json\/wp\/v2\/comments?post=1432"}],"version-history":[{"count":0,"href":"https:\/\/avukatimtv.com\/index.php\/wp-json\/wp\/v2\/posts\/1432\/revisions"}],"wp:featuredmedia":[{"embeddable":true,"href":"https:\/\/avukatimtv.com\/index.php\/wp-json\/wp\/v2\/media\/1434"}],"wp:attachment":[{"href":"https:\/\/avukatimtv.com\/index.php\/wp-json\/wp\/v2\/media?parent=1432"}],"wp:term":[{"taxonomy":"category","embeddable":true,"href":"https:\/\/avukatimtv.com\/index.php\/wp-json\/wp\/v2\/categories?post=1432"},{"taxonomy":"post_tag","embeddable":true,"href":"https:\/\/avukatimtv.com\/index.php\/wp-json\/wp\/v2\/tags?post=1432"}],"curies":[{"name":"wp","href":"https:\/\/api.w.org\/{rel}","templated":true}]}}