{"id":1435,"date":"2024-04-06T16:50:37","date_gmt":"2024-04-06T13:50:37","guid":{"rendered":"https:\/\/haberv8.thewpdemo.com\/iyi-partide-pes-pese-istifa-bugra-kavuncu-ile-burak-akburak-gorevini-birakti\/-1435.html"},"modified":"2024-04-06T16:50:37","modified_gmt":"2024-04-06T13:50:37","slug":"iyi-partide-pes-pese-istifa-bugra-kavuncu-ile-burak-akburak-gorevini-birakti","status":"publish","type":"post","link":"https:\/\/avukatimtv.com\/index.php\/2024\/04\/06\/iyi-partide-pes-pese-istifa-bugra-kavuncu-ile-burak-akburak-gorevini-birakti\/","title":{"rendered":"\u0130yi Parti&#8217;de pe\u015f pe\u015fe istifa! Bu\u011fra Kavuncu ile Burak Akburak g\u00f6revini b\u0131rakt\u0131"},"content":{"rendered":"<\/p>\n<p class=\"text\">T\u00fcrkiye, sand\u0131kta se\u00e7imini yaparak yerel se\u00e7imleri geride b\u0131rakt\u0131.<\/p>\n<p class=\"text\">\u0130yi Parti, 31 Mart Pazar g\u00fcn\u00fc yap\u0131lan Mahalli \u0130dareler Genel Se\u00e7imleri&#8217;nde kesin olmayan sonu\u00e7lara g\u00f6re y\u00fczde 3,77 oy ald\u0131.<\/p>\n<p class=\"text\">Bunun ard\u0131ndan baz\u0131 partililer, \u0130yi Parti&#8217;nin hedeflenen ve beklenenden d\u00fc\u015f\u00fck oy al\u0131nmas\u0131 nedeniyle Meral Ak\u015fener&#8217;e &#8220;istifa&#8221; \u00e7a\u011fr\u0131s\u0131nda bulundu.<\/p>\n<p class=\"text\">Bunun \u00fczerine a\u00e7\u0131klama yapan Genel Ba\u015fkan Meral Ak\u015fener, ola\u011fan\u00fcst\u00fc se\u00e7imli kurultaya gitme karar\u0131 ald\u0131.<\/p>\n<p class=\"text\">Ya\u015fanan geli\u015fmelerin ard\u0131ndan partiden istifa haberleri geldi.<\/p>\n<p><strong>\u0130ki isim istifa etti<\/strong><\/p>\n<p class=\"text\">\u0130yi Parti Te\u015fkilat Ba\u015fkan\u0131 Bu\u011fra Kavuncu, partideki g\u00f6revinden istifa etti. Kavuncu&#8217;nun ard\u0131ndan \u0130yi Parti Yerel Y\u00f6netimler Ba\u015fkan\u0131 Burak Akburak da g\u00f6revini b\u0131rakt\u0131\u011f\u0131n\u0131 duyurdu.<\/p>\n<p><img decoding=\"async\" src=\"https:\/\/haberv8.thewpdemo.com\/wp-content\/uploads\/2024\/04\/iyi-partide-pes-pese-istifa-bugra-kavuncu-ile-burak-akburak-gorevini-birakti-0.jpg\" \/><\/p>\n<p><strong>Bu\u011fra Kavuncu: Bekledi\u011fimizin \u00e7ok alt\u0131nda bir sonu\u00e7<\/strong><\/p>\n<p class=\"text\">Bu\u011fra Kavuncu, sosyal medya hesab\u0131ndan yapt\u0131\u011f\u0131 a\u00e7\u0131klamada, 31 Mart&#8217;taki Mahalli \u0130dareler Genel Se\u00e7imlerinde \u0130stanbul B\u00fcy\u00fck\u015fehir Belediye Ba\u015fkanl\u0131\u011f\u0131 i\u00e7in aday oldu\u011funu, ancak se\u00e7imi beklediklerinin \u00e7ok alt\u0131nda bir sonu\u00e7la tamamlad\u0131klar\u0131n\u0131 belirtti.<\/p>\n<p class=\"text\">Bu\u011fra Kavuncu, \u015funlar\u0131 s\u00f6yledi:<\/p>\n<p>T\u00fcm bu \u015fartlar alt\u0131nda, ben de \u00fczerime d\u00fc\u015fen sorumlulu\u011fu yerine getirerek, gerek yap\u0131lacak olan ola\u011fan\u00fcst\u00fc kongremizin daha sa\u011fl\u0131kl\u0131 ve demokratik bir ortamda yap\u0131labilmesi, gerekse \u0130stanbul&#8217;da ald\u0131\u011f\u0131m\u0131z sonu\u00e7la do\u011frudan ili\u015fkili olarak, 8 ayd\u0131r y\u00fcr\u00fctmekte oldu\u011fum Te\u015fkilat Ba\u015fkanl\u0131\u011f\u0131 g\u00f6revimden istifa ediyorum.<\/p>\n<p class=\"text\">Kavuncu, bundan sonraki s\u00fcre\u00e7te, \u0130yi Parti \u0130stanbul Milletvekili olarak T\u00fcrkiye i\u00e7in \u00e7al\u0131\u015fmaya devam edece\u011fini bildirdi.<\/p>\n<p><strong>Burak Akburak: G\u00f6revimden istifa ediyorum<\/strong><\/p>\n<p class=\"text\">\u0130Y\u0130 Parti Yerel Y\u00f6netimler Ba\u015fkan\u0131 Burak Akburak, sosyal medya hesab\u0131ndan yapt\u0131\u011f\u0131 payla\u015f\u0131mda istifa etti\u011fini duyurdu.<\/p>\n<p class=\"text\">Akburak \u015fu ifadeleri kulland\u0131:<\/p>\n<p>B\u00fcy\u00fck bir onurla yapm\u0131\u015f oldu\u011fum Yerel Y\u00f6netimler Ba\u015fkanl\u0131\u011f\u0131 g\u00f6revimden istifa ediyorum. B\u00fcy\u00fck Kongremizin, T\u00fcrkiye\u2019nin umudunun \u0130Y\u0130 Parti oldu\u011funun tescillendi\u011fi bir kongre olaca\u011f\u0131n\u0131n bilinmesini istiyorum. Her daim liderimizin yan\u0131nday\u0131m! Sevgi ve Sayg\u0131lar\u0131mla.<\/p>\n<p><img decoding=\"async\" src=\"https:\/\/haberv8.thewpdemo.com\/wp-content\/uploads\/2024\/04\/iyi-partide-pes-pese-istifa-bugra-kavuncu-ile-burak-akburak-gorevini-birakti-1.jpg\" \/><\/p>\n","protected":false},"excerpt":{"rendered":"<p>T\u00fcrkiye, sand\u0131kta se\u00e7imini yaparak yerel se\u00e7imleri geride b\u0131rakt\u0131. \u0130yi Parti, 31 Mart Pazar g\u00fcn\u00fc yap\u0131lan Mahalli \u0130dareler Genel Se\u00e7imleri&#8217;nde kesin olmayan sonu\u00e7lara g\u00f6re y\u00fczde 3,77 oy ald\u0131. Bunun ard\u0131ndan baz\u0131 partililer, \u0130yi Parti&#8217;nin hedeflenen ve beklenenden d\u00fc\u015f\u00fck oy al\u0131nmas\u0131 nedeniyle Meral Ak\u015fener&#8217;e &#8220;istifa&#8221; \u00e7a\u011fr\u0131s\u0131nda bulundu. Bunun \u00fczerine a\u00e7\u0131klama yapan Genel Ba\u015fkan Meral Ak\u015fener, ola\u011fan\u00fcst\u00fc se\u00e7imli [&hellip;]<\/p>\n","protected":false},"author":1,"featured_media":1437,"comment_status":"open","ping_status":"closed","sticky":false,"template":"","format":"standard","meta":{"footnotes":""},"categories":[7],"tags":[25],"class_list":["post-1435","post","type-post","status-publish","format-standard","has-post-thumbnail","hentry","category-gundem","tag-gundem"],"_links":{"self":[{"href":"https:\/\/avukatimtv.com\/index.php\/wp-json\/wp\/v2\/posts\/1435","targetHints":{"allow":["GET"]}}],"collection":[{"href":"https:\/\/avukatimtv.com\/index.php\/wp-json\/wp\/v2\/posts"}],"about":[{"href":"https:\/\/avukatimtv.com\/index.php\/wp-json\/wp\/v2\/types\/post"}],"author":[{"embeddable":true,"href":"https:\/\/avukatimtv.com\/index.php\/wp-json\/wp\/v2\/users\/1"}],"replies":[{"embeddable":true,"href":"https:\/\/avukatimtv.com\/index.php\/wp-json\/wp\/v2\/comments?post=1435"}],"version-history":[{"count":0,"href":"https:\/\/avukatimtv.com\/index.php\/wp-json\/wp\/v2\/posts\/1435\/revisions"}],"wp:featuredmedia":[{"embeddable":true,"href":"https:\/\/avukatimtv.com\/index.php\/wp-json\/wp\/v2\/media\/1437"}],"wp:attachment":[{"href":"https:\/\/avukatimtv.com\/index.php\/wp-json\/wp\/v2\/media?parent=1435"}],"wp:term":[{"taxonomy":"category","embeddable":true,"href":"https:\/\/avukatimtv.com\/index.php\/wp-json\/wp\/v2\/categories?post=1435"},{"taxonomy":"post_tag","embeddable":true,"href":"https:\/\/avukatimtv.com\/index.php\/wp-json\/wp\/v2\/tags?post=1435"}],"curies":[{"name":"wp","href":"https:\/\/api.w.org\/{rel}","templated":true}]}}