{"id":1438,"date":"2024-04-06T16:50:44","date_gmt":"2024-04-06T13:50:44","guid":{"rendered":"https:\/\/haberv8.thewpdemo.com\/vanda-mazbata-dem-partiye-verilecek\/-1438.html"},"modified":"2024-04-06T16:50:44","modified_gmt":"2024-04-06T13:50:44","slug":"vanda-mazbata-dem-partiye-verilecek","status":"publish","type":"post","link":"https:\/\/avukatimtv.com\/index.php\/2024\/04\/06\/vanda-mazbata-dem-partiye-verilecek\/","title":{"rendered":"Van&#8217;da mazbata DEM Parti&#8217;ye verilecek"},"content":{"rendered":"<\/p>\n<p class=\"text\">Se\u00e7imlerin ard\u0131ndan Van kar\u0131\u015ft\u0131&#8230;<\/p>\n<p class=\"text\">Van \u0130l Se\u00e7im Kurulu, 31 Mart&#8217;ta en y\u00fcksek oyu alan DEM Parti aday\u0131 Adbullah Zeydan&#8217;\u0131n se\u00e7ilme yeterlili\u011fi olmad\u0131\u011f\u0131na karar verdi.<\/p>\n<p class=\"text\">Karar\u0131n ard\u0131ndan Van B\u00fcy\u00fck\u015fehir Belediye Ba\u015fkanl\u0131\u011f\u0131, AK Parti&#8217;ye ge\u00e7ti.<\/p>\n<p><strong>Ter\u00f6r yanda\u015flar\u0131 polise sald\u0131rd\u0131<\/strong><\/p>\n<p class=\"text\">Van&#8217;da ya\u015fanan olaylar nedeniyle bir\u00e7ok ilde ter\u00f6r \u00f6rg\u00fct\u00fc yanda\u015flar\u0131 polise sald\u0131rd\u0131.<\/p>\n<p class=\"text\">Konuyla ilgili \u0130\u00e7i\u015fleri Bakan\u0131 Ali Yerlikaya, 89 ki\u015finin g\u00f6zalt\u0131na al\u0131nd\u0131\u011f\u0131n\u0131 duyurdu.<\/p>\n<p><strong>DEM Parti karara itiraz etti<\/strong><\/p>\n<p class=\"text\">Halklar\u0131n E\u015fitlik ve Demokrasi Partisi (DEM Parti), Van \u0130l Se\u00e7im Kurulunun, Abdullah Zeydan&#8217;\u0131n Van B\u00fcy\u00fck\u015fehir Belediye Ba\u015fkan\u0131 &#8220;se\u00e7ilmemi\u015f say\u0131lmas\u0131&#8221; ve mazbatan\u0131n ikinci s\u0131radaki adaya verilmesi karar\u0131na itiraz etti.<\/p>\n<p><strong>&#8220;Van halk\u0131n\u0131n iradesine sahip \u00e7\u0131kaca\u011f\u0131z&#8221;<\/strong><\/p>\n<p class=\"text\">DEM Parti E\u015f Genel Ba\u015fkan\u0131 Tuncer Bak\u0131rhan yapt\u0131\u011f\u0131 a\u00e7\u0131klamada \u015funlar\u0131 s\u00f6yledi:<\/p>\n<p>Y\u00fcksek Se\u00e7im Kurulu sonu\u00e7lar\u0131 a\u00e7\u0131klarken de kendisini aday olarak g\u00f6stermi\u015ftir. Herhangi bir engel olmam\u0131\u015ft\u0131r. \u0130ki g\u00fcnl\u00fck irtibat s\u00fcreci s\u00fcrecinde de ba\u015fta iktidar Adalet Bakanl\u0131\u011f\u0131 olmak \u00fczere kimse itiraz etmemi\u015ftir. Dolay\u0131s\u0131yla adayl\u0131k s\u00fcreci tamamlanm\u0131\u015ft\u0131r. Van halk\u0131n\u0131n iradesine kesinlikle sahip \u00e7\u0131kaca\u011f\u0131z.<\/p>\n<p><strong>YSK karar\u0131n\u0131 verdi<\/strong><\/p>\n<p class=\"text\">Ak\u015fam vakitlerinde ise konuyla ilgili Y\u00fcksek Se\u00e7im Kurulu&#8217;dan kritik bir karar geldi.<\/p>\n<p class=\"text\">Y\u00fcksek Se\u00e7im Kurulu, DEM Parti&#8217;nin Van \u0130l Se\u00e7im Kurulu&#8217;nun B\u00fcy\u00fck\u015fehir Belediye Ba\u015fkan\u0131 se\u00e7ilen DEM Parti aday\u0131 Abdullah Zeydan&#8217;\u0131n se\u00e7ilme hakk\u0131n\u0131n geri al\u0131narak mazbatan\u0131n AK Parti aday\u0131 Abdulahat Arvas&#8217;a verilmesine ili\u015fkin Van \u0130l Se\u00e7im Kurulu&#8217;nun karar\u0131na yapt\u0131\u011f\u0131 itiraz\u0131 g\u00fcndemine ald\u0131.<\/p>\n<p><img decoding=\"async\" src=\"https:\/\/haberv8.thewpdemo.com\/wp-content\/uploads\/2024\/04\/vanda-mazbata-dem-partiye-verilecek-0.jpg\" \/><\/p>\n<p><strong>\u0130tiraz kabul edildi<\/strong><\/p>\n<p class=\"text\">Partinin itiraz\u0131n\u0131 kabul eden Kurul, mazbatan\u0131n 7 \u00fcyenin kabul, 4 \u00fcyenin ret oyu ile Abdullah Zeydan&#8217;a verilmesine h\u00fckmetti.<\/p>\n<p><strong>Mazbata DEM Parti&#8217;ye verilecek<\/strong><\/p>\n<p class=\"text\">Van&#8217;da mazbata, DEM Parti aday\u0131 Abdullah Zeydan&#8217;a verilecek.<\/p>\n<p><strong>DEM Parti&#8217;den ilk a\u00e7\u0131klama<\/strong><\/p>\n<p class=\"text\">Karara ili\u015fkin YSK \u00f6n\u00fcnde a\u00e7\u0131klama yapan, DEM Parti YSK Temsilcisi Mehmet R\u00fc\u015ft\u00fc Tiryaki de YSK&#8217;nin oy \u00e7oklu\u011fuyla itirazlar\u0131n\u0131 kabul etti\u011fini belirterek, &#8220;Y\u00fcksek Se\u00e7im Kurulu&#8217;nun kararlar\u0131 bildi\u011finiz gibi kesin. Herhangi bir itiraz olana\u011f\u0131 yok. Anayasa Mahkemesi denetimine de tabii de\u011fil. Dolay\u0131s\u0131yla ba\u015fvurulacak ba\u015fka bir makam olmad\u0131\u011f\u0131 i\u00e7in mazbata Abdullah Zeydan&#8217;a verilecek&#8221; diye konu\u015ftu.<\/p>\n","protected":false},"excerpt":{"rendered":"<p>Se\u00e7imlerin ard\u0131ndan Van kar\u0131\u015ft\u0131&#8230; Van \u0130l Se\u00e7im Kurulu, 31 Mart&#8217;ta en y\u00fcksek oyu alan DEM Parti aday\u0131 Adbullah Zeydan&#8217;\u0131n se\u00e7ilme yeterlili\u011fi olmad\u0131\u011f\u0131na karar verdi. Karar\u0131n ard\u0131ndan Van B\u00fcy\u00fck\u015fehir Belediye Ba\u015fkanl\u0131\u011f\u0131, AK Parti&#8217;ye ge\u00e7ti. Ter\u00f6r yanda\u015flar\u0131 polise sald\u0131rd\u0131 Van&#8217;da ya\u015fanan olaylar nedeniyle bir\u00e7ok ilde ter\u00f6r \u00f6rg\u00fct\u00fc yanda\u015flar\u0131 polise sald\u0131rd\u0131. Konuyla ilgili \u0130\u00e7i\u015fleri Bakan\u0131 Ali Yerlikaya, 89 [&hellip;]<\/p>\n","protected":false},"author":1,"featured_media":1440,"comment_status":"open","ping_status":"closed","sticky":false,"template":"","format":"standard","meta":{"footnotes":""},"categories":[7],"tags":[25],"class_list":["post-1438","post","type-post","status-publish","format-standard","has-post-thumbnail","hentry","category-gundem","tag-gundem"],"_links":{"self":[{"href":"https:\/\/avukatimtv.com\/index.php\/wp-json\/wp\/v2\/posts\/1438","targetHints":{"allow":["GET"]}}],"collection":[{"href":"https:\/\/avukatimtv.com\/index.php\/wp-json\/wp\/v2\/posts"}],"about":[{"href":"https:\/\/avukatimtv.com\/index.php\/wp-json\/wp\/v2\/types\/post"}],"author":[{"embeddable":true,"href":"https:\/\/avukatimtv.com\/index.php\/wp-json\/wp\/v2\/users\/1"}],"replies":[{"embeddable":true,"href":"https:\/\/avukatimtv.com\/index.php\/wp-json\/wp\/v2\/comments?post=1438"}],"version-history":[{"count":0,"href":"https:\/\/avukatimtv.com\/index.php\/wp-json\/wp\/v2\/posts\/1438\/revisions"}],"wp:featuredmedia":[{"embeddable":true,"href":"https:\/\/avukatimtv.com\/index.php\/wp-json\/wp\/v2\/media\/1440"}],"wp:attachment":[{"href":"https:\/\/avukatimtv.com\/index.php\/wp-json\/wp\/v2\/media?parent=1438"}],"wp:term":[{"taxonomy":"category","embeddable":true,"href":"https:\/\/avukatimtv.com\/index.php\/wp-json\/wp\/v2\/categories?post=1438"},{"taxonomy":"post_tag","embeddable":true,"href":"https:\/\/avukatimtv.com\/index.php\/wp-json\/wp\/v2\/tags?post=1438"}],"curies":[{"name":"wp","href":"https:\/\/api.w.org\/{rel}","templated":true}]}}