{"id":1441,"date":"2024-04-06T16:51:26","date_gmt":"2024-04-06T13:51:26","guid":{"rendered":"https:\/\/haberv8.thewpdemo.com\/dagdan-kemeralti-cikarmasi-hem-gulumsetti-hem-duygulandirdi\/-1441.html"},"modified":"2024-04-06T16:51:26","modified_gmt":"2024-04-06T13:51:26","slug":"dagdan-kemeralti-cikarmasi-hem-gulumsetti-hem-duygulandirdi","status":"publish","type":"post","link":"https:\/\/avukatimtv.com\/index.php\/2024\/04\/06\/dagdan-kemeralti-cikarmasi-hem-gulumsetti-hem-duygulandirdi\/","title":{"rendered":"Da\u011f&#8217;dan Kemeralt\u0131 \u00e7\u0131karmas\u0131&#8230; Hem g\u00fcl\u00fcmsetti hem duyguland\u0131rd\u0131"},"content":{"rendered":"<p><\/p>\n<p>Mahalli \u0130dareler Se\u00e7imlerinde Cumhur \u0130ttifak\u0131 \u0130zmir B\u00fcy\u00fck\u015fehir Belediye Ba\u015fkan Aday\u0131 olan ancak kazanamayan Hamza Da\u011f, te\u015fekk\u00fcr turuna \u00e7\u0131kt\u0131. Da\u011f, se\u00e7imlerin ard\u0131ndan \u00f6nce Kar\u015f\u0131yaka \u00c7ar\u015f\u0131&#8217;da esnaf\u0131 ziyaret etmi\u015fti. Kemeralt\u0131 Hisar\u00f6n\u00fc Camiinde Cuma namaz\u0131n\u0131 k\u0131lan Da\u011f, Kemeralt\u0131&#8217;nda esnafla bir araya geldi.<\/p>\n<p><strong>ESNAFTAN &#8220;HELAL OLSUN&#8221; ALKI\u015eI<\/strong><\/p>\n<p>Konak Belediye Ba\u015fkan Aday\u0131 olan \u0130zmir Milletvekili Ceyda B\u00f6l\u00fcnmez \u00c7ank\u0131r\u0131&#8217;n\u0131n da Hamza Da\u011f&#8217;a e\u015flik etti\u011fi Kemeralt\u0131 ziyaretinde kimi zaman duygusal kimi zaman da bol kahkahal\u0131 anlar ya\u015fand\u0131. Da\u011f ve \u00c7ank\u0131r\u0131&#8217;y\u0131 yan\u0131nda g\u00f6ren esnaf ilk olarak &#8220;Helal olsun, se\u00e7imi kazanamad\u0131n\u0131z ama yine buradas\u0131n\u0131z&#8221; diyerek Da\u011f ve \u00c7ank\u0131r\u0131&#8217;y\u0131 alk\u0131\u015flad\u0131.<\/p>\n<p><strong>&#8220;DURMAK YOK&#8221;<\/strong><\/p>\n<p>Vatanda\u015flar Da\u011f ve \u00c7ank\u0131r\u0131&#8217;n\u0131n elini s\u0131karak bolca foto\u011fraf \u00e7ektirdi. Bir vatanda\u015f Da\u011f&#8217;a &#8220;Durmak yok&#8221; derken, Da\u011f ise &#8220;Kesinlikle durmak yok&#8221; yan\u0131t\u0131n\u0131 verdi.<\/p>\n<p><strong>&#8220;\u0130N\u015eALLAH &#8216;HAMZA DA\u011e&#8217; G\u0130B\u0130 OLUR&#8221;<\/strong><\/p>\n<p>Bir anne \u00e7ocu\u011funun ad\u0131n\u0131n da Hamza oldu\u011funu s\u00f6yleyerek &#8220;\u0130n\u015fallah Hamza Da\u011f gibi olur&#8217; diyorum hep&#8221; dedi. Hamza Da\u011f ise \u00e7ocu\u011fu severek, &#8220;Bana da benziyor&#8221; ifadelerini kulland\u0131.<\/p>\n<p><strong>&#8220;\u00c7OK \u00dcZ\u00dcL\u00dcYORUM&#8221;<\/strong><\/p>\n<p>Kemeralt\u0131&#8217;n\u0131 ziyaret eden bir kad\u0131n ise &#8220;\u0130zmir i\u00e7in \u00fcz\u00fcl\u00fcyorum. Diyorlar ya teneke koysan\u0131z kazan\u0131r diye&#8230; \u00c7ok \u00fcz\u00fcl\u00fcyorum&#8221; dedi. Da\u011f ve \u00c7ank\u0131r\u0131 ise &#8220;\u00dcz\u00fclmeyin, zaman\u0131 vard\u0131r&#8221; diye konu\u015ftu.<\/p>\n<p><strong>\u00c7ANKIRI: &#8220;B\u0130Z ORTAYA SAM\u0130M\u0130YET\u0130M\u0130Z\u0130 KOYDUK&#8221;<\/strong><\/p>\n<p>Vatanda\u015flar Da\u011f&#8217;a &#8220;Sizi seviyoruz&#8221; diyerek, Da\u011f&#8217;\u0131n elini s\u0131kt\u0131. Da\u011f ise, &#8220;Sevmek ayr\u0131 oy vermek ayr\u0131&#8221; dedi. Vatanda\u015flar &#8220;Seveniniz \u00e7ok, sizi seviyoruz ve her gitti\u011fimiz yerde insanlar\u0131n sizi nas\u0131l sevdi\u011fini dinliyoruz ama ekonomi ve emekli maa\u015flar\u0131 sebebiyle b\u00f6yle oldu. Yine buradas\u0131n\u0131z, bu \u00e7ok g\u00fczel, sizi g\u00f6rd\u00fc\u011f\u00fcm\u00fcze \u00e7ok memnunuz&#8221; yan\u0131t\u0131n\u0131 verdi. Ceyda B\u00f6l\u00fcnmez \u00c7ank\u0131r\u0131 ise, &#8220;Biz siyaset yapmad\u0131k, samimiyetimizi ortaya koyduk. Bizden ba\u015fkas\u0131n\u0131 g\u00f6rmediniz, se\u00e7ilenleri de \u015fimdi g\u00f6remeyeceksiniz, \u00e7\u0131kmazlar ki&#8230; Y\u00fczleri yok \u00e7\u0131kmaya&#8221; dedi.<\/p>\n<p><strong>B\u0130Z\u0130 KURDA KU\u015eA YEM ETT\u0130N\u0130Z&#8221;<\/strong><\/p>\n<p>Ba\u015fka bir vatanda\u015f ise Hamza Da\u011f&#8217;\u0131 kar\u015f\u0131s\u0131nda g\u00f6r\u00fcnce \u00f6nce sar\u0131ld\u0131 sonra da, &#8220;Kurda ku\u015fa yem ettiniz bizi, siz etmediniz ger\u00e7i de&#8221; ifadelerini kulland\u0131&#8230; G\u00f6zleri dolan vatanda\u015fa sar\u0131lan Hamza Da\u011f, &#8220;\u00c7ok \u00e7al\u0131\u015ft\u0131k, biz \u00fcst\u00fcm\u00fcze d\u00fc\u015feni yapt\u0131k, her \u015feyin hay\u0131rl\u0131s\u0131&#8221; diye konu\u015ftu.<\/p>\n<p><strong>30 YILLIK CHP&#8217;L\u0130Y\u0130M AMA SANA OY VERD\u0130M&#8221;<\/strong><\/p>\n<p>CHP&#8217;li oldu\u011funu dile getiren bir vatanda\u015f, &#8220;30 y\u0131ld\u0131r CHP&#8217;liyim, bu se\u00e7imde sana oy verdim ama olmad\u0131&#8221; dedi. Hamza Da\u011f ise &#8220;Biz buraday\u0131z, devam ediyoruz&#8221; yan\u0131t\u0131n\u0131 verdi.<\/p>\n<p><strong>&#8220;HAMZA DA\u011e&#8221; SLOGANI ATTI<\/strong><\/p>\n<p>K\u00fc\u00e7\u00fck bir \u00e7ocuk ise &#8220;Hamza Da\u011f&#8221; sloganlar\u0131 atarak Da\u011f&#8217;a sar\u0131ld\u0131. Da\u011f, \u00e7ocu\u011fu kuca\u011f\u0131na alarak, &#8220;Hamza Da\u011f kurban olsun sana&#8221; dedi. O s\u0131rada yoldan ge\u00e7en turistlere &#8220;Hello, welcome&#8221; diye seslenen Da\u011f ve turistler aras\u0131nda g\u00fcl\u00fcmseten anlar ya\u015fand\u0131.<\/p>\n<p><strong>\u00c7\u0130\u00c7EK VERD\u0130LER<\/strong><\/p>\n<p>\u00c7i\u00e7ek\u00e7iler Hamza Da\u011f&#8217;a \u00e7i\u00e7ek verdi. Al\u0131\u015fveri\u015f yapan vatanda\u015f ise &#8220;Ne olur devam&#8221; dedi. Hamza Da\u011f ise &#8220;Kemeralt\u0131nda&#8217;y\u0131z tabi ki devam, yok bizde \u00f6yle&#8221; ifadelerini kulland\u0131. Da\u011f ve \u00c7ank\u0131r\u0131&#8217;n\u0131n yakla\u015f\u0131k 4 saat s\u00fcren Kemeralt\u0131 esnaf ziyaretinde y\u00fczlerce vatanda\u015f gen\u00e7 siyaset\u00e7ilerle foto\u011fraf \u00e7ektirdi, tokala\u015ft\u0131. Da\u011f ve \u00c7ank\u0131r\u0131 esnaf ziyaretini Konak Meydan\u0131 saat kulesi \u00f6n\u00fcnde sonland\u0131rd\u0131.<\/p>\n","protected":false},"excerpt":{"rendered":"<p>Mahalli \u0130dareler Se\u00e7imlerinde Cumhur \u0130ttifak\u0131 \u0130zmir B\u00fcy\u00fck\u015fehir Belediye Ba\u015fkan Aday\u0131 olan ancak kazanamayan Hamza Da\u011f, te\u015fekk\u00fcr turuna \u00e7\u0131kt\u0131. Da\u011f, se\u00e7imlerin ard\u0131ndan \u00f6nce Kar\u015f\u0131yaka \u00c7ar\u015f\u0131&#8217;da esnaf\u0131 ziyaret etmi\u015fti. Kemeralt\u0131 Hisar\u00f6n\u00fc Camiinde Cuma namaz\u0131n\u0131 k\u0131lan Da\u011f, Kemeralt\u0131&#8217;nda esnafla bir araya geldi. ESNAFTAN &#8220;HELAL OLSUN&#8221; ALKI\u015eI Konak Belediye Ba\u015fkan Aday\u0131 olan \u0130zmir Milletvekili Ceyda B\u00f6l\u00fcnmez \u00c7ank\u0131r\u0131&#8217;n\u0131n da Hamza [&hellip;]<\/p>\n","protected":false},"author":1,"featured_media":1443,"comment_status":"open","ping_status":"closed","sticky":false,"template":"","format":"standard","meta":{"footnotes":""},"categories":[7],"tags":[25],"class_list":["post-1441","post","type-post","status-publish","format-standard","has-post-thumbnail","hentry","category-gundem","tag-gundem"],"_links":{"self":[{"href":"https:\/\/avukatimtv.com\/index.php\/wp-json\/wp\/v2\/posts\/1441","targetHints":{"allow":["GET"]}}],"collection":[{"href":"https:\/\/avukatimtv.com\/index.php\/wp-json\/wp\/v2\/posts"}],"about":[{"href":"https:\/\/avukatimtv.com\/index.php\/wp-json\/wp\/v2\/types\/post"}],"author":[{"embeddable":true,"href":"https:\/\/avukatimtv.com\/index.php\/wp-json\/wp\/v2\/users\/1"}],"replies":[{"embeddable":true,"href":"https:\/\/avukatimtv.com\/index.php\/wp-json\/wp\/v2\/comments?post=1441"}],"version-history":[{"count":0,"href":"https:\/\/avukatimtv.com\/index.php\/wp-json\/wp\/v2\/posts\/1441\/revisions"}],"wp:featuredmedia":[{"embeddable":true,"href":"https:\/\/avukatimtv.com\/index.php\/wp-json\/wp\/v2\/media\/1443"}],"wp:attachment":[{"href":"https:\/\/avukatimtv.com\/index.php\/wp-json\/wp\/v2\/media?parent=1441"}],"wp:term":[{"taxonomy":"category","embeddable":true,"href":"https:\/\/avukatimtv.com\/index.php\/wp-json\/wp\/v2\/categories?post=1441"},{"taxonomy":"post_tag","embeddable":true,"href":"https:\/\/avukatimtv.com\/index.php\/wp-json\/wp\/v2\/tags?post=1441"}],"curies":[{"name":"wp","href":"https:\/\/api.w.org\/{rel}","templated":true}]}}