{"id":1444,"date":"2024-04-06T16:51:30","date_gmt":"2024-04-06T13:51:30","guid":{"rendered":"https:\/\/haberv8.thewpdemo.com\/son-dakika-turkiye-aydin-battali-ve-siirini-konusuyor-koyunde-secilemedi-gonullerin-muhtari-oldu\/-1444.html"},"modified":"2024-04-06T16:51:30","modified_gmt":"2024-04-06T13:51:30","slug":"son-dakika-turkiye-aydin-battali-ve-siirini-konusuyor-koyunde-secilemedi-gonullerin-muhtari-oldu","status":"publish","type":"post","link":"https:\/\/avukatimtv.com\/index.php\/2024\/04\/06\/son-dakika-turkiye-aydin-battali-ve-siirini-konusuyor-koyunde-secilemedi-gonullerin-muhtari-oldu\/","title":{"rendered":"SON DAK\u0130KA | T\u00fcrkiye Ayd\u0131n Battal&#8217;\u0131 ve \u015fiirini konu\u015fuyor! K\u00f6y\u00fcnde se\u00e7ilemedi g\u00f6n\u00fcllerin muhtar\u0131 oldu"},"content":{"rendered":"<p><\/p>\n<p>Son dakika haberi&#8230; K\u0131r\u015fehir&#8217;in Akp\u0131nar il\u00e7esine ba\u011fl\u0131 A\u015fa\u011f\u0131 Homurlu k\u00f6y\u00fcnde \u00e7obanl\u0131k yapan Ayd\u0131n Battal, 31 Mart 2024 Mahalli \u0130dareler Genel Se\u00e7imleri&#8217;nde k\u00f6y\u00fcnden muhtar aday\u0131 oldu. 300 haneli 4 muhtar aday\u0131n\u0131n yar\u0131\u015ft\u0131\u011f\u0131 se\u00e7imlerde muhtar aday\u0131 Battal, 29 oy alarak yar\u0131\u015fan muhtar adaylar\u0131 aras\u0131nda en az oy alarak sonuncu s\u0131rada yer ald\u0131. Ayd\u0131n Battal, kendisine akrabalar\u0131n\u0131n da oy vermedi\u011fini ve istemedi\u011fini belirterek sitem dolu yazd\u0131\u011f\u0131 ve seslendirdi\u011fi \u015fiiri sosyal medyada g\u00fcndem oldu.<\/p>\n<p><span><\/span>T\u00fcrkiye&#8217;nin konu\u015ftu\u011fu muhtar aday\u0131 A Haber&#8217;de<\/p>\n<p><iframe allow=\"autoplay; fullscreen\" allowfullscreen=\"1\" border=\"0\" class=\"videoIfV4\" scrolling=\"no\" src=\"https:\/\/www.sabah.com.tr\/video\/iframe\/haber\/turkiyenin-konustugu-muhtar-adayi-a-haberde?w=600&#038;h=320&#038;noadds=0\" loading=\"lazy\" data-lazy-load=\"1\"><\/iframe><\/p>\n<p><strong>&#8220;S\u0130YAS\u0130 BURADA BIRAKIYORUM&#8221;<\/strong><\/p>\n<p>Se\u00e7imleri kaybeden muhtar aday\u0131, Battal A Haber&#8217;e a\u00e7\u0131klamalarda bulundu. Batta canl\u0131 yay\u0131nda \u015funlar\u0131 s\u00f6yledi:<\/p>\n<p>&#8220;Se\u00e7im bittikten sonra bir allah\u0131n kulu kap\u0131m\u0131 \u00e7almad\u0131 bide onlar bana k\u00fcst\u00fc muhtar aday\u0131 olup \u015fiir yazd\u0131\u011f\u0131m i\u00e7in. Benim pi\u015fmanl\u0131\u011f\u0131m dostlar\u0131m\u0131n g\u00f6z\u00fcnde ki de\u011ferimden kaynakl\u0131. Aday olup kaybetti\u011fime asla pi\u015fman de\u011filim bana oy verip beni destekleyen herkesten \u00f6z\u00fcr dilerim onlar\u0131 b\u00f6yle bir duruma soktu\u011fum i\u00e7in. \u0130nsanlar\u0131n dostlar\u0131m\u0131n ger\u00e7ek y\u00fcz\u00fcn\u00fc g\u00f6rd\u00fcm.&#8221;Siyaseti burada bitiyorum defter ve kalem ile ha\u015f\u0131r ne\u015fir olaca\u011f\u0131m. Benim i\u015fim de\u011fil bu. \u015eiir yazmaya da son nefesime kadar devam edece\u011fim.<\/p>\n<p>Ben bir ameliyat ge\u00e7irdim diz kapa\u011f\u0131ndan ve doktor \u00e7al\u0131\u015famazs\u0131n dedi bende bakt\u0131m se\u00e7im geliyor k\u00f6yl\u00fclere de durumu izah ettim. Yan\u0131ma belirledi\u011finiz insanlar\u0131 aza yazal\u0131m ben iyile\u015fip \u00e7al\u0131\u015f\u0131nca mahkeme karar\u0131yla istedi\u011finiz aza aday\u0131na m\u00fchr\u00fc veririm dedim. Beni \u00fczen durum bu yoksa iki yi\u011fit \u00e7\u0131km\u0131\u015f meydana biri kazanacak zaten.&#8221;<\/p>\n<p><strong>Battal, sitemini sosyal medyadan payla\u015ft\u0131\u011f\u0131 \u015fu \u015fiirle dile getirmi\u015fti:<\/strong><\/p>\n<p>Garibanl\u0131k, fakirlik ve \u015fiir&#8230;<\/p>\n<p>Okumda m\u0131 yay\u0131mda m\u0131 bilmiyorum. Sayg\u0131da kusur etmiyorum. Bende ne var, ben k\u00f6r m\u00fcy\u00fcm, g\u00f6r\u00fcyorum. Bald\u0131z\u0131m, bacana\u011f\u0131m istemedi ilk \u00f6nce beni.<\/p>\n<p>\u00c7ekil dedi bu yar\u0131\u015fta kimin var? Kime i\u00e7irecek \u00e7ay\u0131n suyun var? Akl\u0131 kesse beni k\u00f6yden de kovar. Akrabam, dostlar\u0131m istemedi ilk \u00f6nce beni.<\/p>\n<p>Ben k\u00f6y\u00fcme k\u00f6t\u00fc falan diyemem. K\u00f6y\u00fcm\u00fc tek kalemde silemem. Mahallem, k\u00f6yl\u00fcm istemedi ilk \u00f6nce beni.<\/p>\n<p>\u00c7oban dedi, muhtarl\u0131k yapamaz. Devlet deyip daireye varamaz. Enayi dedi, sa\u011f\u0131n\u0131 solunu bulamaz. Bald\u0131z\u0131m, bacana\u011f\u0131m istemedi ilk \u00f6nce beni.<\/p>\n<p>Sanki rakiplerim uzay bilimci. Benim gibi ayn\u0131 k\u00f6yl\u00fc bilinci. Vars\u0131n onlar olsun en ba\u015f birinci. Bald\u0131z\u0131m, bacana\u011f\u0131m istemedi ilk \u00f6nce beni.<\/p>\n<p>Ac\u0131yormu\u015f bana fakir diye. Her yere gidemezsin topals\u0131n diye. Beni fakir g\u00f6rme bu kibir niye? Bald\u0131z\u0131m, bacana\u011f\u0131m istemedi ilk \u00f6nce beni.<\/p>\n<p>Umudum t\u00fckendi hayalim bitti. D\u00fcnya, g\u00fcc\u00fcn Ayd\u0131n&#8217;a yetti. Zaten izlemiyorum o film bitti. Mahallem k\u00f6yl\u00fcm istemedi ilk \u00f6nce beni. Bald\u0131z\u0131m, bacana\u011f\u0131m, Homurlu istemedi ilk \u00f6nce beni.<\/p>\n","protected":false},"excerpt":{"rendered":"<p>Son dakika haberi&#8230; K\u0131r\u015fehir&#8217;in Akp\u0131nar il\u00e7esine ba\u011fl\u0131 A\u015fa\u011f\u0131 Homurlu k\u00f6y\u00fcnde \u00e7obanl\u0131k yapan Ayd\u0131n Battal, 31 Mart 2024 Mahalli \u0130dareler Genel Se\u00e7imleri&#8217;nde k\u00f6y\u00fcnden muhtar aday\u0131 oldu. 300 haneli 4 muhtar aday\u0131n\u0131n yar\u0131\u015ft\u0131\u011f\u0131 se\u00e7imlerde muhtar aday\u0131 Battal, 29 oy alarak yar\u0131\u015fan muhtar adaylar\u0131 aras\u0131nda en az oy alarak sonuncu s\u0131rada yer ald\u0131. Ayd\u0131n Battal, kendisine akrabalar\u0131n\u0131n da [&hellip;]<\/p>\n","protected":false},"author":1,"featured_media":1446,"comment_status":"open","ping_status":"closed","sticky":false,"template":"","format":"standard","meta":{"footnotes":""},"categories":[7],"tags":[25],"class_list":["post-1444","post","type-post","status-publish","format-standard","has-post-thumbnail","hentry","category-gundem","tag-gundem"],"_links":{"self":[{"href":"https:\/\/avukatimtv.com\/index.php\/wp-json\/wp\/v2\/posts\/1444","targetHints":{"allow":["GET"]}}],"collection":[{"href":"https:\/\/avukatimtv.com\/index.php\/wp-json\/wp\/v2\/posts"}],"about":[{"href":"https:\/\/avukatimtv.com\/index.php\/wp-json\/wp\/v2\/types\/post"}],"author":[{"embeddable":true,"href":"https:\/\/avukatimtv.com\/index.php\/wp-json\/wp\/v2\/users\/1"}],"replies":[{"embeddable":true,"href":"https:\/\/avukatimtv.com\/index.php\/wp-json\/wp\/v2\/comments?post=1444"}],"version-history":[{"count":0,"href":"https:\/\/avukatimtv.com\/index.php\/wp-json\/wp\/v2\/posts\/1444\/revisions"}],"wp:featuredmedia":[{"embeddable":true,"href":"https:\/\/avukatimtv.com\/index.php\/wp-json\/wp\/v2\/media\/1446"}],"wp:attachment":[{"href":"https:\/\/avukatimtv.com\/index.php\/wp-json\/wp\/v2\/media?parent=1444"}],"wp:term":[{"taxonomy":"category","embeddable":true,"href":"https:\/\/avukatimtv.com\/index.php\/wp-json\/wp\/v2\/categories?post=1444"},{"taxonomy":"post_tag","embeddable":true,"href":"https:\/\/avukatimtv.com\/index.php\/wp-json\/wp\/v2\/tags?post=1444"}],"curies":[{"name":"wp","href":"https:\/\/api.w.org\/{rel}","templated":true}]}}