{"id":1447,"date":"2024-04-06T16:51:34","date_gmt":"2024-04-06T13:51:34","guid":{"rendered":"https:\/\/haberv8.thewpdemo.com\/teror-elebasi-mustafa-karasu-chp-bu-oylari-kendi-oylari-sanmasin\/-1447.html"},"modified":"2024-04-06T16:51:34","modified_gmt":"2024-04-06T13:51:34","slug":"teror-elebasi-mustafa-karasu-chp-bu-oylari-kendi-oylari-sanmasin","status":"publish","type":"post","link":"https:\/\/avukatimtv.com\/index.php\/2024\/04\/06\/teror-elebasi-mustafa-karasu-chp-bu-oylari-kendi-oylari-sanmasin\/","title":{"rendered":"Ter\u00f6r eleba\u015f\u0131 Mustafa Karasu: CHP bu oylar\u0131 kendi oylar\u0131 sanmas\u0131n"},"content":{"rendered":"<p><\/p>\n<p>Ter\u00f6r \u00f6rg\u00fct\u00fc eleba\u015flar\u0131ndan Mustafa Karasu, PKK&#8217;n\u0131n yay\u0131n organ\u0131 ANF&#8217;de yerel se\u00e7im de\u011ferlendirmesi yapt\u0131.<\/p>\n<p><strong>&#8220;CHP BU OYLARI KEND\u0130 OYLARI OLARAK G\u00d6RMEMEL\u0130&#8221;<\/strong><\/p>\n<p>&#8220;E\u011fer genel bir parlamento se\u00e7imi olsayd\u0131 K\u00fcrd\u00fc, T\u00fcrk\u00fc, Alevisi ve S\u00fcnnisiyle, kad\u0131n\u0131 ve genciyle t\u00fcm bile\u015fenler oylar\u0131n\u0131 do\u011frudan DEM Parti&#8217;ye verirlerdi&#8221; diyen ter\u00f6ristba\u015f\u0131 Karasu, &#8220;Bu a\u00e7\u0131dan Meral Dan\u0131\u015f Be\u015fta\u015f&#8217;\u0131n dedi\u011fi gibi CHP bu oylar\u0131 kendi oylar\u0131 olarak g\u00f6rmemelidir.&#8221; \u015feklinde konu\u015ftu.<\/p>\n<p><strong>&#8220;\u0130MAMO\u011eLU&#8217;NUN KAZANMASINDA ROL OYNADILAR&#8221;<\/strong><\/p>\n<p>Karasu s\u00f6zlerini \u015f\u00f6yle s\u00fcrd\u00fcrd\u00fc:<\/p>\n<p>&#8220;Zaten \u00d6zg\u00fcr \u00d6zel de se\u00e7imi kazand\u0131ktan sonra yapt\u0131\u011f\u0131 ilk konu\u015fmada b\u00f6yle ifade etmi\u015ftir. DEM Parti&#8217;nin \u0130stanbul taban\u0131 y\u00fczde 10 civar\u0131ndad\u0131r. Bu, tabi ki K\u00fcrtlerin, Alevilerin, demokratik sol g\u00fc\u00e7lerin, kad\u0131nlar\u0131n ortak oylar\u0131d\u0131r. Bu oylar\u0131n en az\u0131ndan y\u00fczde 8&#8217;i \u0130stanbul&#8217;daki demokrasi isteyen g\u00fc\u00e7lerin par\u00e7as\u0131 olmu\u015ftur. \u0130mamo\u011flu&#8217;nun 2019&#8217;dan daha g\u00fc\u00e7l\u00fc kazanmas\u0131nda \u00f6nemli rol oynam\u0131\u015ft\u0131r.&#8221;<\/p>\n","protected":false},"excerpt":{"rendered":"<p>Ter\u00f6r \u00f6rg\u00fct\u00fc eleba\u015flar\u0131ndan Mustafa Karasu, PKK&#8217;n\u0131n yay\u0131n organ\u0131 ANF&#8217;de yerel se\u00e7im de\u011ferlendirmesi yapt\u0131. &#8220;CHP BU OYLARI KEND\u0130 OYLARI OLARAK G\u00d6RMEMEL\u0130&#8221; &#8220;E\u011fer genel bir parlamento se\u00e7imi olsayd\u0131 K\u00fcrd\u00fc, T\u00fcrk\u00fc, Alevisi ve S\u00fcnnisiyle, kad\u0131n\u0131 ve genciyle t\u00fcm bile\u015fenler oylar\u0131n\u0131 do\u011frudan DEM Parti&#8217;ye verirlerdi&#8221; diyen ter\u00f6ristba\u015f\u0131 Karasu, &#8220;Bu a\u00e7\u0131dan Meral Dan\u0131\u015f Be\u015fta\u015f&#8217;\u0131n dedi\u011fi gibi CHP bu oylar\u0131 kendi [&hellip;]<\/p>\n","protected":false},"author":1,"featured_media":1449,"comment_status":"open","ping_status":"closed","sticky":false,"template":"","format":"standard","meta":{"footnotes":""},"categories":[7],"tags":[25],"class_list":["post-1447","post","type-post","status-publish","format-standard","has-post-thumbnail","hentry","category-gundem","tag-gundem"],"_links":{"self":[{"href":"https:\/\/avukatimtv.com\/index.php\/wp-json\/wp\/v2\/posts\/1447","targetHints":{"allow":["GET"]}}],"collection":[{"href":"https:\/\/avukatimtv.com\/index.php\/wp-json\/wp\/v2\/posts"}],"about":[{"href":"https:\/\/avukatimtv.com\/index.php\/wp-json\/wp\/v2\/types\/post"}],"author":[{"embeddable":true,"href":"https:\/\/avukatimtv.com\/index.php\/wp-json\/wp\/v2\/users\/1"}],"replies":[{"embeddable":true,"href":"https:\/\/avukatimtv.com\/index.php\/wp-json\/wp\/v2\/comments?post=1447"}],"version-history":[{"count":0,"href":"https:\/\/avukatimtv.com\/index.php\/wp-json\/wp\/v2\/posts\/1447\/revisions"}],"wp:featuredmedia":[{"embeddable":true,"href":"https:\/\/avukatimtv.com\/index.php\/wp-json\/wp\/v2\/media\/1449"}],"wp:attachment":[{"href":"https:\/\/avukatimtv.com\/index.php\/wp-json\/wp\/v2\/media?parent=1447"}],"wp:term":[{"taxonomy":"category","embeddable":true,"href":"https:\/\/avukatimtv.com\/index.php\/wp-json\/wp\/v2\/categories?post=1447"},{"taxonomy":"post_tag","embeddable":true,"href":"https:\/\/avukatimtv.com\/index.php\/wp-json\/wp\/v2\/tags?post=1447"}],"curies":[{"name":"wp","href":"https:\/\/api.w.org\/{rel}","templated":true}]}}