{"id":1450,"date":"2024-04-06T16:51:38","date_gmt":"2024-04-06T13:51:38","guid":{"rendered":"https:\/\/haberv8.thewpdemo.com\/yanan-gece-kulubunun-sahibi-sehzade-sazi-sekergumus-saglik-kontrolunden-gecirildi\/-1450.html"},"modified":"2024-04-06T16:51:38","modified_gmt":"2024-04-06T13:51:38","slug":"yanan-gece-kulubunun-sahibi-sehzade-sazi-sekergumus-saglik-kontrolunden-gecirildi","status":"publish","type":"post","link":"https:\/\/avukatimtv.com\/index.php\/2024\/04\/06\/yanan-gece-kulubunun-sahibi-sehzade-sazi-sekergumus-saglik-kontrolunden-gecirildi\/","title":{"rendered":"Yanan gece kul\u00fcb\u00fcn\u00fcn sahibi \u015eehzade \u015eazi Sekerg\u00fcm\u00fc\u015f, sa\u011fl\u0131k kontrol\u00fcnden ge\u00e7irildi"},"content":{"rendered":"<p>Be\u015fikta\u015f&#8217;ta 29 ki\u015finin \u00f6ld\u00fc\u011f\u00fc gece kul\u00fcb\u00fc yang\u0131n\u0131na ili\u015fkin g\u00f6zalt\u0131na al\u0131nan 9 \u015f\u00fcphelinin i\u015flemleri Be\u015fikta\u015f \u0130l\u00e7e Emniyet M\u00fcd\u00fcrl\u00fc\u011f\u00fc Asayi\u015f B\u00fcro Amirli\u011finde devam ederken soru\u015fturma kapsam\u0131nda g\u00f6zalt\u0131na al\u0131nan aralar\u0131nda gece kul\u00fcb\u00fcn\u00fcn sahibi \u015eehzade \u015eazi \u015eekerg\u00fcm\u00fc\u015f sa\u011fl\u0131k kontrol\u00fc i\u00e7in hastaneye g\u00f6t\u00fcr\u00fcld\u00fc.<\/p>\n<\/p>\n<p>\u015eahzade \u015eazi \u015eekerg\u00fcm\u00fc\u015f&#8217;\u00fcn gece kul\u00fcb\u00fcn\u00fcn tadilat\u0131 i\u00e7in Ramazan ay\u0131n\u0131 f\u0131rsat bilerek \u00e7al\u0131\u015fmalar\u0131 ba\u015flatt\u0131\u011f\u0131n\u0131 ve i\u015f\u00e7inin kaynak \u00e7al\u0131\u015fmas\u0131 s\u0131ras\u0131nda meydana gelen yang\u0131n sonucu istenmeyen olay\u0131n kendilerini derinden \u00fczd\u00fc\u011f\u00fcn\u00fc bir \u00e7ok \u00e7al\u0131\u015fan\u0131n\u0131 kaybetmekten dolay\u0131 hala kendine gelemedi\u011fini s\u00f6yledi\u011fi kaydedildi.<\/p>\n<p><img decoding=\"async\" src=\"https:\/\/haberv8.thewpdemo.com\/wp-content\/uploads\/2024\/04\/yanan-gece-kulubunun-sahibi-sehzade-sazi-sekergumus-saglik-kontrolunden-gecirildi-0.jpg&#038;mw=600\" \/><\/p>\n","protected":false},"excerpt":{"rendered":"<p>Be\u015fikta\u015f&#8217;ta 29 ki\u015finin \u00f6ld\u00fc\u011f\u00fc gece kul\u00fcb\u00fc yang\u0131n\u0131na ili\u015fkin g\u00f6zalt\u0131na al\u0131nan 9 \u015f\u00fcphelinin i\u015flemleri Be\u015fikta\u015f \u0130l\u00e7e Emniyet M\u00fcd\u00fcrl\u00fc\u011f\u00fc Asayi\u015f B\u00fcro Amirli\u011finde devam ederken soru\u015fturma kapsam\u0131nda g\u00f6zalt\u0131na al\u0131nan aralar\u0131nda gece kul\u00fcb\u00fcn\u00fcn sahibi \u015eehzade \u015eazi \u015eekerg\u00fcm\u00fc\u015f sa\u011fl\u0131k kontrol\u00fc i\u00e7in hastaneye g\u00f6t\u00fcr\u00fcld\u00fc. \u015eahzade \u015eazi \u015eekerg\u00fcm\u00fc\u015f&#8217;\u00fcn gece kul\u00fcb\u00fcn\u00fcn tadilat\u0131 i\u00e7in Ramazan ay\u0131n\u0131 f\u0131rsat bilerek \u00e7al\u0131\u015fmalar\u0131 ba\u015flatt\u0131\u011f\u0131n\u0131 ve i\u015f\u00e7inin kaynak \u00e7al\u0131\u015fmas\u0131 [&hellip;]<\/p>\n","protected":false},"author":1,"featured_media":1452,"comment_status":"open","ping_status":"closed","sticky":false,"template":"","format":"standard","meta":{"footnotes":""},"categories":[7],"tags":[25],"class_list":["post-1450","post","type-post","status-publish","format-standard","has-post-thumbnail","hentry","category-gundem","tag-gundem"],"_links":{"self":[{"href":"https:\/\/avukatimtv.com\/index.php\/wp-json\/wp\/v2\/posts\/1450","targetHints":{"allow":["GET"]}}],"collection":[{"href":"https:\/\/avukatimtv.com\/index.php\/wp-json\/wp\/v2\/posts"}],"about":[{"href":"https:\/\/avukatimtv.com\/index.php\/wp-json\/wp\/v2\/types\/post"}],"author":[{"embeddable":true,"href":"https:\/\/avukatimtv.com\/index.php\/wp-json\/wp\/v2\/users\/1"}],"replies":[{"embeddable":true,"href":"https:\/\/avukatimtv.com\/index.php\/wp-json\/wp\/v2\/comments?post=1450"}],"version-history":[{"count":0,"href":"https:\/\/avukatimtv.com\/index.php\/wp-json\/wp\/v2\/posts\/1450\/revisions"}],"wp:featuredmedia":[{"embeddable":true,"href":"https:\/\/avukatimtv.com\/index.php\/wp-json\/wp\/v2\/media\/1452"}],"wp:attachment":[{"href":"https:\/\/avukatimtv.com\/index.php\/wp-json\/wp\/v2\/media?parent=1450"}],"wp:term":[{"taxonomy":"category","embeddable":true,"href":"https:\/\/avukatimtv.com\/index.php\/wp-json\/wp\/v2\/categories?post=1450"},{"taxonomy":"post_tag","embeddable":true,"href":"https:\/\/avukatimtv.com\/index.php\/wp-json\/wp\/v2\/tags?post=1450"}],"curies":[{"name":"wp","href":"https:\/\/api.w.org\/{rel}","templated":true}]}}