{"id":1453,"date":"2024-04-06T16:51:42","date_gmt":"2024-04-06T13:51:42","guid":{"rendered":"https:\/\/haberv8.thewpdemo.com\/msb-1-ocaktan-bu-yana-673-terorist-etkisiz-hale-getirildi\/-1453.html"},"modified":"2024-04-06T16:51:42","modified_gmt":"2024-04-06T13:51:42","slug":"msb-1-ocaktan-bu-yana-673-terorist-etkisiz-hale-getirildi","status":"publish","type":"post","link":"https:\/\/avukatimtv.com\/index.php\/2024\/04\/06\/msb-1-ocaktan-bu-yana-673-terorist-etkisiz-hale-getirildi\/","title":{"rendered":"MSB: 1 Ocak&#8217;tan bu yana 673 ter\u00f6rist etkisiz h\u00e2le getirildi"},"content":{"rendered":"<\/p>\n<p>\u00d6te yandan, son 6 ayd\u0131r, \u0130srail&#8217;in hukuk tan\u0131mayan sald\u0131r\u0131lar\u0131n\u0131n \u015fiddetini art\u0131rarak devam ettirmesi, yo\u011fun sivil \u00f6l\u00fcmlerine yol a\u00e7mas\u0131, \u00f6zellikle \u00e7ocuklara kar\u015f\u0131 vicdans\u0131zca davran\u0131\u015flar\u0131, Filistin halk\u0131n\u0131 en temel haklar\u0131ndan mahrum b\u0131rakmas\u0131, yard\u0131m kurulu\u015flar\u0131n\u0131 bile vurmas\u0131 Gazze&#8217;deki trajedinin ne kadar vahim boyutlara ta\u015f\u0131nd\u0131\u011f\u0131n\u0131n g\u00f6stergesidir.<\/p>\n<p>Ayr\u0131ca, \u00e7at\u0131\u015fmalar\u0131n di\u011fer b\u00f6lge \u00fclkelerine de yans\u0131mas\u0131 kayg\u0131 vericidir. K\u00fcresel bar\u0131\u015fa ve istikrara zarar veren bu insanl\u0131ktan uzak sald\u0131r\u0131lar\u0131n bir an evvel son bulmas\u0131 ad\u0131na uluslararas\u0131 toplumu bir kez daha g\u00f6reve \u00e7a\u011f\u0131r\u0131yoruz.<\/p>\n<p>Birle\u015fmi\u015f Milletler G\u00fcvenlik Konseyinin kabul etti\u011fi son ate\u015fkes karar\u0131n\u0131n ve Uluslararas\u0131 Adalet Divan\u0131n\u0131n a\u00e7\u0131klad\u0131\u011f\u0131 ilave tedbirlerin uygulanmas\u0131n\u0131 teminen gerekli \u00f6nlemlerin vakit kaybetmeksizin al\u0131nmas\u0131 gerekmektedir.<\/p>\n<p>Yine,<\/p>\n<p>&#8211; \u00dclkemizin giri\u015fimleriyle Birle\u015fmi\u015f Milletler taraf\u0131ndan kabul edilen &#8220;30 Mart Uluslararas\u0131 S\u0131f\u0131r At\u0131k G\u00fcn\u00fc&#8221;n\u00fc bir kez daha kutluyor,<\/p>\n<p>&#8211; 2 Nisan D\u00fcnya Otizm Fark\u0131ndal\u0131k g\u00fcn\u00fc dolay\u0131s\u0131yla &#8220;Otizm&#8221;in bir eksiklik de\u011fil, farkl\u0131l\u0131k oldu\u011funun tekrar alt\u0131n\u0131 \u00e7iziyor,<\/p>\n<p>&#8211; 4 Nisan D\u00fcnya May\u0131n Bilinci ve May\u0131n Faaliyetine Destek G\u00fcn\u00fc kapsam\u0131nda bu konudaki fark\u0131ndal\u0131\u011fa dikkati \u00e7ekiyoruz.<\/p>\n<p><strong>E\u011e\u0130T\u0130M-TATB\u0130KAT FAAL\u0130YETLER\u0130 \/ ULUSLARARASI G\u00d6REVLER <\/strong><\/p>\n<p>T\u00fcrk Silahl\u0131 Kuvvetlerimiz, h\u00e2lihaz\u0131rda y\u00fcr\u00fctt\u00fc\u011f\u00fc t\u00fcm operasyonlar\u0131 ve g\u00f6revleri ile e\u015f zamanl\u0131 olarak e\u011fitim ve tatbikat faaliyetlerini de aral\u0131ks\u0131z s\u00fcrd\u00fcrmektedir.<\/p>\n<p>Bu kapsamda;<\/p>\n<p>&#8211; A\u011fr\u0131, Kars, I\u011fd\u0131r ve Tatvan ba\u015fta olmak \u00fczere Do\u011fu ve G\u00fcneydo\u011fu Anadolu b\u00f6lgelerimizde K\u0131\u015f 2024 Tatbikat\u0131 ba\u015far\u0131yla icra edilmektedir.<\/p>\n<p>Birliklerin kar ve \u015fiddetli so\u011fuklarda muharebe imk\u00e2n ve kabiliyetlerini denemek ve e\u011fitim seviyelerini geli\u015ftirmek amac\u0131yla fiil\u00ee at\u0131\u015fl\u0131 ve at\u0131\u015fs\u0131z arazi tatbikat\u0131 olarak icra edilen K\u0131\u015f-2024 Tatbikat\u0131&#8217;na 3&#8217;\u00fcnc\u00fc Ordu Komutanl\u0131\u011f\u0131 Ana Ast ve Ba\u011fl\u0131 Birlik Komutanl\u0131klar\u0131; Kara Kuvvetleri Komutanl\u0131\u011f\u0131nca g\u00f6revlendirilen Komando Birlikleri, Kara Havac\u0131l\u0131k Unsurlar\u0131, S\u0131n\u0131f Okullar\u0131 ile kamu kurum ve kurulu\u015flar\u0131 kat\u0131lmaktad\u0131r.<\/p>\n<p>5 Mart- 5 Nisan tarihleri aras\u0131nda; Seferberlik Tatbikat\u0131, Top\u00e7u ve Komando Karma Birlik E\u011fitimi, At\u0131\u015fs\u0131z Tabur G\u00f6rev Kuvveti Tatbikat\u0131, Hudut G\u00fcvenli\u011finin Sa\u011flanmas\u0131 Tatbikatlar\u0131, At\u0131\u015fl\u0131 Tabur G\u00f6rev Kuvveti Tatbikat\u0131 olmak \u00fczere 5 ana faaliyet ve bunlara ba\u011fl\u0131 \u00f6zel tatbikatlar\u0131n icra edildi\u011fi K\u0131\u015f-2024 Tatbikat\u0131&#8217;n\u0131n Se\u00e7kin G\u00f6zlemci G\u00fcn\u00fc 3 Nisan&#8217;da ger\u00e7ekle\u015ftirilmi\u015ftir.<\/p>\n<p>&#8211; 8-19 Nisan tarihleri aras\u0131nda Fransa&#8217;da, May\u0131n Harek\u00e2t\u0131na y\u00f6nelik e\u011fitimlerin icra edilece\u011fi OLIVES NOIRES-2024 ve,<\/p>\n<p>&#8211; 8-21 Nisan tarihleri aras\u0131nda Romanya ev sahipli\u011finde Bat\u0131 Karadeniz&#8217;de Temel Deniz Harek\u00e2t\u0131na y\u00f6nelik e\u011fitimlerin yap\u0131laca\u011f\u0131 SEA SHEILD-2024 tatbikatlar\u0131na kat\u0131l\u0131m sa\u011flanacakt\u0131r.<\/p>\n<p>Ayr\u0131ca;<\/p>\n<p>&#8211; 15 ve 17 Nisan tarihlerinde hava saham\u0131zda F-16&#8217;lar\u0131m\u0131z e\u015fli\u011finde ABD&#8217;ye ait u\u00e7aklarla havada yak\u0131t ikmali ve M\u00fc\u015fterek Taarruz Kontrol\u00f6r e\u011fitimleri yap\u0131lmas\u0131 planlanmaktad\u0131r.<\/p>\n<p>&#8211; \u0130spanya Deniz Kuvvetlerine ait Galicia ve Reina Sofia gemilerinin, 12-18 Nisan tarihleri aras\u0131nda Antalya&#8217;ya planlanan liman ziyaretleri kapsam\u0131ndaki &#8220;Hava Savunma E\u011fitimi&#8221;ne 4 adet F-16 u\u00e7a\u011f\u0131m\u0131z ile kat\u0131l\u0131m sa\u011flanacakt\u0131r.<\/p>\n<p>NATO Geli\u015ftirilmi\u015f Hava Polisli\u011fi kapsam\u0131nda Romanya&#8217;daki g\u00f6revini 31 Mart&#8217;ta tamamlayan 4 adet F-16 u\u00e7a\u011f\u0131 ve personelimiz 2 Nisan&#8217;da \u00fclkemize d\u00f6nm\u00fc\u015ft\u00fcr.<\/p>\n<p>Bu vesileyle 1952 y\u0131l\u0131ndan bu yana aktif, yap\u0131c\u0131 ve sayg\u0131n bir \u00fcyesi oldu\u011fumuz NATO&#8217;nun 75&#8217;inci kurulu\u015f y\u0131l d\u00f6n\u00fcm\u00fc kutluyoruz.<\/p>\n<p>T\u00fcrkiye; Avrupa-Atlantik co\u011frafyas\u0131nda g\u00fcvenlikle ilgili t\u00fcm meselelerde en \u00f6nemli platform olmay\u0131 s\u00fcrd\u00fcren NATO&#8217;ya, ge\u00e7mi\u015fte oldu\u011fu gibi bug\u00fcn ve gelecekte de \u00f6nemli ve belirleyici katk\u0131larda bulunmaya devam edecektir.<\/p>\n<p>                                                                <img decoding=\"async\" src=\"https:\/\/haberv8.thewpdemo.com\/wp-content\/uploads\/2024\/04\/msb-1-ocaktan-bu-yana-673-terorist-etkisiz-hale-getirildi-0.png\" \/><\/p>\n","protected":false},"excerpt":{"rendered":"<p>\u00d6te yandan, son 6 ayd\u0131r, \u0130srail&#8217;in hukuk tan\u0131mayan sald\u0131r\u0131lar\u0131n\u0131n \u015fiddetini art\u0131rarak devam ettirmesi, yo\u011fun sivil \u00f6l\u00fcmlerine yol a\u00e7mas\u0131, \u00f6zellikle \u00e7ocuklara kar\u015f\u0131 vicdans\u0131zca davran\u0131\u015flar\u0131, Filistin halk\u0131n\u0131 en temel haklar\u0131ndan mahrum b\u0131rakmas\u0131, yard\u0131m kurulu\u015flar\u0131n\u0131 bile vurmas\u0131 Gazze&#8217;deki trajedinin ne kadar vahim boyutlara ta\u015f\u0131nd\u0131\u011f\u0131n\u0131n g\u00f6stergesidir. Ayr\u0131ca, \u00e7at\u0131\u015fmalar\u0131n di\u011fer b\u00f6lge \u00fclkelerine de yans\u0131mas\u0131 kayg\u0131 vericidir. K\u00fcresel bar\u0131\u015fa ve istikrara [&hellip;]<\/p>\n","protected":false},"author":1,"featured_media":1455,"comment_status":"open","ping_status":"closed","sticky":false,"template":"","format":"standard","meta":{"footnotes":""},"categories":[7],"tags":[25],"class_list":["post-1453","post","type-post","status-publish","format-standard","has-post-thumbnail","hentry","category-gundem","tag-gundem"],"_links":{"self":[{"href":"https:\/\/avukatimtv.com\/index.php\/wp-json\/wp\/v2\/posts\/1453","targetHints":{"allow":["GET"]}}],"collection":[{"href":"https:\/\/avukatimtv.com\/index.php\/wp-json\/wp\/v2\/posts"}],"about":[{"href":"https:\/\/avukatimtv.com\/index.php\/wp-json\/wp\/v2\/types\/post"}],"author":[{"embeddable":true,"href":"https:\/\/avukatimtv.com\/index.php\/wp-json\/wp\/v2\/users\/1"}],"replies":[{"embeddable":true,"href":"https:\/\/avukatimtv.com\/index.php\/wp-json\/wp\/v2\/comments?post=1453"}],"version-history":[{"count":0,"href":"https:\/\/avukatimtv.com\/index.php\/wp-json\/wp\/v2\/posts\/1453\/revisions"}],"wp:featuredmedia":[{"embeddable":true,"href":"https:\/\/avukatimtv.com\/index.php\/wp-json\/wp\/v2\/media\/1455"}],"wp:attachment":[{"href":"https:\/\/avukatimtv.com\/index.php\/wp-json\/wp\/v2\/media?parent=1453"}],"wp:term":[{"taxonomy":"category","embeddable":true,"href":"https:\/\/avukatimtv.com\/index.php\/wp-json\/wp\/v2\/categories?post=1453"},{"taxonomy":"post_tag","embeddable":true,"href":"https:\/\/avukatimtv.com\/index.php\/wp-json\/wp\/v2\/tags?post=1453"}],"curies":[{"name":"wp","href":"https:\/\/api.w.org\/{rel}","templated":true}]}}