{"id":1459,"date":"2024-04-06T16:51:52","date_gmt":"2024-04-06T13:51:52","guid":{"rendered":"https:\/\/haberv8.thewpdemo.com\/cift-oy-kullanan-muhtarin-kazandigi-secim-iptal\/-1459.html"},"modified":"2024-04-06T16:51:52","modified_gmt":"2024-04-06T13:51:52","slug":"cift-oy-kullanan-muhtarin-kazandigi-secim-iptal","status":"publish","type":"post","link":"https:\/\/avukatimtv.com\/index.php\/2024\/04\/06\/cift-oy-kullanan-muhtarin-kazandigi-secim-iptal\/","title":{"rendered":"\u00c7ift oy kullanan muhtar\u0131n kazand\u0131\u011f\u0131 se\u00e7im iptal"},"content":{"rendered":"<p><\/p>\n<p>31 Mart 2004 Mahalli \u0130dareler Genel Se\u00e7imleri&#8217;nde \u00c7e\u015fneli Mahallesinde 3 aday muhtar olabilmek i\u00e7in yar\u0131\u015ft\u0131. Sand\u0131klar\u0131n a\u00e7\u0131lmas\u0131n\u0131n ard\u0131ndan Cavit Kaya, 128 oy alarak se\u00e7imi kazand\u0131. Di\u011fer adaylardan Ali Avc\u0131 127, Mehmet Akbulut ise 116 oy ald\u0131.<\/p>\n<p>Se\u00e7im sonu\u00e7lar\u0131n\u0131n \u0130l\u00e7e Se\u00e7im Kurulu&#8217;na teslim edilmesinin ard\u0131ndan, bir oyla se\u00e7imi kaybeden Ali Avc\u0131, muhtar aday\u0131 Cavit Kaya&#8217;n\u0131n iki ayr\u0131 sand\u0131kta oy kulland\u0131\u011f\u0131 ve bunun tutanakla kay\u0131t alt\u0131na al\u0131nd\u0131\u011f\u0131 iddias\u0131yla se\u00e7im sonu\u00e7lar\u0131na itiraz etti.<\/p>\n<p>\u0130l\u00e7e Se\u00e7im Kurulu, de\u011ferlendirme sonucunda itiraz\u0131 yerinde bularak se\u00e7imi iptal etti. \u0130ptal edilen se\u00e7im, 2 Haziran Pazar g\u00fcn\u00fc tekrar yap\u0131lacak.<\/p>\n","protected":false},"excerpt":{"rendered":"<p>31 Mart 2004 Mahalli \u0130dareler Genel Se\u00e7imleri&#8217;nde \u00c7e\u015fneli Mahallesinde 3 aday muhtar olabilmek i\u00e7in yar\u0131\u015ft\u0131. Sand\u0131klar\u0131n a\u00e7\u0131lmas\u0131n\u0131n ard\u0131ndan Cavit Kaya, 128 oy alarak se\u00e7imi kazand\u0131. Di\u011fer adaylardan Ali Avc\u0131 127, Mehmet Akbulut ise 116 oy ald\u0131. Se\u00e7im sonu\u00e7lar\u0131n\u0131n \u0130l\u00e7e Se\u00e7im Kurulu&#8217;na teslim edilmesinin ard\u0131ndan, bir oyla se\u00e7imi kaybeden Ali Avc\u0131, muhtar aday\u0131 Cavit Kaya&#8217;n\u0131n iki [&hellip;]<\/p>\n","protected":false},"author":1,"featured_media":1461,"comment_status":"open","ping_status":"closed","sticky":false,"template":"","format":"standard","meta":{"footnotes":""},"categories":[7],"tags":[25],"class_list":["post-1459","post","type-post","status-publish","format-standard","has-post-thumbnail","hentry","category-gundem","tag-gundem"],"_links":{"self":[{"href":"https:\/\/avukatimtv.com\/index.php\/wp-json\/wp\/v2\/posts\/1459","targetHints":{"allow":["GET"]}}],"collection":[{"href":"https:\/\/avukatimtv.com\/index.php\/wp-json\/wp\/v2\/posts"}],"about":[{"href":"https:\/\/avukatimtv.com\/index.php\/wp-json\/wp\/v2\/types\/post"}],"author":[{"embeddable":true,"href":"https:\/\/avukatimtv.com\/index.php\/wp-json\/wp\/v2\/users\/1"}],"replies":[{"embeddable":true,"href":"https:\/\/avukatimtv.com\/index.php\/wp-json\/wp\/v2\/comments?post=1459"}],"version-history":[{"count":0,"href":"https:\/\/avukatimtv.com\/index.php\/wp-json\/wp\/v2\/posts\/1459\/revisions"}],"wp:featuredmedia":[{"embeddable":true,"href":"https:\/\/avukatimtv.com\/index.php\/wp-json\/wp\/v2\/media\/1461"}],"wp:attachment":[{"href":"https:\/\/avukatimtv.com\/index.php\/wp-json\/wp\/v2\/media?parent=1459"}],"wp:term":[{"taxonomy":"category","embeddable":true,"href":"https:\/\/avukatimtv.com\/index.php\/wp-json\/wp\/v2\/categories?post=1459"},{"taxonomy":"post_tag","embeddable":true,"href":"https:\/\/avukatimtv.com\/index.php\/wp-json\/wp\/v2\/tags?post=1459"}],"curies":[{"name":"wp","href":"https:\/\/api.w.org\/{rel}","templated":true}]}}