{"id":1462,"date":"2024-04-06T16:51:56","date_gmt":"2024-04-06T13:51:56","guid":{"rendered":"https:\/\/haberv8.thewpdemo.com\/yok-boyle-vefa-efsane-valinin-iyiligini-unutmayan-ogretmenden-yaziciogluna-vefa\/-1462.html"},"modified":"2024-04-06T16:51:56","modified_gmt":"2024-04-06T13:51:56","slug":"yok-boyle-vefa-efsane-valinin-iyiligini-unutmayan-ogretmenden-yaziciogluna-vefa","status":"publish","type":"post","link":"https:\/\/avukatimtv.com\/index.php\/2024\/04\/06\/yok-boyle-vefa-efsane-valinin-iyiligini-unutmayan-ogretmenden-yaziciogluna-vefa\/","title":{"rendered":"Yok b\u00f6yle vefa! Efsane Vali&#8217;nin iyili\u011fini unutmayan \u00f6\u011fretmenden Yaz\u0131c\u0131o\u011flu&#8217;na vefa!"},"content":{"rendered":"<p><\/p>\n<p>1984-1989 y\u0131llar\u0131 aras\u0131nda Tokat Valisi olarak g\u00f6rev yapan merhum Vali Recep Yaz\u0131c\u0131o\u011flu&#8217;yla o d\u00f6nem yak\u0131ndan tan\u0131\u015fma imkan\u0131 bulan 76 ya\u015f\u0131ndaki emekli \u00f6\u011fretmen Z\u00f6hre Mutlu, o d\u00f6nem Turhal&#8217;da \u00f6\u011fretmenlik yapt\u0131\u011f\u0131 d\u00f6nemde kendisine yapt\u0131\u011f\u0131 iyili\u011fi unutamad\u0131\u011f\u0131 Efsane Vali Recep Yaz\u0131c\u0131o\u011flu&#8217;nun o y\u0131llarda ilkokul \u00e7a\u011f\u0131nda olan o\u011flu Mehmet Kemal Yaz\u0131c\u0131o\u011flu&#8217;nu makam\u0131 devrald\u0131\u011f\u0131 anlarda yaln\u0131z b\u0131rakmad\u0131.<\/p>\n<p>Turhal Meslek Lisesi&#8217;nde 1990&#8217;l\u0131 y\u0131llarda meslek dersi Nak\u0131\u015f \u00d6\u011fretmenli\u011fi olarak B\u00f6l\u00fcm \u015eefli\u011fi yapan 76 ya\u015f\u0131ndaki emekli \u00f6\u011fretmen Z\u00f6hre Mutlu, o d\u00f6nem ikamet etti\u011fi Tokat&#8217;tan g\u00f6rev okulu Turhal&#8217;a gidi\u015f geli\u015f yapmak zorunda kald\u0131\u011f\u0131n\u0131, bu y\u00fczden kendisine izin verilmedi\u011fini \u00e7are olarak d\u00f6nemin valisi Efsane Recep Yaz\u0131c\u0131o\u011flu&#8217;nun yan\u0131na giderek yard\u0131m istedi\u011fini anlatt\u0131.<\/p>\n<p><strong>SEV\u0130N\u00c7TEN BA\u015eKAN YAZICIO\u011eLU&#8217;NUN YANINA KO\u015eTU<\/strong><\/p>\n<p>Bug\u00fcn ger\u00e7ekle\u015fen devir teslim t\u00f6reninde Tokat Belediye Ba\u015fkanl\u0131k makam\u0131n\u0131 mazbatas\u0131n\u0131 alarak resmen devralan Mehmet Kemal Yaz\u0131c\u0131o\u011flu&#8217;nu anlaml\u0131 g\u00fcn\u00fcnde yaln\u0131z b\u0131rakmayan Mutlu, Kemal Yaz\u0131c\u0131o\u011flunu tebrik etti. Z\u00f6hre Mutlu, ya\u015fad\u0131klar\u0131n\u0131 ve ziyaretinin amac\u0131n\u0131 ise \u015f\u00f6yle anlatt\u0131: &#8220;Meslek dersi nak\u0131\u015f \u00f6\u011fretmeniyim. Turhal K\u0131z Meslek Lisesi&#8217;nde. B\u00f6l\u00fcm \u015fefiydim. Orada 20 y\u0131l \u00e7al\u0131\u015ft\u0131m. Gidi\u015f geli\u015f yapt\u0131m Tokat&#8217;tan her g\u00fcn Turhal&#8217;a. \u0130zin vermediler. Vali Bey&#8217;e \u00e7\u0131kt\u0131m. Dedi ki istedi\u011fi saatte gidip gelebilir. \u00d6zel durumu var dedi. Babas\u0131 da \u00f6\u011fretmen dedi. \u00d6\u011fretmen k\u00f6kenli \u00e7ocuk dedi. Her zaman yan\u0131mdayd\u0131. \u0130ki de bir sorard\u0131. Hocam nas\u0131ls\u0131n? Okula geldi\u011finde \u00f6nce benim at\u00f6lyeme u\u011frard\u0131. \u00c7ok sevdi\u011fimiz bir yani ki\u015fiydi.<\/p>\n<p>Toplant\u0131lar\u0131m\u0131zda, defilelerimizde, yemeklerimizde, \u00f6\u011fretmenler g\u00fcn\u00fcm\u00fczde her \u015feyde yan\u0131m\u0131zdayd\u0131. Anlatabildim mi yavrum? \u00d6l\u00fcnce de d\u00fcnya bana y\u0131k\u0131ld\u0131. Annem babam \u00f6ld\u00fc\u011f\u00fc kadar \u00e7ok \u00fcz\u00fcld\u00fcm. Bu \u00e7ocuk (Mehmet Kemal Yaz\u0131c\u0131o\u011flu) buraya gelince de bayram ettim. Bayram ettim. O gece hi\u00e7 uyumad\u0131m. Kimlerden haber alay\u0131m? Kimden haber alay\u0131m? Ben burada hemen yak\u0131nda oturuyorum. Belediyede k\u0131yamet kop\u0131nca gece geldim buraya da geldim&#8221; dedi.<\/p>\n<p>Devir teslim t\u00f6renini duyar duymaz kalabal\u0131\u011fa ra\u011fmen Belediye Ba\u015fkanl\u0131\u011f\u0131 makam\u0131na gelerek Yaz\u0131c\u0131o\u011flu&#8217;nu makam\u0131nda ziyaret eden Z\u00f6hre Mutlu, &#8220;Allah sa\u011fl\u0131k, s\u0131hhat \u00f6m\u00fcr versin. Arkas\u0131nday\u0131z&#8221; ifadelerini kulland\u0131.<\/p>\n","protected":false},"excerpt":{"rendered":"<p>1984-1989 y\u0131llar\u0131 aras\u0131nda Tokat Valisi olarak g\u00f6rev yapan merhum Vali Recep Yaz\u0131c\u0131o\u011flu&#8217;yla o d\u00f6nem yak\u0131ndan tan\u0131\u015fma imkan\u0131 bulan 76 ya\u015f\u0131ndaki emekli \u00f6\u011fretmen Z\u00f6hre Mutlu, o d\u00f6nem Turhal&#8217;da \u00f6\u011fretmenlik yapt\u0131\u011f\u0131 d\u00f6nemde kendisine yapt\u0131\u011f\u0131 iyili\u011fi unutamad\u0131\u011f\u0131 Efsane Vali Recep Yaz\u0131c\u0131o\u011flu&#8217;nun o y\u0131llarda ilkokul \u00e7a\u011f\u0131nda olan o\u011flu Mehmet Kemal Yaz\u0131c\u0131o\u011flu&#8217;nu makam\u0131 devrald\u0131\u011f\u0131 anlarda yaln\u0131z b\u0131rakmad\u0131. Turhal Meslek Lisesi&#8217;nde [&hellip;]<\/p>\n","protected":false},"author":1,"featured_media":1464,"comment_status":"open","ping_status":"closed","sticky":false,"template":"","format":"standard","meta":{"footnotes":""},"categories":[7],"tags":[25],"class_list":["post-1462","post","type-post","status-publish","format-standard","has-post-thumbnail","hentry","category-gundem","tag-gundem"],"_links":{"self":[{"href":"https:\/\/avukatimtv.com\/index.php\/wp-json\/wp\/v2\/posts\/1462","targetHints":{"allow":["GET"]}}],"collection":[{"href":"https:\/\/avukatimtv.com\/index.php\/wp-json\/wp\/v2\/posts"}],"about":[{"href":"https:\/\/avukatimtv.com\/index.php\/wp-json\/wp\/v2\/types\/post"}],"author":[{"embeddable":true,"href":"https:\/\/avukatimtv.com\/index.php\/wp-json\/wp\/v2\/users\/1"}],"replies":[{"embeddable":true,"href":"https:\/\/avukatimtv.com\/index.php\/wp-json\/wp\/v2\/comments?post=1462"}],"version-history":[{"count":0,"href":"https:\/\/avukatimtv.com\/index.php\/wp-json\/wp\/v2\/posts\/1462\/revisions"}],"wp:featuredmedia":[{"embeddable":true,"href":"https:\/\/avukatimtv.com\/index.php\/wp-json\/wp\/v2\/media\/1464"}],"wp:attachment":[{"href":"https:\/\/avukatimtv.com\/index.php\/wp-json\/wp\/v2\/media?parent=1462"}],"wp:term":[{"taxonomy":"category","embeddable":true,"href":"https:\/\/avukatimtv.com\/index.php\/wp-json\/wp\/v2\/categories?post=1462"},{"taxonomy":"post_tag","embeddable":true,"href":"https:\/\/avukatimtv.com\/index.php\/wp-json\/wp\/v2\/tags?post=1462"}],"curies":[{"name":"wp","href":"https:\/\/api.w.org\/{rel}","templated":true}]}}