{"id":1465,"date":"2024-04-06T16:51:59","date_gmt":"2024-04-06T13:51:59","guid":{"rendered":"https:\/\/haberv8.thewpdemo.com\/yargitay-birinci-baskanligi-secimlerine-bayram-arasi\/-1465.html"},"modified":"2024-04-06T16:51:59","modified_gmt":"2024-04-06T13:51:59","slug":"yargitay-birinci-baskanligi-secimlerine-bayram-arasi","status":"publish","type":"post","link":"https:\/\/avukatimtv.com\/index.php\/2024\/04\/06\/yargitay-birinci-baskanligi-secimlerine-bayram-arasi\/","title":{"rendered":"Yarg\u0131tay Birinci Ba\u015fkanl\u0131\u011f\u0131 se\u00e7imlerine bayram aras\u0131"},"content":{"rendered":"<p><\/p>\n<p>Yarg\u0131tay Birinci Ba\u015fkan\u0131 Mehmet Akarca&#8217;n\u0131n 24 Mart 2024 tarihinde g\u00f6rev s\u00fcresinin dolmas\u0131 sebebiyle 25 Mart&#8217;ta ba\u015flayan se\u00e7imlerde 15&#8217;inci tur oylama geride kald\u0131. Adaylar \u00fcye tam say\u0131s\u0131n\u0131n salt \u00e7o\u011funlu\u011funu sa\u011flayamad\u0131\u011f\u0131 i\u00e7in Yarg\u0131tay Birinci Ba\u015fkan\u0131 15&#8217;inci tur oylamada da belirlenemedi. <\/p>\n<p><strong>GE\u00c7ERS\u0130Z OY SAYISI 70<\/strong><\/p>\n<p>Yarg\u0131tay Birinci Ba\u015fkanl\u0131\u011f\u0131 i\u00e7in se\u00e7imlerin 15&#8217;inci tur oylamas\u0131nda Yarg\u0131tay 3. Ceza Dairesi Ba\u015fkan\u0131 Muhsin \u015eent\u00fcrk ile Yarg\u0131tay 3. Hukuk Dairesi Ba\u015fkan\u0131 \u00d6mer Kerkez yar\u0131\u015ft\u0131. 15&#8217;inci tur oylamada; \u015eent\u00fcrk 123, Kerkez 105 oy ald\u0131. Oylamaya 319 \u00fcye kat\u0131l\u0131rken, 21 oy bo\u015f, 70 oy da ge\u00e7ersiz say\u0131ld\u0131. Se\u00e7imlerde 16&#8217;\u0131nc\u0131 tur oylama Ramazan Bayram\u0131 sonras\u0131nda yap\u0131lacak. Yarg\u0131tay Birinci Ba\u015fkanl\u0131\u011f\u0131na aday olan isimlerin ba\u015fkan se\u00e7ilebilmeleri i\u00e7in 348 \u00fcyenin 175&#8217;inin oyunu almas\u0131 gerekiyor.<\/p>\n","protected":false},"excerpt":{"rendered":"<p>Yarg\u0131tay Birinci Ba\u015fkan\u0131 Mehmet Akarca&#8217;n\u0131n 24 Mart 2024 tarihinde g\u00f6rev s\u00fcresinin dolmas\u0131 sebebiyle 25 Mart&#8217;ta ba\u015flayan se\u00e7imlerde 15&#8217;inci tur oylama geride kald\u0131. Adaylar \u00fcye tam say\u0131s\u0131n\u0131n salt \u00e7o\u011funlu\u011funu sa\u011flayamad\u0131\u011f\u0131 i\u00e7in Yarg\u0131tay Birinci Ba\u015fkan\u0131 15&#8217;inci tur oylamada da belirlenemedi. GE\u00c7ERS\u0130Z OY SAYISI 70 Yarg\u0131tay Birinci Ba\u015fkanl\u0131\u011f\u0131 i\u00e7in se\u00e7imlerin 15&#8217;inci tur oylamas\u0131nda Yarg\u0131tay 3. Ceza Dairesi Ba\u015fkan\u0131 [&hellip;]<\/p>\n","protected":false},"author":1,"featured_media":1467,"comment_status":"open","ping_status":"closed","sticky":false,"template":"","format":"standard","meta":{"footnotes":""},"categories":[7],"tags":[25],"class_list":["post-1465","post","type-post","status-publish","format-standard","has-post-thumbnail","hentry","category-gundem","tag-gundem"],"_links":{"self":[{"href":"https:\/\/avukatimtv.com\/index.php\/wp-json\/wp\/v2\/posts\/1465","targetHints":{"allow":["GET"]}}],"collection":[{"href":"https:\/\/avukatimtv.com\/index.php\/wp-json\/wp\/v2\/posts"}],"about":[{"href":"https:\/\/avukatimtv.com\/index.php\/wp-json\/wp\/v2\/types\/post"}],"author":[{"embeddable":true,"href":"https:\/\/avukatimtv.com\/index.php\/wp-json\/wp\/v2\/users\/1"}],"replies":[{"embeddable":true,"href":"https:\/\/avukatimtv.com\/index.php\/wp-json\/wp\/v2\/comments?post=1465"}],"version-history":[{"count":0,"href":"https:\/\/avukatimtv.com\/index.php\/wp-json\/wp\/v2\/posts\/1465\/revisions"}],"wp:featuredmedia":[{"embeddable":true,"href":"https:\/\/avukatimtv.com\/index.php\/wp-json\/wp\/v2\/media\/1467"}],"wp:attachment":[{"href":"https:\/\/avukatimtv.com\/index.php\/wp-json\/wp\/v2\/media?parent=1465"}],"wp:term":[{"taxonomy":"category","embeddable":true,"href":"https:\/\/avukatimtv.com\/index.php\/wp-json\/wp\/v2\/categories?post=1465"},{"taxonomy":"post_tag","embeddable":true,"href":"https:\/\/avukatimtv.com\/index.php\/wp-json\/wp\/v2\/tags?post=1465"}],"curies":[{"name":"wp","href":"https:\/\/api.w.org\/{rel}","templated":true}]}}