{"id":1468,"date":"2024-04-06T16:52:26","date_gmt":"2024-04-06T13:52:26","guid":{"rendered":"https:\/\/haberv8.thewpdemo.com\/bakan-fidan-nato-disisleri-bakanlari-toplantisina-katilacak\/-1468.html"},"modified":"2024-04-06T16:52:26","modified_gmt":"2024-04-06T13:52:26","slug":"bakan-fidan-nato-disisleri-bakanlari-toplantisina-katilacak","status":"publish","type":"post","link":"https:\/\/avukatimtv.com\/index.php\/2024\/04\/06\/bakan-fidan-nato-disisleri-bakanlari-toplantisina-katilacak\/","title":{"rendered":"Bakan Fidan, NATO D\u0131\u015fi\u015fleri Bakanlar\u0131 toplant\u0131s\u0131na kat\u0131lacak"},"content":{"rendered":"<p><\/p>\n<p>Diplomatik kaynaklardan edinilen bilgilere g\u00f6re, D\u0131\u015fi\u015fleri Bakan\u0131 Hakan Fidan, NATO D\u0131\u015fi\u015fleri Bakanlar\u0131 Toplant\u0131s\u0131na kat\u0131lmak \u00fczere saat 18.10&#8217;da Ankara&#8217;dan Br\u00fcksel&#8217;e hareket etti.<\/p>\n<p>Bakan Fidan, yar\u0131n NATO Karargah\u0131nda d\u00fczenlenecek olan D\u0131\u015fi\u015fleri Bakanlar\u0131 Toplant\u0131s\u0131na i\u015ftirak edecek.<\/p>\n<p>D\u0131\u015fi\u015fleri Bakan\u0131 Fidan&#8217;\u0131n Per\u015fembe g\u00fcn\u00fc de s\u00fcrecek olan toplant\u0131 vesilesiyle mevkida\u015flar\u0131yla ikili temaslarda da bulunmas\u0131 bekleniyor.\n <\/p>\n","protected":false},"excerpt":{"rendered":"<p>Diplomatik kaynaklardan edinilen bilgilere g\u00f6re, D\u0131\u015fi\u015fleri Bakan\u0131 Hakan Fidan, NATO D\u0131\u015fi\u015fleri Bakanlar\u0131 Toplant\u0131s\u0131na kat\u0131lmak \u00fczere saat 18.10&#8217;da Ankara&#8217;dan Br\u00fcksel&#8217;e hareket etti. Bakan Fidan, yar\u0131n NATO Karargah\u0131nda d\u00fczenlenecek olan D\u0131\u015fi\u015fleri Bakanlar\u0131 Toplant\u0131s\u0131na i\u015ftirak edecek. D\u0131\u015fi\u015fleri Bakan\u0131 Fidan&#8217;\u0131n Per\u015fembe g\u00fcn\u00fc de s\u00fcrecek olan toplant\u0131 vesilesiyle mevkida\u015flar\u0131yla ikili temaslarda da bulunmas\u0131 bekleniyor.<\/p>\n","protected":false},"author":1,"featured_media":1470,"comment_status":"open","ping_status":"closed","sticky":false,"template":"","format":"standard","meta":{"footnotes":""},"categories":[7],"tags":[25],"class_list":["post-1468","post","type-post","status-publish","format-standard","has-post-thumbnail","hentry","category-gundem","tag-gundem"],"_links":{"self":[{"href":"https:\/\/avukatimtv.com\/index.php\/wp-json\/wp\/v2\/posts\/1468","targetHints":{"allow":["GET"]}}],"collection":[{"href":"https:\/\/avukatimtv.com\/index.php\/wp-json\/wp\/v2\/posts"}],"about":[{"href":"https:\/\/avukatimtv.com\/index.php\/wp-json\/wp\/v2\/types\/post"}],"author":[{"embeddable":true,"href":"https:\/\/avukatimtv.com\/index.php\/wp-json\/wp\/v2\/users\/1"}],"replies":[{"embeddable":true,"href":"https:\/\/avukatimtv.com\/index.php\/wp-json\/wp\/v2\/comments?post=1468"}],"version-history":[{"count":0,"href":"https:\/\/avukatimtv.com\/index.php\/wp-json\/wp\/v2\/posts\/1468\/revisions"}],"wp:featuredmedia":[{"embeddable":true,"href":"https:\/\/avukatimtv.com\/index.php\/wp-json\/wp\/v2\/media\/1470"}],"wp:attachment":[{"href":"https:\/\/avukatimtv.com\/index.php\/wp-json\/wp\/v2\/media?parent=1468"}],"wp:term":[{"taxonomy":"category","embeddable":true,"href":"https:\/\/avukatimtv.com\/index.php\/wp-json\/wp\/v2\/categories?post=1468"},{"taxonomy":"post_tag","embeddable":true,"href":"https:\/\/avukatimtv.com\/index.php\/wp-json\/wp\/v2\/tags?post=1468"}],"curies":[{"name":"wp","href":"https:\/\/api.w.org\/{rel}","templated":true}]}}