{"id":1471,"date":"2024-04-06T16:52:29","date_gmt":"2024-04-06T13:52:29","guid":{"rendered":"https:\/\/haberv8.thewpdemo.com\/resmi-gazetede-yayimlandi-icisleri-bakanligi-bin-608-personel-alacak\/-1471.html"},"modified":"2024-04-06T16:52:29","modified_gmt":"2024-04-06T13:52:29","slug":"resmi-gazetede-yayimlandi-icisleri-bakanligi-bin-608-personel-alacak","status":"publish","type":"post","link":"https:\/\/avukatimtv.com\/index.php\/2024\/04\/06\/resmi-gazetede-yayimlandi-icisleri-bakanligi-bin-608-personel-alacak\/","title":{"rendered":"Resmi Gazete&#8217;de yay\u0131mland\u0131: \u0130\u00e7i\u015fleri Bakanl\u0131\u011f\u0131 bin 608 personel alacak"},"content":{"rendered":"<p><\/p>\n<p>\u0130\u00e7i\u015fleri Bakanl\u0131\u011f\u0131&#8217;na b\u00fcro personeli, m\u00fchendis, avukat, teknisyen, destek personeli, teknikeri mimari ar\u015fiv uzman\u0131, \u00e7a\u011fr\u0131 kar\u015f\u0131lama personeli, programc\u0131 \u00fcnvanlar\u0131nda s\u00f6zle\u015fmeli personel al\u0131m\u0131na ili\u015fkin karar Resmi Gazete&#8217;de yay\u0131mland\u0131.<\/p>\n<p>Resmi Gazete yay\u0131mlanan duyuruda, &#8220;657 say\u0131l\u0131 Devlet Memurlar\u0131 Kanunu&#8217;nun 4 \u00fcnc\u00fc maddesinin (B) fikras\u0131na g\u00f6re 06\/06\/1978 tarihli ve 7\/15754 say\u0131l\u0131 Bakanlar Kurulu Karar\u0131 ile y\u00fcr\u00fcrl\u00fc\u011fe konulan S\u00f6zle\u015fmeli Personel \u00c7al\u0131\u015ft\u0131r\u0131lmas\u0131na \u0130li\u015fkin Esaslar ile Ek ve De\u011fi\u015fiklikleri \u00e7er\u00e7evesinde; Bakanl\u0131\u011f\u0131m\u0131z merkez ve ta\u015fra te\u015fkilat\u0131 emrinde istihdam edilmek \u00fczere a\u015fa\u011f\u0131daki Ek-1\/a ve Ek-l\/b say\u0131l\u0131 tablolarda adedi ve pozisyon \u00fcnvan\u0131 belirtilen toplam 1608 bo\u015f pozisyon \u00fcnvanlar\u0131 i\u00e7in personel al\u0131m\u0131 yap\u0131lacakt\u0131r. \u00d6SYM taraf\u0131ndan 2022 y\u0131l\u0131nda yap\u0131lan Kamu Personel Se\u00e7me S\u0131nav\u0131 (B) Grubundan; lisans mezunlar\u0131 i\u00e7in KPSSP3, \u00f6n lisans mezunlar\u0131 i\u00e7in KPSSP93 ve lise mezunlar\u0131 i\u00e7in KPSSP94 puan t\u00fcr\u00fcnden en az 60 ve \u00fczerinde KPSS puan\u0131 alm\u0131\u015f olmak kayd\u0131yla, adaylar\u0131n tercih s\u0131ralamas\u0131na g\u00f6re ilan edilen pozisyon say\u0131s\u0131n\u0131n en fazla 4 kat\u0131 aday de\u011ferlendirilmeye al\u0131nacakt\u0131r&#8221; ifadeleri yer ald\u0131.<\/p>\n","protected":false},"excerpt":{"rendered":"<p>\u0130\u00e7i\u015fleri Bakanl\u0131\u011f\u0131&#8217;na b\u00fcro personeli, m\u00fchendis, avukat, teknisyen, destek personeli, teknikeri mimari ar\u015fiv uzman\u0131, \u00e7a\u011fr\u0131 kar\u015f\u0131lama personeli, programc\u0131 \u00fcnvanlar\u0131nda s\u00f6zle\u015fmeli personel al\u0131m\u0131na ili\u015fkin karar Resmi Gazete&#8217;de yay\u0131mland\u0131. Resmi Gazete yay\u0131mlanan duyuruda, &#8220;657 say\u0131l\u0131 Devlet Memurlar\u0131 Kanunu&#8217;nun 4 \u00fcnc\u00fc maddesinin (B) fikras\u0131na g\u00f6re 06\/06\/1978 tarihli ve 7\/15754 say\u0131l\u0131 Bakanlar Kurulu Karar\u0131 ile y\u00fcr\u00fcrl\u00fc\u011fe konulan S\u00f6zle\u015fmeli Personel \u00c7al\u0131\u015ft\u0131r\u0131lmas\u0131na [&hellip;]<\/p>\n","protected":false},"author":1,"featured_media":1473,"comment_status":"open","ping_status":"closed","sticky":false,"template":"","format":"standard","meta":{"footnotes":""},"categories":[7],"tags":[25],"class_list":["post-1471","post","type-post","status-publish","format-standard","has-post-thumbnail","hentry","category-gundem","tag-gundem"],"_links":{"self":[{"href":"https:\/\/avukatimtv.com\/index.php\/wp-json\/wp\/v2\/posts\/1471","targetHints":{"allow":["GET"]}}],"collection":[{"href":"https:\/\/avukatimtv.com\/index.php\/wp-json\/wp\/v2\/posts"}],"about":[{"href":"https:\/\/avukatimtv.com\/index.php\/wp-json\/wp\/v2\/types\/post"}],"author":[{"embeddable":true,"href":"https:\/\/avukatimtv.com\/index.php\/wp-json\/wp\/v2\/users\/1"}],"replies":[{"embeddable":true,"href":"https:\/\/avukatimtv.com\/index.php\/wp-json\/wp\/v2\/comments?post=1471"}],"version-history":[{"count":0,"href":"https:\/\/avukatimtv.com\/index.php\/wp-json\/wp\/v2\/posts\/1471\/revisions"}],"wp:featuredmedia":[{"embeddable":true,"href":"https:\/\/avukatimtv.com\/index.php\/wp-json\/wp\/v2\/media\/1473"}],"wp:attachment":[{"href":"https:\/\/avukatimtv.com\/index.php\/wp-json\/wp\/v2\/media?parent=1471"}],"wp:term":[{"taxonomy":"category","embeddable":true,"href":"https:\/\/avukatimtv.com\/index.php\/wp-json\/wp\/v2\/categories?post=1471"},{"taxonomy":"post_tag","embeddable":true,"href":"https:\/\/avukatimtv.com\/index.php\/wp-json\/wp\/v2\/tags?post=1471"}],"curies":[{"name":"wp","href":"https:\/\/api.w.org\/{rel}","templated":true}]}}