{"id":1474,"date":"2024-04-06T16:53:10","date_gmt":"2024-04-06T13:53:10","guid":{"rendered":"https:\/\/haberv8.thewpdemo.com\/anitkabirde-imamogluna-mudahale\/-1474.html"},"modified":"2024-04-06T16:53:10","modified_gmt":"2024-04-06T13:53:10","slug":"anitkabirde-imamogluna-mudahale","status":"publish","type":"post","link":"https:\/\/avukatimtv.com\/index.php\/2024\/04\/06\/anitkabirde-imamogluna-mudahale\/","title":{"rendered":"An\u0131tkabir&#8217;de \u0130mamo\u011flu&#8217;na m\u00fcdahale"},"content":{"rendered":"<p>\u0130stanbul B\u00fcy\u00fck\u015fehir Belediye Ba\u015fkan\u0131 Ekrem \u0130mamo\u011flu, \u0130stanbul&#8217;daki 26 CHP&#8217;li il\u00e7e belediye ba\u015fkan\u0131 ile birlikte Ata&#8217;n\u0131n huzurunda.<\/p>\n<p><strong>FOTO\u011eRAFLAR: YAVUZ ALATAN\u00a0<\/strong><\/p>\n<p>\u0130mamo\u011flu ve ba\u015fkanlar 31 Mart&#8217;ta se\u00e7ilmelerinin ard\u0131ndan An\u0131tkabir&#8217;i ziyaret etti. \u0130mamo\u011flu&#8217;na e\u015fi Dilek \u0130mamo\u011flu da e\u015flik etti. Ziyarette CHP \u0130stanbul \u0130l Ba\u015fkan\u0131 \u00d6zg\u00fcr \u00c7elik de yer ald\u0131.\u00a0\u00a0<\/p>\n<p><strong>&#8220;\u0130Z\u0130N ALMANIZ GEREK\u0130YOR&#8221; UYARILARI\u00a0<\/strong><\/p>\n<p>\u0130mamo\u011flu, e\u015fi ve CHP&#8217;li ba\u015fkanlarla Aslanl\u0131 Yol&#8217;dan An\u0131tkabir&#8217;e do\u011fru y\u00fcr\u00fcd\u00fc\u011f\u00fc s\u0131rada, kendisini \u00e7eken kameraya k\u0131sa bir a\u00e7\u0131klama yapmak istedi. K\u0131s\u0131k sesle konu\u015farak Ata&#8217;n\u0131n huzuruna \u00e7\u0131kt\u0131klar\u0131n\u0131 ifade eden \u0130mamo\u011flu&#8217;na o s\u0131rada bir g\u00f6revli taraf\u0131ndan m\u00fcdahale edildi.\u00a0<\/p>\n<p>G\u00f6revlilerin &#8220;Bunun i\u00e7in izin al\u0131nmas\u0131 gerekiyor&#8221; diyerek araya girmesiyle \u0130mamo\u011flu ve beraberindekiler duraksad\u0131. Daha sonra konu\u015fmas\u0131n\u0131 yar\u0131da kesen \u0130mamo\u011flu, konu\u015fma i\u00e7in izin al\u0131nmas\u0131 gerekti\u011fi y\u00f6n\u00fcndeki uyar\u0131lar\u0131n ard\u0131ndan &#8220;Tamam peki, tamam&#8221; diyerek y\u00fcr\u00fcy\u00fc\u015f\u00fcne devam etti.<\/p>\n<p>\u0130mamo\u011flu, son olarak &#8220;\u0130n\u015fallah lay\u0131k\u0131yla g\u00f6revimiz hep birlikte yapaca\u011f\u0131z, geleneksel ziyaretimizi birlikte yap\u0131yoruz&#8221; ifadelerini kulland\u0131.\u00a0<\/p>\n<p><strong>ASKERLERDEN \u00c7IKI\u015eTA DA BENZER UYARI\u00a0<\/strong><\/p>\n<p>\u0130mamo\u011flu, \u00e7\u0131k\u0131\u015fta da benzer bir m\u00fcdahaleyle kar\u015f\u0131 kar\u015f\u0131ya kald\u0131. Bas\u0131n mensuplar\u0131n\u0131n y\u00f6neltti\u011fi sorulara cevap veren \u0130mamo\u011flu, \u201cB\u00fcy\u00fck bir onur ve gururla buraday\u0131z. T\u00fcrkiye\u2019nin en b\u00fcy\u00fck \u015fehri \u0130stanbulumuzu&#8230;\u201d ifadelerini kullan\u0131rken askerler taraf\u0131ndan tekrar uyar\u0131ld\u0131.<\/p>\n<p>Askerler, \u201cBurada deme\u00e7 verilmesi yasak\u201d uyar\u0131s\u0131n\u0131 yapt\u0131. \u0130mamo\u011flu, uyar\u0131lar\u0131 dikkate alarak konu\u015fmay\u0131 durdurdu beraberindeki heyeti de An\u0131tkabir kurallar\u0131na uymaya davet etti.<\/p>\n<p><strong>ERDO\u011eAN SLOGANLARINA M\u00dcDAHALE ED\u0130LM\u0130YOR<\/strong><\/p>\n<p>Son y\u0131llarda Cumhurba\u015fkan\u0131 ve AKP Genel Ba\u015fkan\u0131 Recep Tayyip Erdo\u011fan&#8217;\u0131n An\u0131tkabir ziyaretlerinde &#8220;Her yer Tayyip, her yer Erdo\u011fan\u201d sloganlar\u0131 at\u0131l\u0131yor. Bu sloganlara m\u00fcdahale edilmemesi tepkiyle kar\u015f\u0131lan\u0131yor.\u00a0\u00a0<\/p>\n<p><img decoding=\"async\" src=\"https:\/\/haberv8.thewpdemo.com\/wp-content\/uploads\/2024\/04\/anitkabirde-imamogluna-mudahale-0.jpg\" \/><\/p>\n<p>\u0130mamo\u011flu ve beraberindeki heyet, An\u0131tkabir avlusunda bulunan 2\u2019nci Cumhurba\u015fkan\u0131 \u0130smet \u0130n\u00f6n\u00fc\u2019n\u00fcn kabrini de ziyaret etti. An\u0131tkabir\u2019in iki farkl\u0131 kap\u0131s\u0131nda kendisini bekleyen vatanda\u015flarla da bulu\u015fan \u0130mamo\u011flu, foto\u011fraf \u00e7ektirip bir s\u00fcre sohbet etti.\u00a0<\/p>\n<p><img decoding=\"async\" src=\"https:\/\/haberv8.thewpdemo.com\/wp-content\/uploads\/2024\/04\/anitkabirde-imamogluna-mudahale-1.jpeg\" \/><\/p>\n<p><strong>&#8220;CHP&#8217;Y\u0130 B\u0130R\u0130NC\u0130 PART\u0130 KONUMUNA GET\u0130RMEN\u0130N MUTLULU\u011eUNU YA\u015eIYORUZ&#8221;<\/strong><\/p>\n<p>\u0130mamo\u011flu, An\u0131tkabir&#8217;de mozoleye \u00e7elenk b\u0131rakt\u0131ktan sonra beraberindeki heyetle birlikte sayg\u0131 duru\u015funda bulundu. An\u0131tkabir \u00d6zel Defterini imzalayan \u0130mamo\u011flu, \u015funlar\u0131 yazd\u0131:<\/p>\n<p>B\u00fcy\u00fck Atat\u00fcrk; Fatih Sultan Mehmet Han\u2019\u0131n milletimize kazand\u0131rd\u0131\u011f\u0131, y\u00fcksek \u015fahsiyetiniz \u00f6nderli\u011finde kahraman T\u00fcrk ordusunun i\u015fgalden kurtard\u0131\u011f\u0131, en de\u011ferli miras\u0131m\u0131z \u0130stanbul\u2019u y\u00f6netmek \u00fczere \u0130stanbullular taraf\u0131ndan yeniden g\u00f6revlendirilmenin onuruyla manevi huzurunuzday\u0131m. Yol arkada\u015flar\u0131m\u0131z ve aziz milletimizle birlikte, \u00e7a\u011fda\u015f T\u00fcrkiye Cumhuriyeti\u2019nin 100&#8217;\u00fcnc\u00fc y\u0131l\u0131nda, kurucusu oldu\u011funuz Cumhuriyet Halk Partisi\u2019ni 47 y\u0131l sonra T\u00fcrkiye\u2019nin birinci partisi konumuna ta\u015f\u0131man\u0131n gururunu ya\u015f\u0131yoruz. Halk\u0131m\u0131z\u0131n bizlere verdi\u011fi g\u00f6rev ve sorumlulu\u011fun bilincindeyiz.<\/p>\n<p>\u00c7a\u011fda\u015f, halk\u00e7\u0131, kapsay\u0131c\u0131 ve t\u00fcm demokratik s\u00fcre\u00e7leri i\u015fleten 21&#8217;inci y\u00fczy\u0131l\u0131n yerel y\u00f6netimler anlay\u0131\u015f\u0131n\u0131 ba\u015far\u0131ya ula\u015ft\u0131rmak i\u00e7in durmaks\u0131z\u0131n \u00e7al\u0131\u015faca\u011f\u0131z. Yolumuzu ayd\u0131nlatmaya devam eden ilkelerinizin, akl\u0131n ve bilimin \u0131\u015f\u0131\u011f\u0131nda ilerleyerek kentlerimizi daha g\u00fczel yar\u0131nlara halk\u0131m\u0131zla birlikte ula\u015ft\u0131raca\u011f\u0131z. Halk\u00e7\u0131 ve sosyal belediyecili\u011fin en g\u00fczel \u00f6rneklerini sunarak, yerelden ba\u015flayarak, T\u00fcrkiye\u2019yi d\u00fcnyan\u0131n \u00f6rnek demokrasileri aras\u0131na ta\u015f\u0131yaca\u011f\u0131z. Emanetiniz emin ellerdedir. Ruhunuz \u015fad olsun.<\/p>\n<p><img decoding=\"async\" src=\"https:\/\/haberv8.thewpdemo.com\/wp-content\/uploads\/2024\/04\/anitkabirde-imamogluna-mudahale-2.jpg\" \/><\/p>\n<p><strong>\u0130mamo\u011flu, An\u0131tkabir ziyaretine bu ara\u00e7la geldi.<\/strong><\/p>\n<p><img decoding=\"async\" src=\"https:\/\/haberv8.thewpdemo.com\/wp-content\/uploads\/2024\/04\/anitkabirde-imamogluna-mudahale-3.jpg\" \/><\/p>\n<p>\u00a0<\/p>\n","protected":false},"excerpt":{"rendered":"<p>\u0130stanbul B\u00fcy\u00fck\u015fehir Belediye Ba\u015fkan\u0131 Ekrem \u0130mamo\u011flu, \u0130stanbul&#8217;daki 26 CHP&#8217;li il\u00e7e belediye ba\u015fkan\u0131 ile birlikte Ata&#8217;n\u0131n huzurunda. FOTO\u011eRAFLAR: YAVUZ ALATAN\u00a0 \u0130mamo\u011flu ve ba\u015fkanlar 31 Mart&#8217;ta se\u00e7ilmelerinin ard\u0131ndan An\u0131tkabir&#8217;i ziyaret etti. \u0130mamo\u011flu&#8217;na e\u015fi Dilek \u0130mamo\u011flu da e\u015flik etti. Ziyarette CHP \u0130stanbul \u0130l Ba\u015fkan\u0131 \u00d6zg\u00fcr \u00c7elik de yer ald\u0131.\u00a0\u00a0 &#8220;\u0130Z\u0130N ALMANIZ GEREK\u0130YOR&#8221; UYARILARI\u00a0 \u0130mamo\u011flu, e\u015fi ve CHP&#8217;li ba\u015fkanlarla [&hellip;]<\/p>\n","protected":false},"author":1,"featured_media":1476,"comment_status":"open","ping_status":"closed","sticky":false,"template":"","format":"standard","meta":{"footnotes":""},"categories":[7],"tags":[25],"class_list":["post-1474","post","type-post","status-publish","format-standard","has-post-thumbnail","hentry","category-gundem","tag-gundem"],"_links":{"self":[{"href":"https:\/\/avukatimtv.com\/index.php\/wp-json\/wp\/v2\/posts\/1474","targetHints":{"allow":["GET"]}}],"collection":[{"href":"https:\/\/avukatimtv.com\/index.php\/wp-json\/wp\/v2\/posts"}],"about":[{"href":"https:\/\/avukatimtv.com\/index.php\/wp-json\/wp\/v2\/types\/post"}],"author":[{"embeddable":true,"href":"https:\/\/avukatimtv.com\/index.php\/wp-json\/wp\/v2\/users\/1"}],"replies":[{"embeddable":true,"href":"https:\/\/avukatimtv.com\/index.php\/wp-json\/wp\/v2\/comments?post=1474"}],"version-history":[{"count":0,"href":"https:\/\/avukatimtv.com\/index.php\/wp-json\/wp\/v2\/posts\/1474\/revisions"}],"wp:featuredmedia":[{"embeddable":true,"href":"https:\/\/avukatimtv.com\/index.php\/wp-json\/wp\/v2\/media\/1476"}],"wp:attachment":[{"href":"https:\/\/avukatimtv.com\/index.php\/wp-json\/wp\/v2\/media?parent=1474"}],"wp:term":[{"taxonomy":"category","embeddable":true,"href":"https:\/\/avukatimtv.com\/index.php\/wp-json\/wp\/v2\/categories?post=1474"},{"taxonomy":"post_tag","embeddable":true,"href":"https:\/\/avukatimtv.com\/index.php\/wp-json\/wp\/v2\/tags?post=1474"}],"curies":[{"name":"wp","href":"https:\/\/api.w.org\/{rel}","templated":true}]}}