{"id":1477,"date":"2024-04-06T16:53:13","date_gmt":"2024-04-06T13:53:13","guid":{"rendered":"https:\/\/haberv8.thewpdemo.com\/yeniden-secilen-zeydan-karalar-mazbatasini-aldi\/-1477.html"},"modified":"2024-04-06T16:53:13","modified_gmt":"2024-04-06T13:53:13","slug":"yeniden-secilen-zeydan-karalar-mazbatasini-aldi","status":"publish","type":"post","link":"https:\/\/avukatimtv.com\/index.php\/2024\/04\/06\/yeniden-secilen-zeydan-karalar-mazbatasini-aldi\/","title":{"rendered":"Yeniden se\u00e7ilen Zeydan Karalar mazbatas\u0131n\u0131 ald\u0131"},"content":{"rendered":"<p><\/p>\n<p>Adana B\u00fcy\u00fck\u015fehir Belediye Ba\u015fkanl\u0131\u011f\u0131&#8217;na ikinci kez se\u00e7ilen Zeydan Karalar, \u0130l Se\u00e7im Kurulu\u2019nda mazbatas\u0131n\u0131 almas\u0131n\u0131n ard\u0131ndan Adana B\u00fcy\u00fck\u015fehir Belediye Binas\u0131 \u00f6n\u00fcndeki kutlama t\u00f6reninde konu\u015ftu.<\/p>\n<p>T\u00f6rene, Cumhuriyet Halk Partisi Genel Ba\u015fkan Yard\u0131mc\u0131s\u0131 Burhanettin Bulut, 9 il\u00e7enin belediye ba\u015fkanlar\u0131, milletvekilleri, siyasiler ve konuklar da kat\u0131ld\u0131.<\/p>\n<p>Co\u015fku dolu t\u00f6rende Ba\u015fkan Zeydan Karalar konu\u015fmas\u0131na, Adana B\u00fcy\u00fck\u015fehir Belediye Binas\u0131&#8217;n\u0131n balkonundan mazbatas\u0131n\u0131 g\u00f6sterip, hem\u015fehrilerine, \u201cBu mazbata sizin\u201d diye seslenerek ba\u015flad\u0131.<\/p>\n<p><strong>&#8220;BA\u015eARININ ARDINDA EMEK, \u00c7ABA, \u0130NANMI\u015eLIK VAR&#8221;<\/strong><\/p>\n<p>B\u00fcy\u00fck\u015fehir ve 9 il\u00e7ede elde edilen ba\u015far\u0131n\u0131n hep birlikte \u00e7ok \u00e7al\u0131\u015farak geldi\u011fini s\u00f6yleyen Ba\u015fkan Zeydan Karalar, \u201cMazbatam\u0131z\u0131n arkas\u0131nda emek var, inanm\u0131\u015fl\u0131k var. Halk\u0131m\u0131za, partimize, genel ba\u015fkan\u0131m\u0131za, MYK\u2019m\u0131za inand\u0131k. T\u00fcrkiye Cumhuriyeti\u2019nin Kurucusu B\u00fcy\u00fck \u00d6nder Mustafa Kemal Atat\u00fcrk\u2019\u00fcn, \u2018umutsuz durumlar yoktur, umutsuz insanlar vard\u0131r\u2019 s\u00f6z\u00fcnden yola \u00e7\u0131karak, yenildi\u011fimiz zamanlarda bile umutsuzlu\u011fa asla d\u00fc\u015fmedik\u201d dedi.<\/p>\n<p><strong>&#8220;TAR\u0130H YAZMAYA DEVAM EDECE\u011e\u0130Z&#8221;<\/strong><\/p>\n<p>Ba\u015fkan Karalar, s\u00f6zlerini \u015f\u00f6yle s\u00fcrd\u00fcrd\u00fc:<\/p>\n<p>\u201cBu d\u00f6nem ba\u015fka bir \u015fey oldu. Halk\u0131m\u0131z ekmek, hukuk, demokrasi i\u00e7in oy verdi. T\u00fcrkiye ittifak\u0131 da Adana ittifak\u0131 da olu\u015ftu. Se\u00e7imlerde hep birlikte tarih yazd\u0131k. B\u00fcy\u00fck\u015fehir\u2019i ikinci kez \u00fcst \u00fcste ald\u0131k.<\/p>\n<p>Adana\u2019da 10 belediye ald\u0131k. Tarih yazmaya devam edece\u011fiz. Bir sonraki se\u00e7imde b\u00fct\u00fcn il\u00e7eleri alaca\u011f\u0131z. Seyhan da Y\u00fcre\u011fir de kalemiz oldu art\u0131k. Ba\u015far\u0131n\u0131n alt\u0131nda yo\u011fun emek ve \u00e7aba var. Her kesimden, d\u00fc\u015f\u00fcnceden hem\u015fehrime te\u015fekk\u00fcr ediyorum. Benim y\u0131llar y\u0131l\u0131 kahr\u0131m\u0131 \u00e7eken e\u015fim Nuray Karalar\u2019a, evlatlar\u0131ma \u00e7ok te\u015fekk\u00fcr ediyorum.\u201d<\/p>\n<p>Karalar, konu\u015fmas\u0131n\u0131 \u015fu s\u00f6zlerle tamamlad\u0131:<\/p>\n<p>\u201cM\u00fcbarek Ramazan Bayram\u0131\u2019n\u0131z\u0131 \u015fimdiden kutluyorum. Genel se\u00e7imi kazanarak iktidar oldu\u011fumuzda her \u015fey \u00e7ok daha g\u00fczel olacak. Cumhuriyet, adalet, hukuk i\u00e7in Mustafa Kemal Atat\u00fcrk\u2019\u00fcn yolundan ayr\u0131lmayaca\u011f\u0131z.\u201d\u00a0<\/p>\n","protected":false},"excerpt":{"rendered":"<p>Adana B\u00fcy\u00fck\u015fehir Belediye Ba\u015fkanl\u0131\u011f\u0131&#8217;na ikinci kez se\u00e7ilen Zeydan Karalar, \u0130l Se\u00e7im Kurulu\u2019nda mazbatas\u0131n\u0131 almas\u0131n\u0131n ard\u0131ndan Adana B\u00fcy\u00fck\u015fehir Belediye Binas\u0131 \u00f6n\u00fcndeki kutlama t\u00f6reninde konu\u015ftu. T\u00f6rene, Cumhuriyet Halk Partisi Genel Ba\u015fkan Yard\u0131mc\u0131s\u0131 Burhanettin Bulut, 9 il\u00e7enin belediye ba\u015fkanlar\u0131, milletvekilleri, siyasiler ve konuklar da kat\u0131ld\u0131. Co\u015fku dolu t\u00f6rende Ba\u015fkan Zeydan Karalar konu\u015fmas\u0131na, Adana B\u00fcy\u00fck\u015fehir Belediye Binas\u0131&#8217;n\u0131n balkonundan mazbatas\u0131n\u0131 [&hellip;]<\/p>\n","protected":false},"author":1,"featured_media":1479,"comment_status":"open","ping_status":"closed","sticky":false,"template":"","format":"standard","meta":{"footnotes":""},"categories":[7],"tags":[25],"class_list":["post-1477","post","type-post","status-publish","format-standard","has-post-thumbnail","hentry","category-gundem","tag-gundem"],"_links":{"self":[{"href":"https:\/\/avukatimtv.com\/index.php\/wp-json\/wp\/v2\/posts\/1477","targetHints":{"allow":["GET"]}}],"collection":[{"href":"https:\/\/avukatimtv.com\/index.php\/wp-json\/wp\/v2\/posts"}],"about":[{"href":"https:\/\/avukatimtv.com\/index.php\/wp-json\/wp\/v2\/types\/post"}],"author":[{"embeddable":true,"href":"https:\/\/avukatimtv.com\/index.php\/wp-json\/wp\/v2\/users\/1"}],"replies":[{"embeddable":true,"href":"https:\/\/avukatimtv.com\/index.php\/wp-json\/wp\/v2\/comments?post=1477"}],"version-history":[{"count":0,"href":"https:\/\/avukatimtv.com\/index.php\/wp-json\/wp\/v2\/posts\/1477\/revisions"}],"wp:featuredmedia":[{"embeddable":true,"href":"https:\/\/avukatimtv.com\/index.php\/wp-json\/wp\/v2\/media\/1479"}],"wp:attachment":[{"href":"https:\/\/avukatimtv.com\/index.php\/wp-json\/wp\/v2\/media?parent=1477"}],"wp:term":[{"taxonomy":"category","embeddable":true,"href":"https:\/\/avukatimtv.com\/index.php\/wp-json\/wp\/v2\/categories?post=1477"},{"taxonomy":"post_tag","embeddable":true,"href":"https:\/\/avukatimtv.com\/index.php\/wp-json\/wp\/v2\/tags?post=1477"}],"curies":[{"name":"wp","href":"https:\/\/api.w.org\/{rel}","templated":true}]}}