{"id":1480,"date":"2024-04-06T16:53:15","date_gmt":"2024-04-06T13:53:15","guid":{"rendered":"https:\/\/haberv8.thewpdemo.com\/iki-motosikletli-kaldirimda-carpisti-1-olu-3-yarali\/-1480.html"},"modified":"2024-04-06T16:53:15","modified_gmt":"2024-04-06T13:53:15","slug":"iki-motosikletli-kaldirimda-carpisti-1-olu-3-yarali","status":"publish","type":"post","link":"https:\/\/avukatimtv.com\/index.php\/2024\/04\/06\/iki-motosikletli-kaldirimda-carpisti-1-olu-3-yarali\/","title":{"rendered":"\u0130ki motosikletli kald\u0131r\u0131mda \u00e7arp\u0131\u015ft\u0131: 1 \u00f6l\u00fc, 3 yaral\u0131"},"content":{"rendered":"<p><\/p>\n<p>Esenyurt&#8217;ta Had\u0131mk\u00f6y Yolu Caddesi&#8217;ndeki kald\u0131r\u0131mda iki motosiklet \u00e7arp\u0131\u015ft\u0131.\u00a0<\/p>\n<p>\u0130hbar \u00fczerine olay yerine polis ve sa\u011fl\u0131k ekipleri sevk edildi.\u00a0<\/p>\n<p>Sa\u011fl\u0131k ekipleri, kazada Tugay Atasoy&#8217;un (29) ya\u015fam\u0131n\u0131 yitirdi\u011fini belirledi. \u00dc\u00e7 yaral\u0131 hastaneye kald\u0131r\u0131ld\u0131.\u00a0<\/p>\n<p>Kazada motosikletten d\u00fc\u015fen Atasoy&#8217;a beton mikserinin \u00e7arp\u0131p \u00e7arpmad\u0131\u011f\u0131n\u0131 ara\u015ft\u0131ran polis ekipleri, \u015fof\u00f6r\u00fc ifadesini almak \u00fczere emniyete g\u00f6t\u00fcrd\u00fc.\u00a0<\/p>\n<p><strong>OTOPS\u0130 YAPILACAK<\/strong><\/p>\n<p>Atasoy&#8217;un cenazesi kesin \u00f6l\u00fcm nedeninin belirlenmesi i\u00e7in Adli T\u0131p Kurumuna g\u00f6t\u00fcr\u00fcld\u00fc.\u00a0<\/p>\n<p>\u00d6te yandan, polisin kaza yerinden ka\u00e7\u0131r\u0131lan bir motosikleti arama \u00e7al\u0131\u015fmalar\u0131 s\u00fcr\u00fcyor.\u00a0<\/p>\n<p>Kaza ise bir ki\u015finin cep telefonu kameras\u0131na yans\u0131d\u0131.<\/p>\n","protected":false},"excerpt":{"rendered":"<p>Esenyurt&#8217;ta Had\u0131mk\u00f6y Yolu Caddesi&#8217;ndeki kald\u0131r\u0131mda iki motosiklet \u00e7arp\u0131\u015ft\u0131.\u00a0 \u0130hbar \u00fczerine olay yerine polis ve sa\u011fl\u0131k ekipleri sevk edildi.\u00a0 Sa\u011fl\u0131k ekipleri, kazada Tugay Atasoy&#8217;un (29) ya\u015fam\u0131n\u0131 yitirdi\u011fini belirledi. \u00dc\u00e7 yaral\u0131 hastaneye kald\u0131r\u0131ld\u0131.\u00a0 Kazada motosikletten d\u00fc\u015fen Atasoy&#8217;a beton mikserinin \u00e7arp\u0131p \u00e7arpmad\u0131\u011f\u0131n\u0131 ara\u015ft\u0131ran polis ekipleri, \u015fof\u00f6r\u00fc ifadesini almak \u00fczere emniyete g\u00f6t\u00fcrd\u00fc.\u00a0 OTOPS\u0130 YAPILACAK Atasoy&#8217;un cenazesi kesin \u00f6l\u00fcm nedeninin [&hellip;]<\/p>\n","protected":false},"author":1,"featured_media":1482,"comment_status":"open","ping_status":"closed","sticky":false,"template":"","format":"standard","meta":{"footnotes":""},"categories":[7],"tags":[25],"class_list":["post-1480","post","type-post","status-publish","format-standard","has-post-thumbnail","hentry","category-gundem","tag-gundem"],"_links":{"self":[{"href":"https:\/\/avukatimtv.com\/index.php\/wp-json\/wp\/v2\/posts\/1480","targetHints":{"allow":["GET"]}}],"collection":[{"href":"https:\/\/avukatimtv.com\/index.php\/wp-json\/wp\/v2\/posts"}],"about":[{"href":"https:\/\/avukatimtv.com\/index.php\/wp-json\/wp\/v2\/types\/post"}],"author":[{"embeddable":true,"href":"https:\/\/avukatimtv.com\/index.php\/wp-json\/wp\/v2\/users\/1"}],"replies":[{"embeddable":true,"href":"https:\/\/avukatimtv.com\/index.php\/wp-json\/wp\/v2\/comments?post=1480"}],"version-history":[{"count":0,"href":"https:\/\/avukatimtv.com\/index.php\/wp-json\/wp\/v2\/posts\/1480\/revisions"}],"wp:featuredmedia":[{"embeddable":true,"href":"https:\/\/avukatimtv.com\/index.php\/wp-json\/wp\/v2\/media\/1482"}],"wp:attachment":[{"href":"https:\/\/avukatimtv.com\/index.php\/wp-json\/wp\/v2\/media?parent=1480"}],"wp:term":[{"taxonomy":"category","embeddable":true,"href":"https:\/\/avukatimtv.com\/index.php\/wp-json\/wp\/v2\/categories?post=1480"},{"taxonomy":"post_tag","embeddable":true,"href":"https:\/\/avukatimtv.com\/index.php\/wp-json\/wp\/v2\/tags?post=1480"}],"curies":[{"name":"wp","href":"https:\/\/api.w.org\/{rel}","templated":true}]}}