{"id":1483,"date":"2024-04-06T16:53:18","date_gmt":"2024-04-06T13:53:18","guid":{"rendered":"https:\/\/haberv8.thewpdemo.com\/ozgur-ozel-ataturkun-partisi-ikinci-partisi-olamaz\/-1483.html"},"modified":"2024-04-06T16:53:18","modified_gmt":"2024-04-06T13:53:18","slug":"ozgur-ozel-ataturkun-partisi-ikinci-partisi-olamaz","status":"publish","type":"post","link":"https:\/\/avukatimtv.com\/index.php\/2024\/04\/06\/ozgur-ozel-ataturkun-partisi-ikinci-partisi-olamaz\/","title":{"rendered":"\u00d6zg\u00fcr \u00d6zel: Atat\u00fcrk\u2019\u00fcn partisi ikinci partisi olamaz"},"content":{"rendered":"<p>CHP Genel Ba\u015fkan\u0131 \u00d6zg\u00fcr \u00d6zel, yerel se\u00e7im sonu\u00e7lar\u0131 i\u00e7in ilk te\u015fekk\u00fcr ziyaretini memleketi Manisa\u2019ya yapmak \u00fczere bug\u00fcn \u0130zmir Adnan Menderes Havaliman\u0131\u2019na geldi. \u00d6zg\u00fcr \u00d6zel, CHP Parti s\u00fc Deniz Y\u00fccel, CHP \u0130zmir \u0130l Ba\u015fkan\u0131 \u015eenol Aslano\u011flu, \u0130zmir B\u00fcy\u00fck\u015fehir Belediyesi Ba\u015fkan\u0131 Cemil Tugay, Manisa B\u00fcy\u00fck\u015fehir Belediye Ba\u015fkan\u0131 Ferdi Zeyrek, CHP\u2019li il\u00e7e belediye ba\u015fkanlar\u0131, CHP \u0130zmir ve Manisa milletvekilleri ve partililer taraf\u0131ndan kar\u015f\u0131land\u0131.<\/p>\n<p>Havaliman\u0131 \u00e7\u0131k\u0131\u015f\u0131nda CHP \u0130zmir \u0130l \u00d6rg\u00fct\u00fc \u00f6nc\u00fcl\u00fc\u011f\u00fcnde toplanan partililere seslenen \u00d6zel, \u015funlar\u0131 s\u00f6yledi:<\/p>\n<p>* &#8220;Kurultay\u0131m\u0131zdan sonra buraya geldi\u011fimizde bizim se\u00e7im otob\u00fcs\u00fcm\u00fcz\u00fc bu alana sokturmam\u0131\u015flard\u0131. \u0130ktidar partisinin aday\u0131 i\u00e7in ise kap\u0131lar\u0131 sonunda kadar a\u00e7t\u0131lar. Bu otob\u00fcs\u00fc buraya sokan \u015fey, otob\u00fcs\u00fcn \u015f\u00f6f\u00f6r\u00fc de\u011fildir. \u00d6zg\u00fcr \u00d6zel\u2019in genel ba\u015fkanl\u0131\u011f\u0131 ya da bir ba\u015fkam\u0131z\u0131n ortaya koydu\u011fu irade de\u011fildir. Bu otob\u00fcs\u00fc buraya sokan g\u00fc\u00e7 sizsiniz, CHP \u00f6rg\u00fct\u00fcd\u00fcr. T\u00fcrkiye\u2019nin d\u00f6rt bir yan\u0131ndaki konu\u015fmalar\u0131mda hep \u0130zmir\u2019e, \u0130zmir\u2019in adaylar\u0131na ve se\u00e7menlerine \u00e7ok seslendim. Onlardan ne \u00e7ok \u015fey bekledi\u011fimi s\u00f6yledim.\u00a0<\/p>\n<p>* Bir de\u011fi\u015fim ba\u015flayacaksa bunun \u0130zmir\u2019den ba\u015flamas\u0131 gerekti\u011fini ifade ettim. Koca bir s\u00fcrecin, ba\u015fta sanc\u0131lar\u0131n ve tart\u0131\u015fmalar\u0131n ama sonras\u0131nda b\u00fcy\u00fck bir kampanyan\u0131n sonunda \u00f6rg\u00fct\u00fcm\u00fcz\u00fcn \u00f6z g\u00fcc\u00fcyle, herhangi bir siyasi partiyle ittifak yapmaks\u0131z\u0131n, adaylar\u0131m\u0131zla birlikte bug\u00fcn bu otob\u00fcs\u00fcn \u00fczerinde sizlerin huzurunuzday\u0131z. Bug\u00fcn \u0130zmir\u2019de ilan etmek isterim ki T\u00fcrkiye genelinde ald\u0131\u011f\u0131m\u0131z y\u00fczde 38 oyla Cumhuriyet Halk Partisi, T\u00fcrkiye\u2019nin birinci partisidir.<\/p>\n<p>* CHP\u2019nin genel ba\u015fkanl\u0131\u011f\u0131na aday oldu\u011fum s\u00fcre\u00e7te kurultay\u0131m\u0131zda \u015funu s\u00f6ylemi\u015ftim; benim inand\u0131\u011f\u0131m bir kural ve benim inand\u0131\u011f\u0131m ger\u00e7ek var. O da Gazi Mustafa Kemal Atat\u00fcrk\u2019\u00fcn partisi ikinci partisi olamaz. Bug\u00fcn CHP, 14 b\u00fcy\u00fck\u015fehir belediyesini kazanm\u0131\u015ft\u0131r. 15. b\u00fcy\u00fck\u015fehir i\u00e7in b\u00fcy\u00fck bir hukuk m\u00fccadelesi i\u00e7indeyiz. 14 b\u00fcy\u00fck\u015fehirde kalsak dahi CHP\u2019den sonra en \u00e7ok b\u00fcy\u00fck\u015fehir kazanan partiden 4 il \u00f6ndeyiz. CHP, 35 il kazanm\u0131\u015ft\u0131r. En yak\u0131n rakibinden 11 il ileridir. \u00dc\u00e7\u00fc b\u00fcy\u00fck\u015fehir belediye ba\u015fkan\u0131 olmak \u00fczere 35 kad\u0131n belediye ba\u015fkan\u0131m\u0131z, ge\u00e7en d\u00f6nem 11 olan say\u0131y\u0131 35\u2019e \u00e7\u0131karken bu konuda en \u00f6nemli katk\u0131 \u0130zmir\u2019de g\u00f6sterdi\u011fimiz 9 kad\u0131n adaydan 8\u2019ini se\u00e7en \u0130zmir\u2019in se\u00e7menlerine aittir.\u00a0<\/p>\n<\/p>\n<p>* T\u00fcrkiye\u2019de neredeyse tamam\u0131 gen\u00e7lik \u00f6rg\u00fctlerimizden gelen 58 gen\u00e7 belediye ba\u015fkan\u0131m\u0131z vard\u0131r. Bu konuda da en b\u00fcy\u00fck te\u015fekk\u00fcr\u00fc \u0130zmir\u2019de aday g\u00f6sterdi\u011fimiz 12 gencimizden 11\u2019ini se\u00e7en \u0130zmir se\u00e7menlerine bor\u00e7luyuz. Tam bu a\u015famada kazananlarla ilgili bir \u015fey s\u00f6ylemeden \u00f6nce 2 tane kaybetmeyenden bahsetmek isterim. Alia\u011fa\u2019da yar\u0131\u015fa ba\u015flad\u0131\u011f\u0131nda y\u00fczde 18 geride olan, siyaseti bu se\u00e7im sonucuyla sonland\u0131rmayan Alia\u011fa aday\u0131m\u0131z \u00c7a\u011fatay G\u00fc\u00e7\u2019e y\u00fcrekten te\u015fekk\u00fcr ediyorum. \u0130zmir Menemen\u2019de kendi hatalar\u0131m\u0131zla ve \u0130zmir\u2019de AK Parti\u2019nin kumpas\u0131yla ellimizden al\u0131nan belediyede, belediye imkanlar\u0131n\u0131n hi\u00e7birimizin el s\u00fcrmedi\u011fi arazilerin sat\u0131\u015f\u0131n\u0131 bir siyasi finans y\u00f6ntemine \u00e7eviren bir adaya kar\u015f\u0131, devletin g\u00fcc\u00fcne kar\u015f\u0131 bir kad\u0131n aday\u0131m\u0131z m\u00fccadeleyi bu se\u00e7im i\u00e7in kazanamad\u0131 gibi g\u00f6r\u00fcn\u00fcyor. Ancak o kayb\u0131n b\u00fct\u00fcn sorumlulu\u011funu t\u00fcm CHP\u2019liler olarak hep birlikte \u00fcstleniyoruz.\u00a0<\/p>\n<p>* Menemen aday\u0131m\u0131z Deniz Kararkurt\u2019a y\u00fcrekten te\u015fekk\u00fcr ediyor, Kubilay\u2019\u0131n kenti Menemen\u2019e ant i\u00e7iyoruz ki gelecek se\u00e7imleri rekor oyla CHP kazanacak. Aday belirleme s\u00fcrecinde \u2018\u0130zmir, partimizin sancak gemisidir\u2019 demi\u015ftim. Bug\u00fcn sanca\u011f\u0131 yere d\u00fc\u015f\u00fcrmeyen, CHP sanca\u011f\u0131n\u0131 onurla, gururla birtak\u0131m k\u00f6t\u00fc niyetlilerin beklentilerin aksine 30 belediyenin 28\u2019ini bize arma\u011fan eden \u0130zmirlilere y\u00fcrekten te\u015fekk\u00fcr ediyorum. Aday belirleme s\u00fcre\u00e7lerinin sonunda \u2018De\u011fi\u015fim nerede\u2019 diyenler \u0130zmir\u2019e baks\u0131nlar demi\u015ftim. \u0130zmir adaylar\u0131 toplam ya\u015f ortamalar\u0131 47 olmak \u00fczere 12\u2019si gen\u00e7, 9\u2019u kad\u0131n adaydan 11\u2019i ve 8\u2019i se\u00e7ildi.\u00a0<\/p>\n<p>* T\u00fcm arkada\u015flar\u0131m\u0131z, \u0130zmir\u2019e en do\u011fru re\u00e7eteyi yazacak olan Dr. Cemil Tugay\u2019\u0131n kaptanl\u0131\u011f\u0131nda y\u00fcr\u00fcyor. Aday belirleme s\u00fcre\u00e7lerinde kimsenin hakk\u0131n\u0131 yemedik. E\u011fer kusurumuz, hatam\u0131z, eksi\u011fimiz varsa da kast\u0131m\u0131z yoktur. Ancak \u0130zmir\u2019in memnuniyet anketlerinde en \u00fcst d\u00fczeyde yer alan 3 arkada\u015f\u0131m\u0131zla devam ettik. Di\u011fer arkada\u015flar\u0131m\u0131za da \u015funu anlatt\u0131k \u0130zmir\u2019in notu k\u0131t, en iyisini hak ediyor. Biz, \u0130zmir\u2019in beklentilerini g\u00f6rd\u00fck, sesini duyduk. O sese kulak veren bir listeyle \u0130zmir\u2019in kar\u015f\u0131s\u0131na \u00e7\u0131kt\u0131k.\u00a0<\/p>\n<p>* \u0130zmir, de\u011fi\u015fime, d\u00f6n\u00fc\u015f\u00fcme ve gelecek g\u00fczel g\u00fcnlere oy verdi, onay verdi. Bundan sonra \u0130zmir, hak etti\u011fini alacak. \u0130zmir, iyi belediyecilik uygulamalar\u0131n\u0131 s\u00fcrd\u00fcrecek. Yap\u0131lanlar\u0131n \u00fcst\u00fcne koyacak. O b\u00fcy\u00fck beklentiye cevap verecek. \u0130zmir, d\u00fcnyada \u015fehirlerin yar\u0131\u015ft\u0131\u011f\u0131 bir s\u00fcre\u00e7te T\u00fcrkiye ile de\u011fil, d\u00fcnyan\u0131n say\u0131l\u0131 kentleriyle yar\u0131\u015facak bir vizyona kavu\u015fmal\u0131d\u0131r. Ben \u00f6rg\u00fct\u00fc dizayn etmeye de\u011fil, \u0130zmir\u2019i d\u00fcnya kenti yapmaya gelen arkada\u015flar\u0131ma g\u00f6n\u00fclden inan\u0131yorum.\u00a0<\/p>\n<p><strong>\u00d6ZEL\u2019DEN CHP \u00d6RG\u00dcTLER\u0130NE \u00c7A\u011eRI<\/strong><\/p>\n<p>* B\u00fct\u00fcn \u00f6rg\u00fct\u00fcm\u00fcze \u00e7a\u011fr\u0131m \u015fudur; elbette \u00f6rg\u00fct belediye ili\u015fkisi \u00f6nemlidir. Ama ne belediyeler \u00f6rg\u00fct\u00fcn y\u00f6netece\u011fi kurumlard\u0131r ne de belediye ba\u015fkanlar\u0131 \u00f6rg\u00fct\u00fcm\u00fcz\u00fcn amirleridir. Eski hastal\u0131klarla bir il\u00e7e se\u00e7imini almak \u00fczerinden yap\u0131labilecek her t\u00fcrl\u00fc m\u00fcdahalede belediye ba\u015fkan\u0131n\u0131n, kamu hizmetinin sunumunda olmad\u0131k taleplerle y\u0131pratmaya giri\u015fen il\u00e7e ba\u015fkan\u0131n\u0131n kar\u015f\u0131nda olaca\u011f\u0131mdan da kimsenin \u015f\u00fcphesi olmas\u0131n.\u00a0<\/p>\n<p>* \u00c7\u00fcnk\u00fc herhangi bir 5 y\u0131la talip de\u011filiz. \u0130ktidarda sosyal demokrat bir parti yok. Atat\u00fcrk\u2019\u00fcn hedeflerini tutturmu\u015f de\u011filiz. Bu s\u00fcre\u00e7te kim hata yaparsa, kim yanl\u0131\u015f yaparsa, Atat\u00fcrk\u2019\u00fcn partisini girdi\u011fi ilk yerel ve ilk genel se\u00e7imde birinci parti yapma ve Atat\u00fcrk\u2019\u00fcn partisini ikinci y\u00fczy\u0131l\u0131n ilk se\u00e7iminde iktidar yapma hedefimize engel olur, bu yolda engel tan\u0131mayaca\u011f\u0131z.<\/p>\n<p><strong>\u201cM\u0130LLET\u0130M\u0130ZDEN KRED\u0130 ALDIK\u201d<\/strong><\/p>\n<p>* Biz milletimizden bir kredi ald\u0131k. Bu kredi bir t\u00fcketici kredisi de\u011fildir. \u00d6yle g\u00f6r\u00fcrsek harcar, bitirir ve kaybederiz. Bu kredi bir yat\u0131r\u0131m kredisidir. Se\u00e7men bize \u20185 y\u0131l iyi y\u00f6netin, 4\u2019\u00fcnc\u00fc y\u0131l\u0131n sonunda karar verece\u011fim. E\u011fer T\u00fcrkiye\u2019nin gelece\u011fine yat\u0131r\u0131m yaparsan\u0131z, kavga etmezseniz, T\u00fcrkiye\u2019yi y\u00f6netmeye haz\u0131r kadrolar\u0131 yeti\u015ftirirseniz size T\u00fcrkiye\u2019yi y\u00f6netmeniz i\u00e7in de daha b\u00fcy\u00fck kredi verece\u011fim\u2019 demi\u015ftir. Se\u00e7menin bu kredisini do\u011fru de\u011ferlendirmek, bu 4 y\u0131l en iyi hizmeti yapmak ve \u00f6rg\u00fct olarak \u00e7ok \u00e7al\u0131\u015fmak durumunday\u0131z. Bug\u00fcn, zafer kazand\u0131\u011f\u0131m\u0131z se\u00e7imin 4. g\u00fcn\u00fc de\u011fildir. Gelecek zafer kazanaca\u011f\u0131m\u0131z se\u00e7imin 4. g\u00fcn\u00fcndeyiz. Bundan sonraki her g\u00fcn\u00fc se\u00e7ime bir g\u00fcn az kalman\u0131n \u00fczerimize y\u00fckledi\u011fi sorumlulukla hep birlikte \u00e7al\u0131\u015fmak durumunday\u0131z.<\/p>\n<p><strong>\u201c\u0130ZM\u0130R SANCAK GEM\u0130M\u0130Z OLMAYA DEVAM ED\u0130YOR\u201d<\/strong><\/p>\n<p>* \u0130zmir\u2019de olmad\u0131\u011f\u0131 gibi davrananlar, takiye yapanlar, partilerinin rozetinden ve genel ba\u015fkanlar\u0131n\u0131n resminden uzak duranlar \u0130zmirlileri kand\u0131ramam\u0131\u015flard\u0131r. Onlar, \u0130zmir\u2019e ya\u015fam bi\u00e7imine sayg\u0131 teminat\u0131n\u0131 veremediler. Ama sak\u0131n, bu zaferin bize kazand\u0131rd\u0131\u011f\u0131 \u00f6zg\u00fcvenle bir tane AK Partiliyi k\u0131rarsa, bir tane MHP\u2019liyiz \u00fczersek ve pek \u00e7o\u011fu Cumhur \u0130ttifak\u0131\u2019ndan gen\u00e7lere, bu partide kendilerine yabanc\u0131 hissettirsek yanl\u0131\u015flar\u0131n en b\u00fcy\u00fc\u011f\u00fcn\u00fc yapm\u0131\u015f oluruz. Davet ettik geldiler. Buras\u0131 baba evidir. Baba evinde herkese yer var. Baba evinde herkes huzur i\u00e7inde oturabilir. Baba evinde karde\u015flerin biri ba\u015f\u0131n\u0131 a\u00e7ar, \u00f6b\u00fcr\u00fc kapar. Baba kimseye kar\u0131\u015fmaz. Baba evinin bir odas\u0131nda biri e\u011flenir, di\u011feri ibadet eder. Baba evi b\u00f6yledir. \u0130zmir birlikte ya\u015faman\u0131n, birlikte y\u00f6netmenin, kendinden olmayana da kendi hakk\u0131ndan fazla sahip \u00e7\u0131kan ho\u015fg\u00f6r\u00fcn\u00fcn kentidir. Bunu b\u00fct\u00fcn T\u00fcrkiye\u2019ye g\u00f6sterece\u011fiz. Bundan sonra \u0130zmir, b\u00fcy\u00fck iktidar y\u00fcr\u00fcy\u00fc\u015f\u00fcm\u00fcz\u00fcn en \u00f6nemli ad\u0131mlar\u0131n\u0131 ataca\u011f\u0131z, sancak gemimiz olmaya devam ediyor.\u00a0<\/p>\n<p><strong>\u201c\u0130ZM\u0130R \u0130TT\u0130FAKI, T\u00dcRK\u0130YE\u2019DE T\u00dcRK\u0130YE \u0130TT\u0130FAKI KAZANDI\u201d<\/strong><\/p>\n<p>* \u0130zmir\u2019de \u0130zmir ittifak\u0131, T\u00fcrkiye\u2019de T\u00fcrkiye ittifak\u0131 kazand\u0131. T\u00fcrkiye ittifak\u0131 \u00f6tekisinin olmad\u0131\u011f\u0131 ittifakt\u0131r. T\u00fcrkiye ittifak\u0131 g\u00fcc\u00fcn\u00fc ay-y\u0131ld\u0131zdan al\u0131r. Bizimle birlikte olan t\u00fcm muhafazakar demokratlara, milliyet\u00e7i demokratlara, t\u00fcm romanlara, t\u00fcm siyasi g\u00f6r\u00fc\u015flere sayg\u0131lar\u0131m\u0131z\u0131 ve sevgililerimizi sunuyoruz.\u201d<\/p>\n","protected":false},"excerpt":{"rendered":"<p>CHP Genel Ba\u015fkan\u0131 \u00d6zg\u00fcr \u00d6zel, yerel se\u00e7im sonu\u00e7lar\u0131 i\u00e7in ilk te\u015fekk\u00fcr ziyaretini memleketi Manisa\u2019ya yapmak \u00fczere bug\u00fcn \u0130zmir Adnan Menderes Havaliman\u0131\u2019na geldi. \u00d6zg\u00fcr \u00d6zel, CHP Parti s\u00fc Deniz Y\u00fccel, CHP \u0130zmir \u0130l Ba\u015fkan\u0131 \u015eenol Aslano\u011flu, \u0130zmir B\u00fcy\u00fck\u015fehir Belediyesi Ba\u015fkan\u0131 Cemil Tugay, Manisa B\u00fcy\u00fck\u015fehir Belediye Ba\u015fkan\u0131 Ferdi Zeyrek, CHP\u2019li il\u00e7e belediye ba\u015fkanlar\u0131, CHP \u0130zmir ve Manisa [&hellip;]<\/p>\n","protected":false},"author":1,"featured_media":1485,"comment_status":"open","ping_status":"closed","sticky":false,"template":"","format":"standard","meta":{"footnotes":""},"categories":[7],"tags":[25],"class_list":["post-1483","post","type-post","status-publish","format-standard","has-post-thumbnail","hentry","category-gundem","tag-gundem"],"_links":{"self":[{"href":"https:\/\/avukatimtv.com\/index.php\/wp-json\/wp\/v2\/posts\/1483","targetHints":{"allow":["GET"]}}],"collection":[{"href":"https:\/\/avukatimtv.com\/index.php\/wp-json\/wp\/v2\/posts"}],"about":[{"href":"https:\/\/avukatimtv.com\/index.php\/wp-json\/wp\/v2\/types\/post"}],"author":[{"embeddable":true,"href":"https:\/\/avukatimtv.com\/index.php\/wp-json\/wp\/v2\/users\/1"}],"replies":[{"embeddable":true,"href":"https:\/\/avukatimtv.com\/index.php\/wp-json\/wp\/v2\/comments?post=1483"}],"version-history":[{"count":0,"href":"https:\/\/avukatimtv.com\/index.php\/wp-json\/wp\/v2\/posts\/1483\/revisions"}],"wp:featuredmedia":[{"embeddable":true,"href":"https:\/\/avukatimtv.com\/index.php\/wp-json\/wp\/v2\/media\/1485"}],"wp:attachment":[{"href":"https:\/\/avukatimtv.com\/index.php\/wp-json\/wp\/v2\/media?parent=1483"}],"wp:term":[{"taxonomy":"category","embeddable":true,"href":"https:\/\/avukatimtv.com\/index.php\/wp-json\/wp\/v2\/categories?post=1483"},{"taxonomy":"post_tag","embeddable":true,"href":"https:\/\/avukatimtv.com\/index.php\/wp-json\/wp\/v2\/tags?post=1483"}],"curies":[{"name":"wp","href":"https:\/\/api.w.org\/{rel}","templated":true}]}}