{"id":1486,"date":"2024-04-06T16:53:21","date_gmt":"2024-04-06T13:53:21","guid":{"rendered":"https:\/\/haberv8.thewpdemo.com\/akpliler-itiraz-etmisti-iste-istanbulda-iki-ilcede-son-durum\/-1486.html"},"modified":"2024-04-06T16:53:21","modified_gmt":"2024-04-06T13:53:21","slug":"akpliler-itiraz-etmisti-iste-istanbulda-iki-ilcede-son-durum","status":"publish","type":"post","link":"https:\/\/avukatimtv.com\/index.php\/2024\/04\/06\/akpliler-itiraz-etmisti-iste-istanbulda-iki-ilcede-son-durum\/","title":{"rendered":"AKP&#8217;liler itiraz etmi\u015fti&#8230; \u0130\u015fte \u0130stanbul&#8217;da iki il\u00e7ede\u00a0son\u00a0durum!"},"content":{"rendered":"<p>\u0130stanbul&#8217;da yerel se\u00e7imlerle ilgili itiraz s\u00fcreci devam ediyor. CHP adaylar\u0131n\u0131n yar\u0131\u015f\u0131 \u00f6nde bitirdi\u011fi Gaziosmanpa\u015fa&#8217;da yeniden say\u0131m s\u00fcreci devam ediyor.\u00a0<\/p>\n<\/p>\n<p>CHP \u00f6rg\u00fct\u00fc se\u00e7im yar\u0131\u015f\u0131n\u0131n k\u0131yas\u0131ya ge\u00e7ti\u011fi Arnavutk\u00f6y, \u00dcmraniye ve Fatih il\u00e7eleri i\u00e7in \u0130l Se\u00e7im Kurulu&#8217;na ba\u015fvuru yapt\u0131, Pendik ve Bah\u00e7elievler i\u00e7in de bug\u00fcn ba\u015fvuru yap\u0131lacak.<\/p>\n<p><img decoding=\"async\" src=\"https:\/\/haberv8.thewpdemo.com\/wp-content\/uploads\/2024\/04\/akpliler-itiraz-etmisti-iste-istanbulda-iki-ilcede-son-durum-0.jpg\" \/><\/p>\n<p>CHP \u0130stanbul \u0130l Ba\u015fkan\u0131 \u00d6zg\u00fcr \u00c7elik, d\u00fcn ak\u015fam saatlerinde CHP Meclis Grup Ba\u015fkanvekili G\u00f6khan G\u00fcnayd\u0131n, CHP Milletvekili Turan Ta\u015fk\u0131n \u00d6zer ve Parti Meclis \u00fcyeleriyle birlikte oylar\u0131n yeniden say\u0131ld\u0131\u011f\u0131 Gaziosmanpa\u015fa \u0130l\u00e7e Se\u00e7im Kurulu\u2019na gitmi\u015fti.<\/p>\n<p>\u00c7\u0131k\u0131\u015fta partililere seslenen \u00c7elik \u201c\u015eu ana kadar 301 sand\u0131k say\u0131ld\u0131. Hakan Bah\u00e7etepe 945 oyla \u00f6nde. Gaziosmanpa\u015fa\u2019da sand\u0131ktan \u00e7\u0131kan iradenin masa ba\u015f\u0131nda de\u011fi\u015ftirilmesine izin vermeyiz. S\u00fcrecin s\u0131k\u0131 takip\u00e7isiyiz. Hakan Bah\u00e7etepe, Gaziosmanpa\u015fa\u2019n\u0131n \u00a0belediye ba\u015fkan\u0131d\u0131r&#8221; demi\u015fti.<\/p>\n<p>CHP \u0130stanbul \u0130l Ba\u015fkan\u0131 \u00d6zg\u00fcr \u00c7elik, Beykoz&#8217;da CHP aday\u0131 Alaattin K\u00f6seler&#8217;in se\u00e7imi kazand\u0131\u011f\u0131n\u0131n kesinle\u015fti\u011fini a\u00e7\u0131klad\u0131.<\/p>\n<p>\u00c7elik&#8217;in a\u00e7\u0131klamas\u0131 \u015f\u00f6yle:<\/p>\n<p>-YSK\u2019ya yapt\u0131\u011f\u0131m\u0131z itiraz kabul edildi, Beykoz\u2019da il se\u00e7im kurulunun yeniden say\u0131m karar\u0131 YSK taraf\u0131ndan kald\u0131r\u0131ld\u0131.<\/p>\n<p>-Beykoz Belediye Ba\u015fkan\u0131m\u0131z Alaattin K\u00f6seler\u2019in mazbatas\u0131n\u0131 almas\u0131n\u0131n \u00f6n\u00fcnde hi\u00e7 bir engel kalmad\u0131!<\/p>\n<p>-Gaziosmanpa\u015fa\u2019da say\u0131m devam ediyor. Bah\u00e7elievler, Pendik, \u00dcmraniye, Arnavutk\u00f6y ve Bah\u00e7elievler\u2019de itirazlar\u0131m\u0131z devam ediyor. S\u00fcrecin titizlikle takip\u00e7isiyiz!<\/p>\n<p>Gaziosmanpa\u015fa&#8217;da CHP&#8217;nin aday\u0131 Hakan Bah\u00e7etepe resmi olmayan sonu\u00e7lara g\u00f6re y\u00fczde 40,45 oy oran\u0131 ile se\u00e7imi kazanm\u0131\u015ft\u0131&#8230;<\/p>\n<p>Beykoz&#8217;da ise CHP Aday\u0131 Alaattin K\u00f6seler y\u00fczde 45.87 oyla se\u00e7imi kazan\u0131rken, AKP Aday\u0131 Murat Ayd\u0131n ise y\u00fczde 44.91 oyla ikinci s\u0131rada yer alm\u0131\u015ft\u0131.\u00a0<\/p>\n","protected":false},"excerpt":{"rendered":"<p>\u0130stanbul&#8217;da yerel se\u00e7imlerle ilgili itiraz s\u00fcreci devam ediyor. CHP adaylar\u0131n\u0131n yar\u0131\u015f\u0131 \u00f6nde bitirdi\u011fi Gaziosmanpa\u015fa&#8217;da yeniden say\u0131m s\u00fcreci devam ediyor.\u00a0 CHP \u00f6rg\u00fct\u00fc se\u00e7im yar\u0131\u015f\u0131n\u0131n k\u0131yas\u0131ya ge\u00e7ti\u011fi Arnavutk\u00f6y, \u00dcmraniye ve Fatih il\u00e7eleri i\u00e7in \u0130l Se\u00e7im Kurulu&#8217;na ba\u015fvuru yapt\u0131, Pendik ve Bah\u00e7elievler i\u00e7in de bug\u00fcn ba\u015fvuru yap\u0131lacak. CHP \u0130stanbul \u0130l Ba\u015fkan\u0131 \u00d6zg\u00fcr \u00c7elik, d\u00fcn ak\u015fam saatlerinde CHP Meclis [&hellip;]<\/p>\n","protected":false},"author":1,"featured_media":1488,"comment_status":"open","ping_status":"closed","sticky":false,"template":"","format":"standard","meta":{"footnotes":""},"categories":[7],"tags":[25],"class_list":["post-1486","post","type-post","status-publish","format-standard","has-post-thumbnail","hentry","category-gundem","tag-gundem"],"_links":{"self":[{"href":"https:\/\/avukatimtv.com\/index.php\/wp-json\/wp\/v2\/posts\/1486","targetHints":{"allow":["GET"]}}],"collection":[{"href":"https:\/\/avukatimtv.com\/index.php\/wp-json\/wp\/v2\/posts"}],"about":[{"href":"https:\/\/avukatimtv.com\/index.php\/wp-json\/wp\/v2\/types\/post"}],"author":[{"embeddable":true,"href":"https:\/\/avukatimtv.com\/index.php\/wp-json\/wp\/v2\/users\/1"}],"replies":[{"embeddable":true,"href":"https:\/\/avukatimtv.com\/index.php\/wp-json\/wp\/v2\/comments?post=1486"}],"version-history":[{"count":0,"href":"https:\/\/avukatimtv.com\/index.php\/wp-json\/wp\/v2\/posts\/1486\/revisions"}],"wp:featuredmedia":[{"embeddable":true,"href":"https:\/\/avukatimtv.com\/index.php\/wp-json\/wp\/v2\/media\/1488"}],"wp:attachment":[{"href":"https:\/\/avukatimtv.com\/index.php\/wp-json\/wp\/v2\/media?parent=1486"}],"wp:term":[{"taxonomy":"category","embeddable":true,"href":"https:\/\/avukatimtv.com\/index.php\/wp-json\/wp\/v2\/categories?post=1486"},{"taxonomy":"post_tag","embeddable":true,"href":"https:\/\/avukatimtv.com\/index.php\/wp-json\/wp\/v2\/tags?post=1486"}],"curies":[{"name":"wp","href":"https:\/\/api.w.org\/{rel}","templated":true}]}}