{"id":1489,"date":"2024-04-06T16:53:24","date_gmt":"2024-04-06T13:53:24","guid":{"rendered":"https:\/\/haberv8.thewpdemo.com\/abbden-buyuk-yanginla-ilgili-aciklama\/-1489.html"},"modified":"2024-04-06T16:53:24","modified_gmt":"2024-04-06T13:53:24","slug":"abbden-buyuk-yanginla-ilgili-aciklama","status":"publish","type":"post","link":"https:\/\/avukatimtv.com\/index.php\/2024\/04\/06\/abbden-buyuk-yanginla-ilgili-aciklama\/","title":{"rendered":"ABB\u2019den b\u00fcy\u00fck yang\u0131nla ilgili a\u00e7\u0131klama"},"content":{"rendered":"<p>Ankara B\u00fcy\u00fck\u015fehir Belediyesi, sanayi sitesinde \u00e7\u0131kan yang\u0131n\u0131n b\u00fcy\u00fck \u00f6l\u00e7\u00fcde kontrol alt\u0131na al\u0131nd\u0131\u011f\u0131n\u0131 a\u00e7\u0131klad\u0131. Yang\u0131n\u0131n toprak d\u00f6k\u00fclerek hapsedildi\u011fi, ba\u015fka yerlere ula\u015fmas\u0131n\u0131n engellendi\u011fi belirtildi.<\/p>\n","protected":false},"excerpt":{"rendered":"<p>Ankara B\u00fcy\u00fck\u015fehir Belediyesi, sanayi sitesinde \u00e7\u0131kan yang\u0131n\u0131n b\u00fcy\u00fck \u00f6l\u00e7\u00fcde kontrol alt\u0131na al\u0131nd\u0131\u011f\u0131n\u0131 a\u00e7\u0131klad\u0131. Yang\u0131n\u0131n toprak d\u00f6k\u00fclerek hapsedildi\u011fi, ba\u015fka yerlere ula\u015fmas\u0131n\u0131n engellendi\u011fi belirtildi.<\/p>\n","protected":false},"author":1,"featured_media":1491,"comment_status":"open","ping_status":"closed","sticky":false,"template":"","format":"standard","meta":{"footnotes":""},"categories":[7],"tags":[25],"class_list":["post-1489","post","type-post","status-publish","format-standard","has-post-thumbnail","hentry","category-gundem","tag-gundem"],"_links":{"self":[{"href":"https:\/\/avukatimtv.com\/index.php\/wp-json\/wp\/v2\/posts\/1489","targetHints":{"allow":["GET"]}}],"collection":[{"href":"https:\/\/avukatimtv.com\/index.php\/wp-json\/wp\/v2\/posts"}],"about":[{"href":"https:\/\/avukatimtv.com\/index.php\/wp-json\/wp\/v2\/types\/post"}],"author":[{"embeddable":true,"href":"https:\/\/avukatimtv.com\/index.php\/wp-json\/wp\/v2\/users\/1"}],"replies":[{"embeddable":true,"href":"https:\/\/avukatimtv.com\/index.php\/wp-json\/wp\/v2\/comments?post=1489"}],"version-history":[{"count":0,"href":"https:\/\/avukatimtv.com\/index.php\/wp-json\/wp\/v2\/posts\/1489\/revisions"}],"wp:featuredmedia":[{"embeddable":true,"href":"https:\/\/avukatimtv.com\/index.php\/wp-json\/wp\/v2\/media\/1491"}],"wp:attachment":[{"href":"https:\/\/avukatimtv.com\/index.php\/wp-json\/wp\/v2\/media?parent=1489"}],"wp:term":[{"taxonomy":"category","embeddable":true,"href":"https:\/\/avukatimtv.com\/index.php\/wp-json\/wp\/v2\/categories?post=1489"},{"taxonomy":"post_tag","embeddable":true,"href":"https:\/\/avukatimtv.com\/index.php\/wp-json\/wp\/v2\/tags?post=1489"}],"curies":[{"name":"wp","href":"https:\/\/api.w.org\/{rel}","templated":true}]}}