{"id":1492,"date":"2024-04-06T16:53:31","date_gmt":"2024-04-06T13:53:31","guid":{"rendered":"https:\/\/haberv8.thewpdemo.com\/ysk-mazbata-abdullah-zeydana-verilsin\/-1492.html"},"modified":"2024-04-06T16:53:31","modified_gmt":"2024-04-06T13:53:31","slug":"ysk-mazbata-abdullah-zeydana-verilsin","status":"publish","type":"post","link":"https:\/\/avukatimtv.com\/index.php\/2024\/04\/06\/ysk-mazbata-abdullah-zeydana-verilsin\/","title":{"rendered":"YSK: Mazbata Abdullah Zeydan&#8217;a verilsin"},"content":{"rendered":"<p>Van \u0130l Se\u00e7im Kurulu Ba\u015fkanl\u0131\u011f\u0131, DEM Partili Abdullah Zeydan&#8217;\u0131n &#8220;se\u00e7ime yeterlili\u011fi olmad\u0131\u011f\u0131&#8221; gerek\u00e7esiyle &#8220;se\u00e7ilmemi\u015f say\u0131lmas\u0131na&#8221; ve sonraki en \u00e7ok oy alan ve se\u00e7ilme yeterlili\u011fine sahip ikinci s\u0131radaki adaya mazbatan\u0131n teslim edilmesine oy \u00e7oklu\u011fuyla karar verdi.<\/p>\n<p>DEM Parti, Van \u0130l Se\u00e7im Kurulu&#8217;nun, oy \u00e7oklu\u011fu ile ald\u0131\u011f\u0131 karar\u0131 YSK&#8217;ya ta\u015f\u0131d\u0131.<\/p>\n<p><strong>YSK, KARARINI VERD\u0130<\/strong><\/p>\n<p>Y\u00fcksek Se\u00e7im Kurulu, g\u00fcndem toplant\u0131s\u0131nda ba\u015fvuruyu ele ald\u0131. Partinin itiraz\u0131n\u0131 kabul eden Kurul, mazbatan\u0131n 7 \u00fcyenin kabul, 4 \u00fcyenin ret oyu ile Abdullah Zeydan&#8217;a verilmesine h\u00fckmetti.<\/p>\n<p><strong>DEM&#8217;DEN \u0130LK A\u00c7IKLAMA GELD\u0130<\/strong><\/p>\n<p>Karara ili\u015fkin YSK \u00f6n\u00fcnde a\u00e7\u0131klama yapan, DEM Parti YSK Temsilcisi Mehmet R\u00fc\u015ft\u00fc Tiryaki de YSK&#8217;nin oy \u00e7oklu\u011fuyla itirazlar\u0131n\u0131 kabul etti\u011fini belirterek, &#8220;Y\u00fcksek Se\u00e7im Kurulu&#8217;nun kararlar\u0131 bildi\u011finiz gibi kesin. Herhangi bir itiraz olana\u011f\u0131 yok. Anayasa Mahkemesi denetimine de tabii de\u011fil. Dolay\u0131s\u0131yla ba\u015fvurulacak ba\u015fka bir makam olmad\u0131\u011f\u0131 i\u00e7in mazbata Abdullah Zeydan&#8217;a verilecek.&#8221; diye konu\u015ftu.<\/p>\n<p>YSK&#8217;n\u0131n karar\u0131 sonras\u0131 DEM Partililer, il ba\u015fkanl\u0131\u011f\u0131 binas\u0131 \u00f6n\u00fcnde kutlama yapt\u0131.\u00a0<\/p>\n<p><strong>YSK&#8217;NIN MAZBATAYI ZEYDAN&#8217;A VERME KARARI Y\u00dcR\u00dcRL\u00dc\u011eE G\u0130RD\u0130<\/strong><\/p>\n<p>Y\u00fcksek Se\u00e7im Kurulu&#8217;nun (YSK), Van B\u00fcy\u00fck\u015fehir Belediye Ba\u015fkan\u0131 se\u00e7ilen Abdullah Zeydan&#8217;a mazbatas\u0131n\u0131n verilmesi y\u00f6n\u00fcndeki oy \u00e7oklu\u011fuyla ald\u0131\u011f\u0131 karar, kesinle\u015fti ve y\u00fcr\u00fcrl\u00fc\u011fe girdi.<\/p>\n<\/p>\n<p><strong>B\u00dcY\u00dcK KR\u0130ZE NEDEN OLMU\u015eTU<\/strong><\/p>\n<p>Abdullah Zeydan\u2019\u0131n memnu (yasakl\u0131) haklar\u0131n\u0131n geri al\u0131nmas\u0131 AKP aday\u0131 Abdulahat Arvas\u2019a vermesi \u00fczerine DEM Partililer durumu protesto etmi\u015fti.\u00a0<\/p>\n<p>\u00c7\u0131kan olaylara emniyet g\u00fc\u00e7leri m\u00fcdahale etmi\u015f ve \u00e7ok say\u0131da ki\u015fi de g\u00f6zalt\u0131na al\u0131nm\u0131\u015ft\u0131.<\/p>\n","protected":false},"excerpt":{"rendered":"<p>Van \u0130l Se\u00e7im Kurulu Ba\u015fkanl\u0131\u011f\u0131, DEM Partili Abdullah Zeydan&#8217;\u0131n &#8220;se\u00e7ime yeterlili\u011fi olmad\u0131\u011f\u0131&#8221; gerek\u00e7esiyle &#8220;se\u00e7ilmemi\u015f say\u0131lmas\u0131na&#8221; ve sonraki en \u00e7ok oy alan ve se\u00e7ilme yeterlili\u011fine sahip ikinci s\u0131radaki adaya mazbatan\u0131n teslim edilmesine oy \u00e7oklu\u011fuyla karar verdi. DEM Parti, Van \u0130l Se\u00e7im Kurulu&#8217;nun, oy \u00e7oklu\u011fu ile ald\u0131\u011f\u0131 karar\u0131 YSK&#8217;ya ta\u015f\u0131d\u0131. YSK, KARARINI VERD\u0130 Y\u00fcksek Se\u00e7im Kurulu, g\u00fcndem [&hellip;]<\/p>\n","protected":false},"author":1,"featured_media":1494,"comment_status":"open","ping_status":"closed","sticky":false,"template":"","format":"standard","meta":{"footnotes":""},"categories":[7],"tags":[25],"class_list":["post-1492","post","type-post","status-publish","format-standard","has-post-thumbnail","hentry","category-gundem","tag-gundem"],"_links":{"self":[{"href":"https:\/\/avukatimtv.com\/index.php\/wp-json\/wp\/v2\/posts\/1492","targetHints":{"allow":["GET"]}}],"collection":[{"href":"https:\/\/avukatimtv.com\/index.php\/wp-json\/wp\/v2\/posts"}],"about":[{"href":"https:\/\/avukatimtv.com\/index.php\/wp-json\/wp\/v2\/types\/post"}],"author":[{"embeddable":true,"href":"https:\/\/avukatimtv.com\/index.php\/wp-json\/wp\/v2\/users\/1"}],"replies":[{"embeddable":true,"href":"https:\/\/avukatimtv.com\/index.php\/wp-json\/wp\/v2\/comments?post=1492"}],"version-history":[{"count":0,"href":"https:\/\/avukatimtv.com\/index.php\/wp-json\/wp\/v2\/posts\/1492\/revisions"}],"wp:featuredmedia":[{"embeddable":true,"href":"https:\/\/avukatimtv.com\/index.php\/wp-json\/wp\/v2\/media\/1494"}],"wp:attachment":[{"href":"https:\/\/avukatimtv.com\/index.php\/wp-json\/wp\/v2\/media?parent=1492"}],"wp:term":[{"taxonomy":"category","embeddable":true,"href":"https:\/\/avukatimtv.com\/index.php\/wp-json\/wp\/v2\/categories?post=1492"},{"taxonomy":"post_tag","embeddable":true,"href":"https:\/\/avukatimtv.com\/index.php\/wp-json\/wp\/v2\/tags?post=1492"}],"curies":[{"name":"wp","href":"https:\/\/api.w.org\/{rel}","templated":true}]}}