{"id":1501,"date":"2024-04-06T16:53:46","date_gmt":"2024-04-06T13:53:46","guid":{"rendered":"https:\/\/haberv8.thewpdemo.com\/bahceliden-yerel-secim-sonuclarina-iliskin-ilk-degerlendirme\/-1501.html"},"modified":"2024-04-06T16:53:46","modified_gmt":"2024-04-06T13:53:46","slug":"bahceliden-yerel-secim-sonuclarina-iliskin-ilk-degerlendirme","status":"publish","type":"post","link":"https:\/\/avukatimtv.com\/index.php\/2024\/04\/06\/bahceliden-yerel-secim-sonuclarina-iliskin-ilk-degerlendirme\/","title":{"rendered":"Bah\u00e7eli&#8217;den yerel se\u00e7im sonu\u00e7lar\u0131na ili\u015fkin ilk de\u011ferlendirme"},"content":{"rendered":"<p>MHP lideri Devlet Bah\u00e7eli, yerel se\u00e7im sonu\u00e7lar\u0131n\u0131 de\u011ferlendirdi. Bah\u00e7eli &#8220;MHP demokratik mesaj\u0131 alm\u0131\u015f, se\u00e7im sonu\u00e7lar\u0131n\u0131n de\u011ferlendirmesini yapmak \u00fczere kollar\u0131 s\u0131vam\u0131\u015ft\u0131r&#8221; dedi.<\/p>\n","protected":false},"excerpt":{"rendered":"<p>MHP lideri Devlet Bah\u00e7eli, yerel se\u00e7im sonu\u00e7lar\u0131n\u0131 de\u011ferlendirdi. Bah\u00e7eli &#8220;MHP demokratik mesaj\u0131 alm\u0131\u015f, se\u00e7im sonu\u00e7lar\u0131n\u0131n de\u011ferlendirmesini yapmak \u00fczere kollar\u0131 s\u0131vam\u0131\u015ft\u0131r&#8221; dedi.<\/p>\n","protected":false},"author":1,"featured_media":1503,"comment_status":"open","ping_status":"closed","sticky":false,"template":"","format":"standard","meta":{"footnotes":""},"categories":[7],"tags":[25],"class_list":["post-1501","post","type-post","status-publish","format-standard","has-post-thumbnail","hentry","category-gundem","tag-gundem"],"_links":{"self":[{"href":"https:\/\/avukatimtv.com\/index.php\/wp-json\/wp\/v2\/posts\/1501","targetHints":{"allow":["GET"]}}],"collection":[{"href":"https:\/\/avukatimtv.com\/index.php\/wp-json\/wp\/v2\/posts"}],"about":[{"href":"https:\/\/avukatimtv.com\/index.php\/wp-json\/wp\/v2\/types\/post"}],"author":[{"embeddable":true,"href":"https:\/\/avukatimtv.com\/index.php\/wp-json\/wp\/v2\/users\/1"}],"replies":[{"embeddable":true,"href":"https:\/\/avukatimtv.com\/index.php\/wp-json\/wp\/v2\/comments?post=1501"}],"version-history":[{"count":0,"href":"https:\/\/avukatimtv.com\/index.php\/wp-json\/wp\/v2\/posts\/1501\/revisions"}],"wp:featuredmedia":[{"embeddable":true,"href":"https:\/\/avukatimtv.com\/index.php\/wp-json\/wp\/v2\/media\/1503"}],"wp:attachment":[{"href":"https:\/\/avukatimtv.com\/index.php\/wp-json\/wp\/v2\/media?parent=1501"}],"wp:term":[{"taxonomy":"category","embeddable":true,"href":"https:\/\/avukatimtv.com\/index.php\/wp-json\/wp\/v2\/categories?post=1501"},{"taxonomy":"post_tag","embeddable":true,"href":"https:\/\/avukatimtv.com\/index.php\/wp-json\/wp\/v2\/tags?post=1501"}],"curies":[{"name":"wp","href":"https:\/\/api.w.org\/{rel}","templated":true}]}}